{"id":9983,"date":"2009-09-17T00:00:00","date_gmt":"2009-09-17T00:00:00","guid":{"rendered":"https:\/\/des-mza.infd.edu.ar\/sitio\/reunion-de-coordinadores-de-carreras-de-profesorados-de-educacion-artistica\/"},"modified":"2009-09-17T00:00:00","modified_gmt":"2009-09-17T00:00:00","slug":"reunion-de-coordinadores-de-carreras-de-profesorados-de-educacion-artistica","status":"publish","type":"post","link":"https:\/\/superior-infd.mendoza.edu.ar\/sitio\/reunion-de-coordinadores-de-carreras-de-profesorados-de-educacion-artistica\/","title":{"rendered":"Reuni\u00f3n de Coordinadores de Carreras de Profesorados de Educaci\u00f3n Art\u00edstica"},"content":{"rendered":"<p class=\"sitio_noticia_volanta\" >\n<h3>Reuni\u00f3n de Coordinadores de Carreras de Profesorados de Educaci\u00f3n Art\u00edstica<\/h3>\n<p class=\"sitio_noticia_copete\" >\n<hr class=\"sitio_noticia_contenido\" \/>\n<p >\n<p><span style=\"font-size: 10pt;\"><span style=\"font-family: verdana,geneva;\"><span lang=\"ES\"><img decoding=\"async\" loading=\"lazy\" src=\"https:\/\/superior-infd.mendoza.edu.ar\/sitio\/wp-content\/uploads\/2018\/08\/Folder_Music.jpg\" border=\"0\" width=\"51\" height=\"51\"><\/span><\/span><\/span><span style=\"font-size: 10pt;\"><span style=\"font-family: verdana,geneva;\"><strong><span lang=\"ES\">Sr\/a.  Rector\/a<\/span><\/strong><\/span><\/span><\/p>\n<p><span style=\"font-size: 10pt;\"><span style=\"font-family: verdana,geneva;\"><strong><\/strong><\/span><\/span><\/p>\n<p style=\"text-align: justify;\"><span style=\"font-size: 10pt;\"><span style=\"font-family: verdana,geneva;\"><span lang=\"ES\">Estimados colegas:<\/span><\/span><\/span><\/p>\n<p style=\"text-align: justify;\"><span style=\"font-size: 10pt;\"><span style=\"font-family: verdana,geneva;\"><span lang=\"ES\">&nbsp;&nbsp;&nbsp;&nbsp;&nbsp;&nbsp;&nbsp;&nbsp;&nbsp;&nbsp;&nbsp;&nbsp;&nbsp;&nbsp;&nbsp;&nbsp;&nbsp;&nbsp;&nbsp;&nbsp;&nbsp;&nbsp;&nbsp;&nbsp;&nbsp;&nbsp;&nbsp;&nbsp;&nbsp;&nbsp;&nbsp;&nbsp;&nbsp;&nbsp;  Por la presente convocamos a una <strong>Reuni&oacute;n de Coordinadores de  Carreras de Profesorados de Educaci&oacute;n Art&iacute;stica <\/strong>el d&iacute;a<strong> <\/strong>viernes 18 de setiembre en horario de 10 a 17 hs. en la sede de la  Direcci&oacute;n de Educac<\/span><span lang=\"ES-AR\">i&oacute;n  Superior de Mendoza.<\/span><\/span><\/span><\/p>\n<p style=\"text-align: justify;\"><span style=\"font-size: 10pt;\"><span style=\"font-family: verdana,geneva;\"><span lang=\"ES-AR\">&nbsp;&nbsp;&nbsp;&nbsp;&nbsp;&nbsp;&nbsp;&nbsp;&nbsp;&nbsp;&nbsp;&nbsp;&nbsp;&nbsp;&nbsp;&nbsp;&nbsp;&nbsp;&nbsp;&nbsp;&nbsp;&nbsp;&nbsp;&nbsp;&nbsp;&nbsp;&nbsp;&nbsp;&nbsp;&nbsp;&nbsp;&nbsp;&nbsp;&nbsp;  Es importante la presencia del<strong> coordinador de carrera de cada  lenguaje art&iacute;stico <\/strong>&nbsp;del que se cuente con Profesorado  en la Instituci&oacute;n. &nbsp;&nbsp;&nbsp;&nbsp;&nbsp;&nbsp;&nbsp;&nbsp;&nbsp; <\/span><\/span><\/span><\/p>\n<p style=\"text-align: justify;\"><span style=\"font-size: 10pt;\"><span style=\"font-family: verdana,geneva;\"><span lang=\"ES\">&nbsp;&nbsp;&nbsp;&nbsp;&nbsp;&nbsp;&nbsp;&nbsp;&nbsp;&nbsp;&nbsp;&nbsp;&nbsp;&nbsp;&nbsp;&nbsp;&nbsp;&nbsp;&nbsp;&nbsp;&nbsp;&nbsp;&nbsp;&nbsp;&nbsp;&nbsp;&nbsp;&nbsp;&nbsp;&nbsp;&nbsp;&nbsp;&nbsp;&nbsp;&nbsp; Nuestra Agenda de Trabajo tendr&aacute; dos instancias:<\/span><\/span><\/span><\/p>\n<p style=\"text-align: justify;\"><span style=\"font-size: 10pt;\"><span style=\"font-family: verdana,geneva;\">-&gt;<span lang=\"ES\">Puesta en conocimiento y comentario de los avances a  nivel nacional y jurisdiccional para la modalidad  art&iacute;stica.<\/span><\/span><\/span><\/p>\n<p style=\"text-align: justify;\"><span style=\"font-size: 10pt;\"><span style=\"font-family: verdana,geneva;\">&#8211;&gt;<span lang=\"ES\">Iniciaci&oacute;n del proceso de construcci&oacute;n curricular de  los Profesorados de arte, en relaci&oacute;n con lo planteado por los lineamientos  nacionales y jurisdiccionales.<\/span><\/span><\/span><\/p>\n<p style=\"text-align: justify;\">&nbsp;<\/p>\n<p style=\"margin-left: 0cm; text-align: justify;\"><span style=\"font-size: 10pt;\"><span style=\"font-family: verdana,geneva;\"><span lang=\"ES\">&nbsp;&nbsp;&nbsp;&nbsp;&nbsp;&nbsp;&nbsp;&nbsp;&nbsp;&nbsp;&nbsp;&nbsp;&nbsp;&nbsp;&nbsp;&nbsp;&nbsp;&nbsp;&nbsp;&nbsp;&nbsp;&nbsp;&nbsp;&nbsp;&nbsp;&nbsp;&nbsp;&nbsp;&nbsp;&nbsp;&nbsp;&nbsp;&nbsp;&nbsp; <\/span><span lang=\"ES-AR\">Sin otro particular  nos despedimos de Usted atentamente.<\/span><\/span><\/span><\/p>\n<p style=\"margin-left: 0cm; text-align: justify;\">&nbsp;<\/p>\n<p><span style=\"font-family: verdana,geneva;\">Direcci&oacute;n de Educaci&oacute;n Superior&nbsp; &nbsp;&nbsp; &nbsp;  &nbsp;&nbsp;&nbsp;&nbsp;&nbsp;&nbsp;&nbsp;&nbsp;&nbsp;&nbsp;&nbsp;&nbsp;&nbsp;&nbsp;&nbsp;&nbsp;&nbsp;&nbsp;&nbsp;&nbsp;&nbsp;&nbsp;&nbsp;&nbsp;&nbsp;&nbsp;&nbsp;&nbsp; &nbsp;&nbsp;&nbsp;&nbsp;&nbsp;&nbsp;&nbsp;&nbsp;&nbsp;&nbsp;&nbsp;&nbsp;&nbsp;&nbsp;&nbsp;&nbsp;&nbsp;&nbsp;&nbsp;&nbsp;&nbsp;&nbsp;&nbsp;&nbsp;&nbsp;&nbsp;&nbsp;&nbsp;&nbsp;&nbsp;&nbsp;&nbsp;&nbsp;&nbsp;&nbsp;&nbsp;&nbsp;&nbsp;&nbsp;&nbsp;&nbsp;&nbsp;&nbsp;&nbsp;&nbsp;&nbsp;&nbsp;&nbsp;&nbsp;&nbsp;  Provincia de Mendoza<\/span><\/p><\/p>\n","protected":false},"excerpt":{"rendered":"<p>Reuni\u00f3n de Coordinadores de Carreras de Profesorados de Educaci\u00f3n Art\u00edstica Sr\/a. Rector\/a Estimados colegas: &nbsp;&nbsp;&nbsp;&nbsp;&nbsp;&nbsp;&nbsp;&nbsp;&nbsp;&nbsp;&nbsp;&nbsp;&nbsp;&nbsp;&nbsp;&nbsp;&nbsp;&nbsp;&nbsp;&nbsp;&nbsp;&nbsp;&nbsp;&nbsp;&nbsp;&nbsp;&nbsp;&nbsp;&nbsp;&nbsp;&nbsp;&nbsp;&nbsp;&nbsp; Por la presente convocamos a una Reuni&oacute;n de Coordinadores de Carreras de Profesorados de Educaci&oacute;n Art&iacute;stica el d&iacute;a viernes 18 de setiembre en horario de 10 a 17 hs. en la sede de la Direcci&oacute;n de Educaci&oacute;n Superior de Mendoza. &#8230; <a title=\"Reuni\u00f3n de Coordinadores de Carreras de Profesorados de Educaci\u00f3n Art\u00edstica\" class=\"read-more\" href=\"https:\/\/superior-infd.mendoza.edu.ar\/sitio\/reunion-de-coordinadores-de-carreras-de-profesorados-de-educacion-artistica\/\" aria-label=\"More on Reuni\u00f3n de Coordinadores de Carreras de Profesorados de Educaci\u00f3n Art\u00edstica\">[+]<\/a><\/p>\n","protected":false},"author":1090,"featured_media":0,"comment_status":"open","ping_status":"open","sticky":false,"template":"","format":"standard","meta":[],"categories":[8,6],"tags":[],"acf":[],"_links":{"self":[{"href":"https:\/\/superior-infd.mendoza.edu.ar\/sitio\/wp-json\/wp\/v2\/posts\/9983"}],"collection":[{"href":"https:\/\/superior-infd.mendoza.edu.ar\/sitio\/wp-json\/wp\/v2\/posts"}],"about":[{"href":"https:\/\/superior-infd.mendoza.edu.ar\/sitio\/wp-json\/wp\/v2\/types\/post"}],"author":[{"embeddable":true,"href":"https:\/\/superior-infd.mendoza.edu.ar\/sitio\/wp-json\/wp\/v2\/users\/1090"}],"replies":[{"embeddable":true,"href":"https:\/\/superior-infd.mendoza.edu.ar\/sitio\/wp-json\/wp\/v2\/comments?post=9983"}],"version-history":[{"count":0,"href":"https:\/\/superior-infd.mendoza.edu.ar\/sitio\/wp-json\/wp\/v2\/posts\/9983\/revisions"}],"wp:attachment":[{"href":"https:\/\/superior-infd.mendoza.edu.ar\/sitio\/wp-json\/wp\/v2\/media?parent=9983"}],"wp:term":[{"taxonomy":"category","embeddable":true,"href":"https:\/\/superior-infd.mendoza.edu.ar\/sitio\/wp-json\/wp\/v2\/categories?post=9983"},{"taxonomy":"post_tag","embeddable":true,"href":"https:\/\/superior-infd.mendoza.edu.ar\/sitio\/wp-json\/wp\/v2\/tags?post=9983"}],"curies":[{"name":"wp","href":"https:\/\/api.w.org\/{rel}","templated":true}]}}