{"id":9915,"date":"2009-04-20T00:00:00","date_gmt":"2009-04-20T00:00:00","guid":{"rendered":"https:\/\/des-mza.infd.edu.ar\/sitio\/el-docente-como-promotor-del-uso-responsable-de-las-tecnologias-de-la-informacion-y-la-comunicacion\/"},"modified":"2009-04-20T00:00:00","modified_gmt":"2009-04-20T00:00:00","slug":"el-docente-como-promotor-del-uso-responsable-de-las-tecnologias-de-la-informacion-y-la-comunicacion","status":"publish","type":"post","link":"https:\/\/superior-infd.mendoza.edu.ar\/sitio\/el-docente-como-promotor-del-uso-responsable-de-las-tecnologias-de-la-informacion-y-la-comunicacion\/","title":{"rendered":"El docente como promotor del uso responsable de las Tecnolog\u00edas de la Informaci\u00f3n y la Comunicaci\u00f3n"},"content":{"rendered":"<p class=\"sitio_noticia_volanta\" >\n<h3>El docente como promotor del uso responsable de las Tecnolog\u00edas de la Informaci\u00f3n y la Comunicaci\u00f3n<\/h3>\n<p class=\"sitio_noticia_copete\" >\n<hr class=\"sitio_noticia_contenido\" \/>\n<p >\n<p><span style=\"font-family: tahoma,arial,helvetica,sans-serif;\"><span style=\"font-size: 10pt;\">Pr&oacute;ximo curso: jueves 23 de abril de 2009<\/span><\/span><\/p>\n<p><span style=\"font-family: tahoma,arial,helvetica,sans-serif;\"><span style=\"font-size: 10pt;\">Destinado a: Docentes innovadores, operadores sociales, coordinadores escolares de tecnolog&iacute;as, profesores de inform&aacute;tica, bibliotecarios, directivos comprometidos con el nuevo escenario que plantea la inclusi&oacute;n de las Tecnolog&iacute;as de la Informaci&oacute;n y la Comunicaci&oacute;n en la escuela y en la vida de los alumnos.<\/span><\/span><\/p>\n<p><span style=\"font-family: tahoma,arial,helvetica,sans-serif;\"><span style=\"font-size: 10pt;\"><strong>Informes y consultas <\/strong><br \/> andreaurbas@chicos.net.ar<br \/> Tel&eacute;fono: <img decoding=\"async\" src=\"chrome:\/\/skype_ff_toolbar_win\/content\/cb_transparent_l.gif\" border=\"0\" height=\"11\"><img decoding=\"async\" src=\"chrome:\/\/skype_ff_toolbar_win\/content\/famfamfam\/ar.gif\" border=\"0\" name=\"skype_tb_img_f0\"><img decoding=\"async\" loading=\"lazy\" src=\"chrome:\/\/skype_ff_toolbar_win\/content\/space.gif\" border=\"0\" width=\"1\" height=\"1\"><img decoding=\"async\" loading=\"lazy\" src=\"chrome:\/\/skype_ff_toolbar_win\/content\/space.gif\" border=\"0\" width=\"1\" height=\"1\"><img decoding=\"async\" src=\"chrome:\/\/skype_ff_toolbar_win\/content\/arrow.gif\" border=\"0\" name=\"skype_tb_img_a0\"><img decoding=\"async\" loading=\"lazy\" src=\"chrome:\/\/skype_ff_toolbar_win\/content\/space.gif\" border=\"0\" width=\"1\" height=\"1\"><img decoding=\"async\" loading=\"lazy\" src=\"chrome:\/\/skype_ff_toolbar_win\/content\/space.gif\" border=\"0\" width=\"1\" height=\"1\"><img decoding=\"async\" loading=\"lazy\" src=\"chrome:\/\/skype_ff_toolbar_win\/content\/space.gif\" border=\"0\" width=\"1\" height=\"1\"><img decoding=\"async\" loading=\"lazy\" src=\"chrome:\/\/skype_ff_toolbar_win\/content\/space.gif\" border=\"0\" width=\"1\" height=\"1\"><img decoding=\"async\" loading=\"lazy\" src=\"chrome:\/\/skype_ff_toolbar_win\/content\/space.gif\" border=\"0\" width=\"1\" height=\"1\"><img decoding=\"async\" loading=\"lazy\" src=\"chrome:\/\/skype_ff_toolbar_win\/content\/space.gif\" border=\"0\" width=\"1\" height=\"1\"><img decoding=\"async\" loading=\"lazy\" src=\"chrome:\/\/skype_ff_toolbar_win\/content\/space.gif\" border=\"0\" width=\"1\" height=\"1\">(54 11) 4786-9128<img decoding=\"async\" src=\"chrome:\/\/skype_ff_toolbar_win\/content\/cb_transparent_r.gif\" border=\"0\" height=\"11\"><br \/> Persona de contacto: M&oacute;nica Paredes- Andrea Urbas<\/span><\/span><\/p>\n<p><span style=\"font-family: tahoma,arial,helvetica,sans-serif;\"><span style=\"font-size: 10pt;\">El curso es totalmente gratuito.<br \/> Requiere inscripci&oacute;n previa.<br \/> Vacantes limitadas.<\/span><\/span><\/p>\n<p><span style=\"font-family: tahoma,arial,helvetica,sans-serif;\"><span style=\"font-size: 10pt;\"><strong>EL POR QU&Eacute; DE ESTE CURSO: <\/strong><\/p>\n<p> Esta propuesta de capacitaci&oacute;n busca contribuir a que la escuela y otros espacios de formaci&oacute;n sean lugares donde se fomente el uso constructivo, creativo y cr&iacute;tico de las tecnolog&iacute;as de la informaci&oacute;n y la comunicaci&oacute;n (TIC) por parte de los ni&ntilde;os, ni&ntilde;as y adolescentes, promoviendo la disminuci&oacute;n de los factores de vulnerabilidad de los mismos. En este sentido, se considerar&aacute;n las herramientas m&aacute;s utilizadas por los chicos, para luego conocer los riesgos y soluciones que deben ser tenidas en cuenta a la hora de navegar en Internet, emplear celulares, compartir espacios de interacci&oacute;n virtual, concurrir a locutorios y cybercaf&eacute;s, entre otros dispositivos disponibles de la actualidad.<\/span><\/span><\/p>\n<p><span style=\"font-family: tahoma,arial,helvetica,sans-serif;\"><span style=\"font-size: 10pt;\">Creemos que el camino para trabajar en el concepto de Uso responsable de las TIC es construir junto a los alumnos, las estrategias que les permitan elaborar criterio para la navegaci&oacute;n y la interacci&oacute;n en l&iacute;nea, desde un marco de respeto y de cuidado de la integridad f&iacute;sica y ps&iacute;quica del propio usuario y de las personas con las que interact&uacute;a.<\/span><\/span><\/p>\n<p><span style=\"font-family: tahoma,arial,helvetica,sans-serif;\"><span style=\"font-size: 10pt;\">Distintas organizaciones vinculadas a la defensa y promoci&oacute;n de los Derechos del Ni&ntilde;o con las que trabajamos alertan sobre fen&oacute;menos de violencia a los que los ni&ntilde;os y ni&ntilde;as digitalizados est&aacute;n expuestos y son vulnerables, por ejemplo la invasi&oacute;n de la privacidad, el acoso, y hasta de violencia sexual.<\/span><\/span><\/p>\n<p><span style=\"font-family: tahoma,arial,helvetica,sans-serif;\"><span style=\"font-size: 10pt;\">Por eso, el Programa Internet Segura desarrolla desde el a&ntilde;o 2006 diferentes acciones tendientes a prevenir estos problemas y a fortalecer las herramientas que los ni&ntilde;os, ni&ntilde;as y j&oacute;venes y sus maestros necesitan para enfrentar estos flagelos sin dejar de aprovechar los beneficios que implica el ingreso de las TIC en la sociedad.<\/p>\n<p><strong>OBJETIVOS: <\/strong><\/p>\n<p> &bull; Brindar elementos de comprensi&oacute;n al docente sobre las implicancias del uso responsable de las TIC y su integraci&oacute;n en los procesos pedag&oacute;gicos. <br \/> &bull; Promover capacidades para el an&aacute;lisis y para crear estrategias de prevenci&oacute;n de riesgos en las interacciones a trav&eacute;s de Internet, celulares y otros dispositivos. <br \/> &bull; Reflexionar sobre la incidencia del docente en la formaci&oacute;n de usuarios responsables del uso de las TIC y propiciar desde la escuela, usos responsables de las aplicaciones web 2.0 y dispositivos que usan los NNyA, a trav&eacute;s de propuestas pedag&oacute;gico-did&aacute;cticas.<br \/> &bull; Promover una actitud que favorezca la participaci&oacute;n de los alumnos en la construcci&oacute;n de estrategias de prevenci&oacute;n y uso responsable de las TIC.<\/span><\/span><\/p>\n<p><span style=\"font-family: tahoma,arial,helvetica,sans-serif;\"><span style=\"font-size: 10pt;\"><strong>CONTENIDOS Y CRONOGRAMA: <\/strong><\/span><\/span><\/p>\n<ul class=\"unIndentedList\">\n<li><span style=\"font-family: tahoma,arial,helvetica,sans-serif;\"><span style=\"font-size: 10pt;\"> Semana preliminar: Conociendo el entorno de trabajo virtual<\/span><\/span><\/li>\n<\/ul>\n<p><span style=\"font-family: tahoma,arial,helvetica,sans-serif;\"><span style=\"font-size: 10pt;\">Reconocimiento del entorno virtual de trabajo. Presentaci&oacute;n de los cursantes en el campus. Resoluci&oacute;n de problemas t&eacute;cnicos vinculados al uso de la plataforma.<\/span><\/span><\/p>\n<p><span style=\"font-family: tahoma,arial,helvetica,sans-serif;\"><span style=\"font-size: 10pt;\"><br \/><\/span><\/span><\/p>\n<p><span style=\"font-family: tahoma,arial,helvetica,sans-serif;\"><span style=\"font-size: 10pt;\"><br \/><\/span><\/span><\/p>\n<ul class=\"unIndentedList\">\n<li><span style=\"font-family: tahoma,arial,helvetica,sans-serif;\"><span style=\"font-size: 10pt;\"> Semana 1: &iquest;Qu&eacute; hacen los ni&ntilde;os, las ni&ntilde;as y los adolescentes <\/span><\/span><\/li>\n<\/ul>\n<p><span style=\"font-family: tahoma,arial,helvetica,sans-serif;\"><span style=\"font-size: 10pt;\">cuando usan las TIC?<br \/> Consideraciones sobre las diferentes aplicaciones web 2.0 utilizados por ellos. Uso particular de las TIC por parte de los ni&ntilde;os\/as y j&oacute;venes vinculado a la etapa evolutiva: diferencias con el empleo que hace de las mismas el adulto.<\/span><\/span><\/p>\n<p><span style=\"font-family: tahoma,arial,helvetica,sans-serif;\"><span style=\"font-size: 10pt;\"><br \/><\/span><\/span><\/p>\n<p><span style=\"font-family: tahoma,arial,helvetica,sans-serif;\"><span style=\"font-size: 10pt;\"><br \/><\/span><\/span><\/p>\n<ul class=\"unIndentedList\">\n<li><span style=\"font-family: tahoma,arial,helvetica,sans-serif;\"><span style=\"font-size: 10pt;\"> Semana 2: Percepciones y riesgos<\/span><\/span><\/li>\n<\/ul>\n<p><span style=\"font-family: tahoma,arial,helvetica,sans-serif;\"><span style=\"font-size: 10pt;\">Situaciones de riesgo y vulnerabilidad. Percepci&oacute;n de riesgo de todos los actores en relaci&oacute;n al uso de TIC. Acoso y explotaci&oacute;n sexual a trav&eacute;s de TIC.<\/span><\/span><\/p>\n<p><span style=\"font-family: tahoma,arial,helvetica,sans-serif;\"><span style=\"font-size: 10pt;\"><br \/><\/span><\/span><\/p>\n<p><span style=\"font-family: tahoma,arial,helvetica,sans-serif;\"><span style=\"font-size: 10pt;\"><br \/><\/span><\/span><\/p>\n<ul class=\"unIndentedList\">\n<li><span style=\"font-family: tahoma,arial,helvetica,sans-serif;\"><span style=\"font-size: 10pt;\"> Semana 3: Tendencias que preocupan<\/span><\/span><\/li>\n<\/ul>\n<p><span style=\"font-family: tahoma,arial,helvetica,sans-serif;\"><span style=\"font-size: 10pt;\">Tendencias entre ni&ntilde;os\/as y j&oacute;venes (Ciberacoso escolar o cyberbulling). Efectos del anonimato. Contextos (hogar, escuela, cyber). Nuevos paradigmas: lo &iacute;ntimo, lo privado, lo p&uacute;blico.<\/span><\/span><\/p>\n<p><span style=\"font-family: tahoma,arial,helvetica,sans-serif;\"><span style=\"font-size: 10pt;\"><br \/><\/span><\/span><\/p>\n<p><span style=\"font-family: tahoma,arial,helvetica,sans-serif;\"><span style=\"font-size: 10pt;\"><br \/><\/span><\/span><\/p>\n<ul class=\"unIndentedList\">\n<li><span style=\"font-family: tahoma,arial,helvetica,sans-serif;\"><span style=\"font-size: 10pt;\"> Semana 4: Por un uso responsable de las TIC <\/span><\/span><\/li>\n<\/ul>\n<p><span style=\"font-family: tahoma,arial,helvetica,sans-serif;\"><span style=\"font-size: 10pt;\">Consideraciones sobre uso responsable de las TIC. Estrategias para trabajar este concepto con los alumnos. Participaci&oacute;n de los ni&ntilde;os, ni&ntilde;as y adolescentes en la formulaci&oacute;n de sus propias estrategias de prevenci&oacute;n. Cierre de los foros.<\/span><\/span><\/p>\n<p><span style=\"font-family: tahoma,arial,helvetica,sans-serif;\"><span style=\"font-size: 10pt;\"><br \/><\/span><\/span><\/p>\n<p><span style=\"font-family: tahoma,arial,helvetica,sans-serif;\"><span style=\"font-size: 10pt;\"><br \/><\/span><\/span><\/p>\n<ul class=\"unIndentedList\">\n<li><span style=\"font-family: tahoma,arial,helvetica,sans-serif;\"><span style=\"font-size: 10pt;\"> Semana 5: Galer&iacute;a de propuestas<\/span><\/span><\/li>\n<\/ul>\n<p><span style=\"font-family: tahoma,arial,helvetica,sans-serif;\"><span style=\"font-size: 10pt;\">Publicaci&oacute;n y devoluci&oacute;n de los trabajos finales de los cursantes. Env&iacute;o de certificados.<\/span><\/span><\/p>\n<p><span style=\"font-family: tahoma,arial,helvetica,sans-serif;\"><span style=\"font-size: 10pt;\"><br \/><\/span><\/span><\/p>\n<p><span style=\"font-family: tahoma,arial,helvetica,sans-serif;\"><span style=\"font-size: 10pt;\"><strong>MODALIDAD DE LA CURSADA: <\/strong><\/p>\n<p> El curso se desarrollar&aacute; en un entorno en l&iacute;nea durante seis semanas. Esto significa que usaremos una plataforma de formaci&oacute;n para presentar el contenido, las actividades de aprendizaje, sus materiales y tareas.<\/span><\/span><\/p>\n<p><span style=\"font-family: tahoma,arial,helvetica,sans-serif;\"><span style=\"font-size: 10pt;\">El eje del curso estar&aacute; dado por los contenidos y sus recursos vinculados; y el soporte en la interacci&oacute;n entre el tutor y los docentes participantes. El tutor tendr&aacute; instancias de trabajo en las cuales podr&aacute; reconocer a los docentes, ayudarlos en las dificultades que se puedan ir presentando y asegurarse que los materiales a los que acceden pueden ser utilizados sin inconvenientes.<\/span><\/span><\/p>\n<p><span style=\"font-family: tahoma,arial,helvetica,sans-serif;\"><span style=\"font-size: 10pt;\">Las instancias de trabajo virtual se dar&aacute;n a trav&eacute;s de la plataforma para interacci&oacute;n tutor\/docente-participante y entre todos los docentes participantes, comunicaci&oacute;n para el trabajo colaborativo, an&aacute;lisis y discusi&oacute;n de casos, presentaci&oacute;n y seguimiento de actividades.<\/span><\/span><\/p>\n<p><span style=\"font-family: tahoma,arial,helvetica,sans-serif;\"><span style=\"font-size: 10pt;\">La participaci&oacute;n en el curso y la comunicaci&oacute;n del tutor con su grupo es b&aacute;sicamente asincr&oacute;nica. Esto implica que no hay un horario espec&iacute;fico estipulado para el acceso al entorno de formaci&oacute;n en l&iacute;nea. Sin embargo, para la consecuci&oacute;n de los prop&oacute;sitos y la resoluci&oacute;n de tareas en forma colaborativa, s&iacute; se ha establecido una periodicidad semanal de trabajo. Es decir que cada jueves se realizar&aacute; la apertura de nuevos contenidos y consignas de trabajo, as&iacute; como el cierre de cada una de las tareas que realizaron los estudiantes la semana anterior.<\/span><\/span><\/p>\n<p><span style=\"font-family: tahoma,arial,helvetica,sans-serif;\"><span style=\"font-size: 10pt;\">Como es evidente, para que esta estrategia sea viable y d&eacute; resultados, es fundamental que los participantes cuenten con la conectividad adecuada y accedan a los servicios de Internet cada semana para avanzar en el proceso.<\/span><\/span><\/p>\n<p><span style=\"font-family: tahoma,arial,helvetica,sans-serif;\"><span style=\"font-size: 10pt;\">Se propone para la capacitaci&oacute;n una filosof&iacute;a constructivista, que permita ir construyendo los conceptos y las actividades de aprendizaje entre todos los participantes. Se usar&aacute;n tareas de contexto real, que permitan transferir y aplicar los conceptos y las situaciones que se hayan planteado en las escuelas alrededor del uso seguro de Internet, a los nuevos aprendizajes a lograr.<\/p>\n<p> Estrategias de ense&ntilde;anza:<\/span><\/span><\/p>\n<ul class=\"unIndentedList\">\n<li><span style=\"font-family: tahoma,arial,helvetica,sans-serif;\"><span style=\"font-size: 10pt;\"> Navegaci&oacute;n guiada <\/span><\/span><\/li>\n<li><span style=\"font-family: tahoma,arial,helvetica,sans-serif;\"><span style=\"font-size: 10pt;\"> Participaci&oacute;n e intercambio en Foro de Debates<\/span><\/span><\/li>\n<li><span style=\"font-family: tahoma,arial,helvetica,sans-serif;\"><span style=\"font-size: 10pt;\"> Resoluci&oacute;n de actividades<\/span><\/span><\/li>\n<li><span style=\"font-family: tahoma,arial,helvetica,sans-serif;\"><span style=\"font-size: 10pt;\"> An&aacute;lisis de problemas y escenarios posibles<\/span><\/span><\/li>\n<li><span style=\"font-family: tahoma,arial,helvetica,sans-serif;\"><span style=\"font-size: 10pt;\"> Producci&oacute;n colaborativa de conclusiones \/ l&iacute;neas de acci&oacute;n <\/span><\/span><\/li>\n<li><span style=\"font-family: tahoma,arial,helvetica,sans-serif;\"><span style=\"font-size: 10pt;\"> An&aacute;lisis de textos de calidad sobre el tema. <\/span><\/span><\/li>\n<\/ul>\n<p><span style=\"font-family: tahoma,arial,helvetica,sans-serif;\"><span style=\"font-size: 10pt;\"><br \/><strong>CONDICIONES DE LA CURSADA: <\/strong><\/span><\/span><\/p>\n<ul class=\"unIndentedList\">\n<li><span style=\"font-family: tahoma,arial,helvetica,sans-serif;\"><span style=\"font-size: 10pt;\"> Acceso a una computadora con conectividad por banda ancha <\/span><\/span><\/li>\n<li><span style=\"font-family: tahoma,arial,helvetica,sans-serif;\"><span style=\"font-size: 10pt;\"> Acceso sistem&aacute;tico a una cuenta de e-mail propia como medio de comunicaci&oacute;n con los tutores. <\/span><\/span><\/li>\n<li><span style=\"font-family: tahoma,arial,helvetica,sans-serif;\"><span style=\"font-size: 10pt;\"> Lectura y an&aacute;lisis de los materiales ofrecidos y bibliogr&aacute;ficos. <\/span><\/span><\/li>\n<li><span style=\"font-family: tahoma,arial,helvetica,sans-serif;\"><span style=\"font-size: 10pt;\"> Realizaci&oacute;n de las actividades semanales propuestas<\/span><\/span><\/li>\n<li><span style=\"font-family: tahoma,arial,helvetica,sans-serif;\"><span style=\"font-size: 10pt;\"> Participaci&oacute;n en los Foros de discusi&oacute;n. <\/span><\/span><\/li>\n<\/ul>\n<p><span style=\"font-family: tahoma,arial,helvetica,sans-serif;\"><span style=\"font-size: 10pt;\">&bull; Publicaci&oacute;n del trabajo final. .<\/span><\/span><\/p>\n<p><span style=\"font-family: tahoma,arial,helvetica,sans-serif;\"><span style=\"font-size: 10pt;\"><br \/><\/span><\/span><\/p>\n<p><span style=\"font-family: tahoma,arial,helvetica,sans-serif;\"><span style=\"font-size: 10pt;\"><strong>CERTIFICACI&Oacute;N: <\/strong><\/span><\/span><\/p>\n<p><span style=\"font-family: tahoma,arial,helvetica,sans-serif;\"><span style=\"font-size: 10pt;\">Se emitir&aacute;n certificados de aprobaci&oacute;n del curso a aquellos docentes que:<\/span><\/span><\/p>\n<ul class=\"unIndentedList\">\n<li><span style=\"font-family: tahoma,arial,helvetica,sans-serif;\"><span style=\"font-size: 10pt;\"> Hayan mantenido comunicaci&oacute;n v&iacute;a correo electr&oacute;nico con su tutor. <\/span><\/span><\/li>\n<li><span style=\"font-family: tahoma,arial,helvetica,sans-serif;\"><span style=\"font-size: 10pt;\"> Hayan participado en el Foro de discusi&oacute;n que se desarrolla durante el Curso (al menos una intervenci&oacute;n cada semana)<\/span><\/span><\/li>\n<\/ul>\n<p><span style=\"font-family: tahoma,arial,helvetica,sans-serif;\"><span style=\"font-size: 10pt;\">&bull; Hayan aprobado el trabajo final.<\/span><\/span><\/p>\n<p><span style=\"font-family: tahoma,arial,helvetica,sans-serif;\"><span style=\"font-size: 10pt;\"><br \/><\/span><\/span><\/p>\n<p><span style=\"font-family: tahoma,arial,helvetica,sans-serif;\"><span style=\"font-size: 10pt;\">Fuente:  <a href=\"http:\/\/www.chicos.net\/\">http:\/\/www.chicos.net<\/a><\/span><\/span><\/p>\n<p><span style=\"font-family: tahoma,arial,helvetica,sans-serif;\"><span style=\"font-size: 10pt;\"><br \/><\/span><\/span><\/p>\n<p>&nbsp;<\/p><\/p>\n","protected":false},"excerpt":{"rendered":"<p>El docente como promotor del uso responsable de las Tecnolog\u00edas de la Informaci\u00f3n y la Comunicaci\u00f3n Pr&oacute;ximo curso: jueves 23 de abril de 2009 Destinado a: Docentes innovadores, operadores sociales, coordinadores escolares de tecnolog&iacute;as, profesores de inform&aacute;tica, bibliotecarios, directivos comprometidos con el nuevo escenario que plantea la inclusi&oacute;n de las Tecnolog&iacute;as de la Informaci&oacute;n y &#8230; <a title=\"El docente como promotor del uso responsable de las Tecnolog\u00edas de la Informaci\u00f3n y la Comunicaci\u00f3n\" class=\"read-more\" href=\"https:\/\/superior-infd.mendoza.edu.ar\/sitio\/el-docente-como-promotor-del-uso-responsable-de-las-tecnologias-de-la-informacion-y-la-comunicacion\/\" aria-label=\"More on El docente como promotor del uso responsable de las Tecnolog\u00edas de la Informaci\u00f3n y la Comunicaci\u00f3n\">[+]<\/a><\/p>\n","protected":false},"author":1090,"featured_media":0,"comment_status":"open","ping_status":"open","sticky":false,"template":"","format":"standard","meta":[],"categories":[9,6],"tags":[],"acf":[],"_links":{"self":[{"href":"https:\/\/superior-infd.mendoza.edu.ar\/sitio\/wp-json\/wp\/v2\/posts\/9915"}],"collection":[{"href":"https:\/\/superior-infd.mendoza.edu.ar\/sitio\/wp-json\/wp\/v2\/posts"}],"about":[{"href":"https:\/\/superior-infd.mendoza.edu.ar\/sitio\/wp-json\/wp\/v2\/types\/post"}],"author":[{"embeddable":true,"href":"https:\/\/superior-infd.mendoza.edu.ar\/sitio\/wp-json\/wp\/v2\/users\/1090"}],"replies":[{"embeddable":true,"href":"https:\/\/superior-infd.mendoza.edu.ar\/sitio\/wp-json\/wp\/v2\/comments?post=9915"}],"version-history":[{"count":0,"href":"https:\/\/superior-infd.mendoza.edu.ar\/sitio\/wp-json\/wp\/v2\/posts\/9915\/revisions"}],"wp:attachment":[{"href":"https:\/\/superior-infd.mendoza.edu.ar\/sitio\/wp-json\/wp\/v2\/media?parent=9915"}],"wp:term":[{"taxonomy":"category","embeddable":true,"href":"https:\/\/superior-infd.mendoza.edu.ar\/sitio\/wp-json\/wp\/v2\/categories?post=9915"},{"taxonomy":"post_tag","embeddable":true,"href":"https:\/\/superior-infd.mendoza.edu.ar\/sitio\/wp-json\/wp\/v2\/tags?post=9915"}],"curies":[{"name":"wp","href":"https:\/\/api.w.org\/{rel}","templated":true}]}}