{"id":26748,"date":"2026-09-04T21:19:42","date_gmt":"2026-09-05T00:19:42","guid":{"rendered":"https:\/\/superior-infd.mendoza.edu.ar\/sitio\/?p=26748"},"modified":"2026-09-04T21:21:29","modified_gmt":"2026-09-05T00:21:29","slug":"lab-superior-en-comecoco-los-ies-presentaron-58-proyectos-creativos","status":"publish","type":"post","link":"https:\/\/superior-infd.mendoza.edu.ar\/sitio\/lab-superior-en-comecoco-los-ies-presentaron-58-proyectos-creativos\/","title":{"rendered":"LAB Superior en Comecoco: los IES presentaron 58 proyectos creativos"},"content":{"rendered":"\n<p><em><strong>Hubo propuestas de estudiantes y egresados de Institutos de Educaci\u00f3n Superior (IES) vinculadas al dise\u00f1o, tecnolog\u00eda, audiovisual, gastronom\u00eda, producci\u00f3n cultural, moda y emprendimientos.<\/strong><\/em><\/p>\n\n\n\n<p>En el marco del s\u00e9ptimo Encuentro de Industrias Creativas de Mendoza, conocido como Comecoco, 17 Institutos de Educaci\u00f3n Superior, pertenecientes a 15 departamentos, participaron de una nueva instancia de LAB Superior, el programa provincial que llevan adelante la Direcci\u00f3n de Educaci\u00f3n Superior, de la DGE, y la Direcci\u00f3n de Industrias Creativas. La jornada tuvo lugar este jueves en la sala Ernesto Su\u00e1rez, del Espacio Cultural Julio Le Parc, de Guaymall\u00e9n, donde estudiantes y egresados de los IES participaron en el Laboratorio de Profesionalizaci\u00f3n para comenzar el proceso de diagn\u00f3stico y elaboraci\u00f3n de los respectivos planes de mejora.<\/p>\n\n\n\n<p>Esta instancia, que tuvo una segunda jornada este viernes, se replicar\u00e1 en octubre pr\u00f3ximo, cuando contin\u00faen las mentor\u00edas espec\u00edficas, la implementaci\u00f3n de mejoras y el acompa\u00f1amiento, mientras que para noviembre y diciembre est\u00e1 prevista la etapa de circulaci\u00f3n y comercializaci\u00f3n, con acciones de visibilizaci\u00f3n y experiencias de mercado.<\/p>\n\n\n\n<p>\u201cHoy tenemos el orgullo de que estos 58 proyectos puedan estar trabajando, intercambiando, escuchando y aprendiendo distintas acciones que los mentores en lo que desde Educaci\u00f3n Superior e Industrias Creativas, de la Subsecretar\u00eda de Cultura, creamos y que se llam\u00f3 LAB Superior. La idea es que estos 58 trabajos presentes consigan salir del \u00e1mbito acad\u00e9mico al sector comercial, y, para ello, tenemos que ayudarlos, guiarlos y proporcionarles herramientas de profesionalizaci\u00f3n. Despu\u00e9s de esta instancia comienza todo un recorrido de mentoreo y otras acciones que a los estudiantes les va a permitir saber enfocarse, crear, saber cu\u00e1les son los costos, bueno, todo lo que conlleva un proyecto de las industrias creativas\u201d, explic\u00f3 Mariela Ramos, directora de Educaci\u00f3n Superior, de la DGE.<\/p>\n\n\n\n<figure class=\"wp-block-gallery has-nested-images columns-default is-cropped wp-block-gallery-1 is-layout-flex\">\n<figure class=\"wp-block-image size-large\"><a href=\"https:\/\/superior-infd.mendoza.edu.ar\/sitio\/wp-content\/uploads\/2026\/09\/LAB-Superior-en-Comecoco-16.jpg\" target=\"_blank\" rel=\"noopener\"><img decoding=\"async\" loading=\"lazy\" width=\"1200\" height=\"800\" data-id=\"26750\"  src=\"https:\/\/superior-infd.mendoza.edu.ar\/sitio\/wp-content\/uploads\/2026\/09\/LAB-Superior-en-Comecoco-16.jpg\" alt=\"\" class=\"wp-image-26750\" srcset=\"https:\/\/superior-infd.mendoza.edu.ar\/sitio\/wp-content\/uploads\/2026\/09\/LAB-Superior-en-Comecoco-16.jpg 1200w, https:\/\/superior-infd.mendoza.edu.ar\/sitio\/wp-content\/uploads\/2026\/09\/LAB-Superior-en-Comecoco-16-1000x667.jpg 1000w, https:\/\/superior-infd.mendoza.edu.ar\/sitio\/wp-content\/uploads\/2026\/09\/LAB-Superior-en-Comecoco-16-768x512.jpg 768w\" sizes=\"(max-width: 1200px) 100vw, 1200px\" \/><\/a><\/figure>\n\n\n\n<figure class=\"wp-block-image size-large\"><a href=\"https:\/\/superior-infd.mendoza.edu.ar\/sitio\/wp-content\/uploads\/2026\/09\/LAB-Superior-en-Comecoco-15.jpg\" target=\"_blank\" rel=\"noopener\"><img decoding=\"async\" loading=\"lazy\" width=\"1200\" height=\"800\" data-id=\"26751\"  src=\"https:\/\/superior-infd.mendoza.edu.ar\/sitio\/wp-content\/uploads\/2026\/09\/LAB-Superior-en-Comecoco-15.jpg\" alt=\"\" class=\"wp-image-26751\" srcset=\"https:\/\/superior-infd.mendoza.edu.ar\/sitio\/wp-content\/uploads\/2026\/09\/LAB-Superior-en-Comecoco-15.jpg 1200w, https:\/\/superior-infd.mendoza.edu.ar\/sitio\/wp-content\/uploads\/2026\/09\/LAB-Superior-en-Comecoco-15-1000x667.jpg 1000w, https:\/\/superior-infd.mendoza.edu.ar\/sitio\/wp-content\/uploads\/2026\/09\/LAB-Superior-en-Comecoco-15-768x512.jpg 768w\" sizes=\"(max-width: 1200px) 100vw, 1200px\" \/><\/a><\/figure>\n<\/figure>\n\n\n\n<p>Por su parte, Yanina Aravena, dise\u00f1adora industrial, profesora del IES Manuel Belgrano, e integrante del equipo de Industrias Creativas agreg\u00f3 que \u201cdespu\u00e9s de observar muchos proyectos, de trabajar en los IES que tienen dise\u00f1o gr\u00e1fico, dise\u00f1o multimedia, desarrollo de software, dise\u00f1o de indumentaria, y que las industrias creativas son ese sector que hace al pensamiento y que resulta una rama econ\u00f3mica s\u00faper potente, dijimos por qu\u00e9 no armar un evento donde todos los que hacen a las industrias creativas de Nivel Superior puedan salir a mostrar, a hacer circular sus proyectos y a comercializarlos. Entonces, desde ah\u00ed sale esta iniciativa, y siento que es crear una comunidad que vamos a ir construyendo entre todos para poder visibilizar tantos e interesantes proyectos\u201d.<\/p>\n\n\n\n<p>\u201cEsta jornada demuestra el acierto de tener un ministerio que abarque tanto la cultura como la educaci\u00f3n, y que nosotros trabajamos en forma conjunta a favor de todos los estudiantes, de cualquiera de las carreras que pudieran ser asociadas\u201d, concluy\u00f3 Ramos.<\/p>\n\n\n\n<figure class=\"wp-block-gallery has-nested-images columns-default is-cropped wp-block-gallery-3 is-layout-flex\">\n<figure class=\"wp-block-image size-large\"><a href=\"https:\/\/superior-infd.mendoza.edu.ar\/sitio\/wp-content\/uploads\/2026\/09\/LAB-Superior-en-Comecoco-5.jpg\" target=\"_blank\" rel=\"noopener\"><img decoding=\"async\" loading=\"lazy\" width=\"1200\" height=\"800\" data-id=\"26754\"  src=\"https:\/\/superior-infd.mendoza.edu.ar\/sitio\/wp-content\/uploads\/2026\/09\/LAB-Superior-en-Comecoco-5.jpg\" alt=\"\" class=\"wp-image-26754\" srcset=\"https:\/\/superior-infd.mendoza.edu.ar\/sitio\/wp-content\/uploads\/2026\/09\/LAB-Superior-en-Comecoco-5.jpg 1200w, https:\/\/superior-infd.mendoza.edu.ar\/sitio\/wp-content\/uploads\/2026\/09\/LAB-Superior-en-Comecoco-5-1000x667.jpg 1000w, https:\/\/superior-infd.mendoza.edu.ar\/sitio\/wp-content\/uploads\/2026\/09\/LAB-Superior-en-Comecoco-5-768x512.jpg 768w\" sizes=\"(max-width: 1200px) 100vw, 1200px\" \/><\/a><\/figure>\n\n\n\n<figure class=\"wp-block-image size-large\"><a href=\"https:\/\/superior-infd.mendoza.edu.ar\/sitio\/wp-content\/uploads\/2026\/09\/LAB-Superior-en-Comecoco-4.jpg\" target=\"_blank\" rel=\"noopener\"><img decoding=\"async\" loading=\"lazy\" width=\"1199\" height=\"800\" data-id=\"26755\"  src=\"https:\/\/superior-infd.mendoza.edu.ar\/sitio\/wp-content\/uploads\/2026\/09\/LAB-Superior-en-Comecoco-4.jpg\" alt=\"\" class=\"wp-image-26755\" srcset=\"https:\/\/superior-infd.mendoza.edu.ar\/sitio\/wp-content\/uploads\/2026\/09\/LAB-Superior-en-Comecoco-4.jpg 1199w, https:\/\/superior-infd.mendoza.edu.ar\/sitio\/wp-content\/uploads\/2026\/09\/LAB-Superior-en-Comecoco-4-1000x667.jpg 1000w, https:\/\/superior-infd.mendoza.edu.ar\/sitio\/wp-content\/uploads\/2026\/09\/LAB-Superior-en-Comecoco-4-768x512.jpg 768w\" sizes=\"(max-width: 1199px) 100vw, 1199px\" \/><\/a><\/figure>\n<\/figure>\n\n\n\n<h4 class=\"wp-block-heading\"><strong>LAB Superior<\/strong><\/h4>\n\n\n\n<p>El Laboratorio de Comercializaci\u00f3n en Industrias Creativas de Mendoza identifica, selecciona y acompa\u00f1a proyectos de estudiantes y egresados de los Institutos de Educaci\u00f3n Superior, combinando mentor\u00edas especializadas, herramientas de gesti\u00f3n y experiencias reales de mercado.<\/p>\n\n\n\n<p>El programa est\u00e1 destinado a estudiantes de carreras vinculadas a las industrias creativas en Mendoza, desarrolladores de un producto, servicio, obra o experiencia creativa, y personas que desean fortalecer y preparar su proyecto creativo para acceder a nuevas oportunidades.<\/p>\n\n\n\n<figure class=\"wp-block-gallery has-nested-images columns-default is-cropped wp-block-gallery-5 is-layout-flex\">\n<figure class=\"wp-block-image size-large\"><a href=\"https:\/\/superior-infd.mendoza.edu.ar\/sitio\/wp-content\/uploads\/2026\/09\/LAB-Superior-en-Comecoco-17.jpg\" target=\"_blank\" rel=\"noopener\"><img decoding=\"async\" loading=\"lazy\" width=\"1200\" height=\"800\" data-id=\"26756\"  src=\"https:\/\/superior-infd.mendoza.edu.ar\/sitio\/wp-content\/uploads\/2026\/09\/LAB-Superior-en-Comecoco-17.jpg\" alt=\"\" class=\"wp-image-26756\" srcset=\"https:\/\/superior-infd.mendoza.edu.ar\/sitio\/wp-content\/uploads\/2026\/09\/LAB-Superior-en-Comecoco-17.jpg 1200w, https:\/\/superior-infd.mendoza.edu.ar\/sitio\/wp-content\/uploads\/2026\/09\/LAB-Superior-en-Comecoco-17-1000x667.jpg 1000w, https:\/\/superior-infd.mendoza.edu.ar\/sitio\/wp-content\/uploads\/2026\/09\/LAB-Superior-en-Comecoco-17-768x512.jpg 768w\" sizes=\"(max-width: 1200px) 100vw, 1200px\" \/><\/a><\/figure>\n\n\n\n<figure class=\"wp-block-image size-large\"><a href=\"https:\/\/superior-infd.mendoza.edu.ar\/sitio\/wp-content\/uploads\/2026\/09\/LAB-Superior-en-Comecoco-16-2.jpg\" target=\"_blank\" rel=\"noopener\"><img decoding=\"async\" loading=\"lazy\" width=\"1200\" height=\"800\" data-id=\"26757\"  src=\"https:\/\/superior-infd.mendoza.edu.ar\/sitio\/wp-content\/uploads\/2026\/09\/LAB-Superior-en-Comecoco-16-2.jpg\" alt=\"\" class=\"wp-image-26757\" srcset=\"https:\/\/superior-infd.mendoza.edu.ar\/sitio\/wp-content\/uploads\/2026\/09\/LAB-Superior-en-Comecoco-16-2.jpg 1200w, https:\/\/superior-infd.mendoza.edu.ar\/sitio\/wp-content\/uploads\/2026\/09\/LAB-Superior-en-Comecoco-16-2-1000x667.jpg 1000w, https:\/\/superior-infd.mendoza.edu.ar\/sitio\/wp-content\/uploads\/2026\/09\/LAB-Superior-en-Comecoco-16-2-768x512.jpg 768w\" sizes=\"(max-width: 1200px) 100vw, 1200px\" \/><\/a><\/figure>\n<\/figure>\n\n\n\n<p><strong>Fuente: Prensa DGE<\/strong><\/p>\n","protected":false},"excerpt":{"rendered":"<p>Hubo propuestas de estudiantes y egresados de Institutos de Educaci\u00f3n Superior (IES) vinculadas al dise\u00f1o, tecnolog\u00eda, audiovisual, gastronom\u00eda, producci\u00f3n cultural, moda y emprendimientos. En el marco del s\u00e9ptimo Encuentro de Industrias Creativas de Mendoza, conocido como Comecoco, 17 Institutos de Educaci\u00f3n Superior, pertenecientes a 15 departamentos, participaron de una nueva instancia de LAB Superior, el &#8230; <a title=\"LAB Superior en Comecoco: los IES presentaron 58 proyectos creativos\" class=\"read-more\" href=\"https:\/\/superior-infd.mendoza.edu.ar\/sitio\/lab-superior-en-comecoco-los-ies-presentaron-58-proyectos-creativos\/\" aria-label=\"More on LAB Superior en Comecoco: los IES presentaron 58 proyectos creativos\">[+]<\/a><\/p>\n","protected":false},"author":2399,"featured_media":26749,"comment_status":"closed","ping_status":"closed","sticky":false,"template":"","format":"standard","meta":[],"categories":[6,10,11],"tags":[215],"acf":[],"_links":{"self":[{"href":"https:\/\/superior-infd.mendoza.edu.ar\/sitio\/wp-json\/wp\/v2\/posts\/26748"}],"collection":[{"href":"https:\/\/superior-infd.mendoza.edu.ar\/sitio\/wp-json\/wp\/v2\/posts"}],"about":[{"href":"https:\/\/superior-infd.mendoza.edu.ar\/sitio\/wp-json\/wp\/v2\/types\/post"}],"author":[{"embeddable":true,"href":"https:\/\/superior-infd.mendoza.edu.ar\/sitio\/wp-json\/wp\/v2\/users\/2399"}],"replies":[{"embeddable":true,"href":"https:\/\/superior-infd.mendoza.edu.ar\/sitio\/wp-json\/wp\/v2\/comments?post=26748"}],"version-history":[{"count":2,"href":"https:\/\/superior-infd.mendoza.edu.ar\/sitio\/wp-json\/wp\/v2\/posts\/26748\/revisions"}],"predecessor-version":[{"id":26759,"href":"https:\/\/superior-infd.mendoza.edu.ar\/sitio\/wp-json\/wp\/v2\/posts\/26748\/revisions\/26759"}],"wp:featuredmedia":[{"embeddable":true,"href":"https:\/\/superior-infd.mendoza.edu.ar\/sitio\/wp-json\/wp\/v2\/media\/26749"}],"wp:attachment":[{"href":"https:\/\/superior-infd.mendoza.edu.ar\/sitio\/wp-json\/wp\/v2\/media?parent=26748"}],"wp:term":[{"taxonomy":"category","embeddable":true,"href":"https:\/\/superior-infd.mendoza.edu.ar\/sitio\/wp-json\/wp\/v2\/categories?post=26748"},{"taxonomy":"post_tag","embeddable":true,"href":"https:\/\/superior-infd.mendoza.edu.ar\/sitio\/wp-json\/wp\/v2\/tags?post=26748"}],"curies":[{"name":"wp","href":"https:\/\/api.w.org\/{rel}","templated":true}]}}