{"id":26742,"date":"2026-09-03T19:20:43","date_gmt":"2026-09-03T22:20:43","guid":{"rendered":"https:\/\/superior-infd.mendoza.edu.ar\/sitio\/?p=26742"},"modified":"2026-09-03T19:20:44","modified_gmt":"2026-09-03T22:20:44","slug":"mendoza-otorgara-certificaciones-de-formacion-docente-a-profesionales","status":"publish","type":"post","link":"https:\/\/superior-infd.mendoza.edu.ar\/sitio\/mendoza-otorgara-certificaciones-de-formacion-docente-a-profesionales\/","title":{"rendered":"Mendoza otorgar\u00e1 certificaciones de formaci\u00f3n docente a profesionales"},"content":{"rendered":"\n<p><strong><em>El\u00a0objetivo es brindar formaci\u00f3n pedag\u00f3gica, did\u00e1ctica, tecnol\u00f3gica e institucional a profesionales universitarios y t\u00e9cnicos superiores que actualmente ejercen la docencia.<\/em><\/strong><\/p>\n\n\n\n<p>El ministro de Educaci\u00f3n, Cultura, Infancias y DGE, Tadeo Garc\u00eda Zalazar, firm\u00f3 un convenio junto a siete institutos de Educaci\u00f3n Superior para otorgar certificaciones de formaci\u00f3n pedag\u00f3gica en la ense\u00f1anza para profesionales y t\u00e9cnicos superiores. El objetivo es brindar formaci\u00f3n pedag\u00f3gica, did\u00e1ctica, tecnol\u00f3gica e institucional a profesionales universitarios y t\u00e9cnicos superiores que actualmente ejercen la docencia&nbsp; y que no cuentan con una titulaci\u00f3n docente espec\u00edfica o que aspiran a incorporarse como docentes al sistema educativo provincial.<\/p>\n\n\n\n<p>La Certificaci\u00f3n tendr\u00e1 modalidad combinada, integrando instancias presenciales, encuentros sincr\u00f3nicos mediados por tecnolog\u00edas digitales y actividades asincr\u00f3nicas. Esta iniciativa busca ampliar las posibilidades de acceso y generar condiciones de cursado compatibles con profesionales y t\u00e9cnicos que se encuentran trabajando.<\/p>\n\n\n\n<p>Desde el gobierno escolar destacaron que Mendoza podr\u00e1 ampliar su base de profesionales preparados para ejercer la ense\u00f1anza sin desconocer ni desaprovechar las trayectorias formativas y laborales que ya poseen.<\/p>\n\n\n\n<p>La propuesta conecta formaci\u00f3n disciplinar, experiencia profesional y formaci\u00f3n pedag\u00f3gica, fortaleciendo particularmente la respuesta del sistema frente a las necesidades de la Educaci\u00f3n Secundaria, la Educaci\u00f3n Superior y la Educaci\u00f3n T\u00e9cnico Profesional.<\/p>\n\n\n\n<figure class=\"wp-block-gallery has-nested-images columns-default is-cropped wp-block-gallery-1 is-layout-flex\">\n<figure class=\"wp-block-image size-large\"><a href=\"https:\/\/superior-infd.mendoza.edu.ar\/sitio\/wp-content\/uploads\/2026\/09\/Mendoza-otorgara-certificacion-de-formacion-docente-a-profesionales-5.jpg\" target=\"_blank\" rel=\"noopener\"><img decoding=\"async\" loading=\"lazy\" width=\"1200\" height=\"800\" data-id=\"26745\"  src=\"https:\/\/superior-infd.mendoza.edu.ar\/sitio\/wp-content\/uploads\/2026\/09\/Mendoza-otorgara-certificacion-de-formacion-docente-a-profesionales-5.jpg\" alt=\"\" class=\"wp-image-26745\" srcset=\"https:\/\/superior-infd.mendoza.edu.ar\/sitio\/wp-content\/uploads\/2026\/09\/Mendoza-otorgara-certificacion-de-formacion-docente-a-profesionales-5.jpg 1200w, https:\/\/superior-infd.mendoza.edu.ar\/sitio\/wp-content\/uploads\/2026\/09\/Mendoza-otorgara-certificacion-de-formacion-docente-a-profesionales-5-1000x667.jpg 1000w, https:\/\/superior-infd.mendoza.edu.ar\/sitio\/wp-content\/uploads\/2026\/09\/Mendoza-otorgara-certificacion-de-formacion-docente-a-profesionales-5-768x512.jpg 768w\" sizes=\"(max-width: 1200px) 100vw, 1200px\" \/><\/a><\/figure>\n\n\n\n<figure class=\"wp-block-image size-large\"><a href=\"https:\/\/superior-infd.mendoza.edu.ar\/sitio\/wp-content\/uploads\/2026\/09\/Mendoza-otorgara-certificacion-de-formacion-docente-a-profesionales-2.jpg\" target=\"_blank\" rel=\"noopener\"><img decoding=\"async\" loading=\"lazy\" width=\"1200\" height=\"800\" data-id=\"26744\"  src=\"https:\/\/superior-infd.mendoza.edu.ar\/sitio\/wp-content\/uploads\/2026\/09\/Mendoza-otorgara-certificacion-de-formacion-docente-a-profesionales-2.jpg\" alt=\"\" class=\"wp-image-26744\" srcset=\"https:\/\/superior-infd.mendoza.edu.ar\/sitio\/wp-content\/uploads\/2026\/09\/Mendoza-otorgara-certificacion-de-formacion-docente-a-profesionales-2.jpg 1200w, https:\/\/superior-infd.mendoza.edu.ar\/sitio\/wp-content\/uploads\/2026\/09\/Mendoza-otorgara-certificacion-de-formacion-docente-a-profesionales-2-1000x667.jpg 1000w, https:\/\/superior-infd.mendoza.edu.ar\/sitio\/wp-content\/uploads\/2026\/09\/Mendoza-otorgara-certificacion-de-formacion-docente-a-profesionales-2-768x512.jpg 768w\" sizes=\"(max-width: 1200px) 100vw, 1200px\" \/><\/a><\/figure>\n\n\n\n<figure class=\"wp-block-image size-large\"><a href=\"https:\/\/superior-infd.mendoza.edu.ar\/sitio\/wp-content\/uploads\/2026\/09\/Mendoza-otorgara-certificacion-de-formacion-docente-a-profesionales-1.jpg\" target=\"_blank\" rel=\"noopener\"><img decoding=\"async\" loading=\"lazy\" width=\"1200\" height=\"800\" data-id=\"26746\"  src=\"https:\/\/superior-infd.mendoza.edu.ar\/sitio\/wp-content\/uploads\/2026\/09\/Mendoza-otorgara-certificacion-de-formacion-docente-a-profesionales-1.jpg\" alt=\"\" class=\"wp-image-26746\" srcset=\"https:\/\/superior-infd.mendoza.edu.ar\/sitio\/wp-content\/uploads\/2026\/09\/Mendoza-otorgara-certificacion-de-formacion-docente-a-profesionales-1.jpg 1200w, https:\/\/superior-infd.mendoza.edu.ar\/sitio\/wp-content\/uploads\/2026\/09\/Mendoza-otorgara-certificacion-de-formacion-docente-a-profesionales-1-1000x667.jpg 1000w, https:\/\/superior-infd.mendoza.edu.ar\/sitio\/wp-content\/uploads\/2026\/09\/Mendoza-otorgara-certificacion-de-formacion-docente-a-profesionales-1-768x512.jpg 768w\" sizes=\"(max-width: 1200px) 100vw, 1200px\" \/><\/a><\/figure>\n<\/figure>\n\n\n\n<p><strong>Fuente: Prensa DGE<\/strong><\/p>\n","protected":false},"excerpt":{"rendered":"<p>El\u00a0objetivo es brindar formaci\u00f3n pedag\u00f3gica, did\u00e1ctica, tecnol\u00f3gica e institucional a profesionales universitarios y t\u00e9cnicos superiores que actualmente ejercen la docencia. El ministro de Educaci\u00f3n, Cultura, Infancias y DGE, Tadeo Garc\u00eda Zalazar, firm\u00f3 un convenio junto a siete institutos de Educaci\u00f3n Superior para otorgar certificaciones de formaci\u00f3n pedag\u00f3gica en la ense\u00f1anza para profesionales y t\u00e9cnicos superiores. &#8230; <a title=\"Mendoza otorgar\u00e1 certificaciones de formaci\u00f3n docente a profesionales\" class=\"read-more\" href=\"https:\/\/superior-infd.mendoza.edu.ar\/sitio\/mendoza-otorgara-certificaciones-de-formacion-docente-a-profesionales\/\" aria-label=\"More on Mendoza otorgar\u00e1 certificaciones de formaci\u00f3n docente a profesionales\">[+]<\/a><\/p>\n","protected":false},"author":2399,"featured_media":26743,"comment_status":"closed","ping_status":"closed","sticky":false,"template":"","format":"standard","meta":[],"categories":[6,10,11],"tags":[215],"acf":[],"_links":{"self":[{"href":"https:\/\/superior-infd.mendoza.edu.ar\/sitio\/wp-json\/wp\/v2\/posts\/26742"}],"collection":[{"href":"https:\/\/superior-infd.mendoza.edu.ar\/sitio\/wp-json\/wp\/v2\/posts"}],"about":[{"href":"https:\/\/superior-infd.mendoza.edu.ar\/sitio\/wp-json\/wp\/v2\/types\/post"}],"author":[{"embeddable":true,"href":"https:\/\/superior-infd.mendoza.edu.ar\/sitio\/wp-json\/wp\/v2\/users\/2399"}],"replies":[{"embeddable":true,"href":"https:\/\/superior-infd.mendoza.edu.ar\/sitio\/wp-json\/wp\/v2\/comments?post=26742"}],"version-history":[{"count":1,"href":"https:\/\/superior-infd.mendoza.edu.ar\/sitio\/wp-json\/wp\/v2\/posts\/26742\/revisions"}],"predecessor-version":[{"id":26747,"href":"https:\/\/superior-infd.mendoza.edu.ar\/sitio\/wp-json\/wp\/v2\/posts\/26742\/revisions\/26747"}],"wp:featuredmedia":[{"embeddable":true,"href":"https:\/\/superior-infd.mendoza.edu.ar\/sitio\/wp-json\/wp\/v2\/media\/26743"}],"wp:attachment":[{"href":"https:\/\/superior-infd.mendoza.edu.ar\/sitio\/wp-json\/wp\/v2\/media?parent=26742"}],"wp:term":[{"taxonomy":"category","embeddable":true,"href":"https:\/\/superior-infd.mendoza.edu.ar\/sitio\/wp-json\/wp\/v2\/categories?post=26742"},{"taxonomy":"post_tag","embeddable":true,"href":"https:\/\/superior-infd.mendoza.edu.ar\/sitio\/wp-json\/wp\/v2\/tags?post=26742"}],"curies":[{"name":"wp","href":"https:\/\/api.w.org\/{rel}","templated":true}]}}