{"id":24188,"date":"2024-09-30T08:56:33","date_gmt":"2024-09-30T11:56:33","guid":{"rendered":"https:\/\/superior-infd.mendoza.edu.ar\/sitio\/?p=24188"},"modified":"2024-09-30T08:56:36","modified_gmt":"2024-09-30T11:56:36","slug":"se-implementara-por-primera-vez-en-el-nivel-superior-un-concurso-de-traslados-ordinarios-y-permutas-docentes","status":"publish","type":"post","link":"https:\/\/superior-infd.mendoza.edu.ar\/sitio\/se-implementara-por-primera-vez-en-el-nivel-superior-un-concurso-de-traslados-ordinarios-y-permutas-docentes\/","title":{"rendered":"Se implementar\u00e1 por primera vez en el nivel superior un Concurso de Traslados Ordinarios y Permutas docentes"},"content":{"rendered":"\n<blockquote class=\"wp-block-quote\">\n<p><em><strong>Esta acci\u00f3n que iguala en derechos y oportunidades a los docentes del nivel superior con los de otros niveles, contribuir\u00e1 a mejorar sus condiciones laborales y se habilitar\u00e1 regularmente en el mes de setiembre de cada a\u00f1o.<\/strong><\/em><\/p>\n<\/blockquote>\n\n\n\n<p>La Direcci\u00f3n de Educaci\u00f3n Superior convoc\u00f3 y reglament\u00f3, mediante la Resoluci\u00f3n N\u00ba 257, el Concurso de Traslados Ordinarios y Permutas de horas c\u00e1tedra frente a estudiantes y cargos base del escalaf\u00f3n para docentes titulares del nivel superior que se iniciar\u00e1, por primera vez, el pr\u00f3ximo 30 de setiembre.<\/p>\n\n\n\n<p>Desde el gobierno escolar destacan que es un gran beneficio para los profesionales docentes, que siendo titulares en una instituci\u00f3n no pod\u00edan optar por mejorar sus condiciones laborales o solucionar situaciones que obstaculizaban su tarea diaria por no haberse reglamentado el ejercicio de este derecho en el nivel superior.<\/p>\n\n\n\n<p>El concurso de traslados es una acci\u00f3n conjunta entre la Direcci\u00f3n de Educaci\u00f3n Superior,&nbsp; los Consejos Directivos de los institutos y una comisi\u00f3n mixta, constituida al efecto, e integrada por representantes de las instituciones que tendr\u00e1 a su cargo la evaluaci\u00f3n de las solicitudes y la operativizaci\u00f3n administrativa de este.<\/p>\n\n\n\n<p>Se ofrecer\u00e1n para el concurso el 30 (treinta) por ciento de las vacantes que anualmente informan los institutos, conforme a lo determinado en el Decreto 530\/18.<\/p>\n\n\n\n<h4 class=\"wp-block-heading\"><strong>Recepci\u00f3n de solicitudes<\/strong><\/h4>\n\n\n\n<figure class=\"wp-block-image\"><a href=\"https:\/\/www.mendoza.edu.ar\/wp-content\/uploads\/2024\/09\/superior_concurso-de-traslados-ordinarios-y-permutas-docentes-2.jpg\"><img decoding=\"async\" src=\"https:\/\/www.mendoza.edu.ar\/wp-content\/uploads\/2024\/09\/superior_concurso-de-traslados-ordinarios-y-permutas-docentes-2.jpg\" alt=\"\" class=\"wp-image-294626\"\/><\/a><\/figure>\n\n\n\n<p>A partir del 30 de septiembre y hasta el 18 de octubre se habilitar\u00e1, en todos los Institutos de Educaci\u00f3n Superior de gesti\u00f3n estatal de la provincia, la recepci\u00f3n de solicitudes de traslado de los docentes que deseen realizar este movimiento y est\u00e9n encuadrados en las causales prescriptas.<\/p>\n\n\n\n<p>El personal docente titular podr\u00e1 participar de esta instancia cuando cuenten con dos a\u00f1os m\u00ednimos de desempe\u00f1o en la misma instituci\u00f3n educativa. Podr\u00e1n argumentar para el traslado causales vinculadas a su salud, distancia, necesidades de su n\u00facleo familiar y otros motivos debidamente documentados.<\/p>\n\n\n\n<p>Hasta el momento solo exist\u00eda la posibilidad de traslados por razones humanitarias, v\u00eda de excepcionalidad y ante situaciones de extrema gravedad.<\/p>\n\n\n\n<p>Los traslados, una vez concluidas todas las instancias del concurso, se har\u00e1n efectivos el 1 de marzo de 2025.<\/p>\n\n\n\n<p>Del mismo modo y a partir del 30 de setiembre de 2024, se habilitar\u00e1 la posibilidad de permutar entre dos docentes titulares de distintas instituciones horas c\u00e1tedra frente a estudiantes o cargos base del escalaf\u00f3n docente.<\/p>\n\n\n\n<p>Las solicitudes de permutas que se podr\u00e1n presentar ante la Direcci\u00f3n de Educaci\u00f3n Superior a partir de la fecha indicada durante todo el a\u00f1o y todos los a\u00f1os, ser\u00e1n resueltas por esta dependencia y se podr\u00e1n hacer efectivas en cualquier \u00e9poca del ciclo lectivo a excepci\u00f3n de los dos \u00faltimos meses (noviembre y diciembre).<\/p>\n\n\n\n<p><strong><em>Fuente: Prensa DGE<\/em><\/strong><\/p>\n","protected":false},"excerpt":{"rendered":"<p>Esta acci\u00f3n que iguala en derechos y oportunidades a los docentes del nivel superior con los de otros niveles, contribuir\u00e1 a mejorar sus condiciones laborales y se habilitar\u00e1 regularmente en el mes de setiembre de cada a\u00f1o. La Direcci\u00f3n de Educaci\u00f3n Superior convoc\u00f3 y reglament\u00f3, mediante la Resoluci\u00f3n N\u00ba 257, el Concurso de Traslados Ordinarios &#8230; <a title=\"Se implementar\u00e1 por primera vez en el nivel superior un Concurso de Traslados Ordinarios y Permutas docentes\" class=\"read-more\" href=\"https:\/\/superior-infd.mendoza.edu.ar\/sitio\/se-implementara-por-primera-vez-en-el-nivel-superior-un-concurso-de-traslados-ordinarios-y-permutas-docentes\/\" aria-label=\"More on Se implementar\u00e1 por primera vez en el nivel superior un Concurso de Traslados Ordinarios y Permutas docentes\">[+]<\/a><\/p>\n","protected":false},"author":2399,"featured_media":24190,"comment_status":"closed","ping_status":"closed","sticky":false,"template":"","format":"standard","meta":[],"categories":[6,10,11],"tags":[],"acf":[],"_links":{"self":[{"href":"https:\/\/superior-infd.mendoza.edu.ar\/sitio\/wp-json\/wp\/v2\/posts\/24188"}],"collection":[{"href":"https:\/\/superior-infd.mendoza.edu.ar\/sitio\/wp-json\/wp\/v2\/posts"}],"about":[{"href":"https:\/\/superior-infd.mendoza.edu.ar\/sitio\/wp-json\/wp\/v2\/types\/post"}],"author":[{"embeddable":true,"href":"https:\/\/superior-infd.mendoza.edu.ar\/sitio\/wp-json\/wp\/v2\/users\/2399"}],"replies":[{"embeddable":true,"href":"https:\/\/superior-infd.mendoza.edu.ar\/sitio\/wp-json\/wp\/v2\/comments?post=24188"}],"version-history":[{"count":1,"href":"https:\/\/superior-infd.mendoza.edu.ar\/sitio\/wp-json\/wp\/v2\/posts\/24188\/revisions"}],"predecessor-version":[{"id":24191,"href":"https:\/\/superior-infd.mendoza.edu.ar\/sitio\/wp-json\/wp\/v2\/posts\/24188\/revisions\/24191"}],"wp:featuredmedia":[{"embeddable":true,"href":"https:\/\/superior-infd.mendoza.edu.ar\/sitio\/wp-json\/wp\/v2\/media\/24190"}],"wp:attachment":[{"href":"https:\/\/superior-infd.mendoza.edu.ar\/sitio\/wp-json\/wp\/v2\/media?parent=24188"}],"wp:term":[{"taxonomy":"category","embeddable":true,"href":"https:\/\/superior-infd.mendoza.edu.ar\/sitio\/wp-json\/wp\/v2\/categories?post=24188"},{"taxonomy":"post_tag","embeddable":true,"href":"https:\/\/superior-infd.mendoza.edu.ar\/sitio\/wp-json\/wp\/v2\/tags?post=24188"}],"curies":[{"name":"wp","href":"https:\/\/api.w.org\/{rel}","templated":true}]}}