{"id":22292,"date":"2023-10-12T11:29:06","date_gmt":"2023-10-12T14:29:06","guid":{"rendered":"https:\/\/superior-infd.mendoza.edu.ar\/sitio\/?p=22292"},"modified":"2023-10-12T11:29:08","modified_gmt":"2023-10-12T14:29:08","slug":"hay-equipo-estudiantes-y-docentes-del-ies-del-atuel-hacen-bancos-y-refacciones-edilicias-en-su-institucion","status":"publish","type":"post","link":"https:\/\/superior-infd.mendoza.edu.ar\/sitio\/hay-equipo-estudiantes-y-docentes-del-ies-del-atuel-hacen-bancos-y-refacciones-edilicias-en-su-institucion\/","title":{"rendered":"<strong><em>Hay equipo: estudiantes y docentes del IES del Atuel hacen bancos y refacciones edilicias en su instituci\u00f3n<\/em><\/strong>"},"content":{"rendered":"\n<p><em>Docentes y estudiantes se re\u00fanen los d\u00edas s\u00e1bados para aportar al crecimiento del instituto, compartir mates, charlas y aprender a pintar, reciclar y construir mobiliario para los espacios de recreaci\u00f3n en el patio.<\/em><\/p>\n\n\n\n<p>El IES N\u00b0 9-011 Del Atuel impuls\u00f3 en forma espont\u00e1nea un hermoso proyecto para aportar al crecimiento edilicio de la instituci\u00f3n. Los d\u00edas s\u00e1bados por la ma\u00f1ana, profesores y estudiantes concurren para realizar distintas tareas de mantenimiento y construcci\u00f3n, mientras comparten charlas y mates.<\/p>\n\n\n\n<p>Una actividad que une a la comunidad educativa del IES y que naci\u00f3 a partir de que el Rector del IES, Rub\u00e9n Rom\u00e1n, comenz\u00f3 a asistir solo para realizar dichas tareas de refacci\u00f3n. Como explica Rom\u00e1n: <em>&nbsp;\u201cLa idea surge de los mismos estudiantes que se ofrecen para colaborar, a ra\u00edz de que me puse a hacerlas solo, y al verme, los estudiantes se organizaron para ayudar, espont\u00e1neamente\u201d.<\/em><\/p>\n\n\n\n<p>La propuesta fomenta el trabajo en equipo y promueve la conexi\u00f3n entre estudiantes de distintas carreras y a\u00f1os. Los profesores que participan de la iniciativa son los de Ingl\u00e9s, Geograf\u00eda, Historia y Tecnicatura en Turismo, adem\u00e1s de personal administrativo, como el contador del IES.<\/p>\n\n\n\n<p>El proyecto comenz\u00f3 hace dos meses y gracias al trabajo conjunto ya avanzaron en distintas tareas, como expres\u00f3 el rector: <em>\u201cpintamos los bancos de plaza que hay en el patio y algunas aulas, barnizamos los ladrillos vistos, realizamos reparaciones edilicias varias, hicimos pizarrones para marcador, en reemplazo de los de tiza, y lo m\u00e1s lindo que hemos hecho fue reciclar madera de pallets viejos que conseguimos donados para hacer mesas y bancos para el patio, para que estudiantes puedan reunirse, hacer pr\u00e1cticos, estudiar y tomar mates, \u00faltimamente incluso hasta se est\u00e1n dictando clases ah\u00ed, con grupos peque\u00f1os\u201d.<\/em><\/p>\n\n\n\n<p>Adem\u00e1s de promover esta tarea conjunta, el espacio permite el encuentro, la charla y el acompa\u00f1amiento a las trayectorias estudiantiles, como destac\u00f3 Rom\u00e1n:<em> \u201cA veces tambi\u00e9n nos dedicamos una hora a estudiar juntos o a preparar algunas UC. Se valora el esfuerzo y la vocaci\u00f3n de servicio, tomamos mates, hacemos choris al mediod\u00eda, charlamos distendidamente y conocemos las problem\u00e1ticas y propuestas de los estudiantes, se genera sentido de pertenencia y amor al trabajo comunitario\u201d.<\/em><\/p>\n\n\n\n<p>Para concluir, el rector se\u00f1al\u00f3 que lo m\u00e1s importante, es que <em>\u201cseguimos trabajando para hacer del IES, un mejor lugar para todos\u201d.<\/em><\/p>\n\n\n\n<div class=\"alignwide\"><div id=\"metaslider-id-22273\" style=\"max-width: 700px; margin: 0 auto;\" class=\"ml-slider-3-33-0 metaslider metaslider-coin metaslider-22273 ml-slider ms-theme-default\" role=\"region\" aria-roledescription=\"Slideshow\" aria-label=\"Slideshow\">\n    <div id=\"metaslider_container_22273\">\n        <div id='metaslider_22273' class='coin-slider'>\n<a href=\"javascript:void(0)\" target=\"_self\"><img src=\"https:\/\/superior-infd.mendoza.edu.ar\/sitio\/wp-content\/uploads\/2023\/10\/e7973298-a5f0-4fbe-a3c7-d23003a6d1e6-700x500.jpg\" height=\"500\" width=\"700\" alt=\"\" class=\"slider-22273 slide-22294\" title=\"e7973298-a5f0-4fbe-a3c7-d23003a6d1e6\" style=\"display: none;\" \/><\/a>\n<a href=\"javascript:void(0)\" target=\"_self\"><img src=\"https:\/\/superior-infd.mendoza.edu.ar\/sitio\/wp-content\/uploads\/2023\/10\/e1ad4f02-014f-4288-945e-0d016f046f2f-700x500.jpg\" height=\"500\" width=\"700\" alt=\"\" class=\"slider-22273 slide-22295\" title=\"e1ad4f02-014f-4288-945e-0d016f046f2f\" style=\"display: none;\" \/><\/a>\n<a href=\"javascript:void(0)\" target=\"_self\"><img src=\"https:\/\/superior-infd.mendoza.edu.ar\/sitio\/wp-content\/uploads\/2023\/10\/d546c42d-463d-48e5-99fb-36c11876c3b7-700x500.jpg\" height=\"500\" width=\"700\" alt=\"\" class=\"slider-22273 slide-22296\" title=\"d546c42d-463d-48e5-99fb-36c11876c3b7\" style=\"display: none;\" \/><\/a>\n<a href=\"javascript:void(0)\" target=\"_self\"><img src=\"https:\/\/superior-infd.mendoza.edu.ar\/sitio\/wp-content\/uploads\/2023\/10\/cfb92e05-9a4a-4479-bc27-72d9fe7181d8-700x500.jpg\" height=\"500\" width=\"700\" alt=\"\" class=\"slider-22273 slide-22297\" title=\"cfb92e05-9a4a-4479-bc27-72d9fe7181d8\" style=\"display: none;\" \/><\/a>\n<a href=\"javascript:void(0)\" target=\"_self\"><img src=\"https:\/\/superior-infd.mendoza.edu.ar\/sitio\/wp-content\/uploads\/2023\/10\/c539c84e-bf8c-43f4-87c7-7223e7b72342-700x500.jpg\" height=\"500\" width=\"700\" alt=\"\" class=\"slider-22273 slide-22298\" title=\"c539c84e-bf8c-43f4-87c7-7223e7b72342\" style=\"display: none;\" \/><\/a>\n<a href=\"javascript:void(0)\" target=\"_self\"><img src=\"https:\/\/superior-infd.mendoza.edu.ar\/sitio\/wp-content\/uploads\/2023\/10\/794307fe-5eaf-4e18-aa98-dfa7541e5ff4-700x500.jpg\" height=\"500\" width=\"700\" alt=\"\" class=\"slider-22273 slide-22299\" title=\"794307fe-5eaf-4e18-aa98-dfa7541e5ff4\" style=\"display: none;\" \/><\/a>\n<a href=\"javascript:void(0)\" target=\"_self\"><img src=\"https:\/\/superior-infd.mendoza.edu.ar\/sitio\/wp-content\/uploads\/2023\/10\/b5be8afe-f7b2-4f8d-9ef4-18bfd1b8a715-700x500.jpg\" height=\"500\" width=\"700\" alt=\"\" class=\"slider-22273 slide-22300\" title=\"b5be8afe-f7b2-4f8d-9ef4-18bfd1b8a715\" style=\"display: none;\" \/><\/a>\n<a href=\"javascript:void(0)\" target=\"_self\"><img src=\"https:\/\/superior-infd.mendoza.edu.ar\/sitio\/wp-content\/uploads\/2023\/10\/83097d72-5b57-49fe-99ff-7b84181d6dae-700x500.jpg\" height=\"500\" width=\"700\" alt=\"\" class=\"slider-22273 slide-22301\" title=\"83097d72-5b57-49fe-99ff-7b84181d6dae\" style=\"display: none;\" \/><\/a>\n<a href=\"javascript:void(0)\" target=\"_self\"><img src=\"https:\/\/superior-infd.mendoza.edu.ar\/sitio\/wp-content\/uploads\/2023\/10\/62082fa9-f427-4a6d-b5d6-d696a3ecfbc9-700x500.jpg\" height=\"500\" width=\"700\" alt=\"\" class=\"slider-22273 slide-22302\" title=\"62082fa9-f427-4a6d-b5d6-d696a3ecfbc9\" style=\"display: none;\" \/><\/a>\n<a href=\"javascript:void(0)\" target=\"_self\"><img src=\"https:\/\/superior-infd.mendoza.edu.ar\/sitio\/wp-content\/uploads\/2023\/10\/3868c615-9a54-4c9f-8b9f-a4bdd6473c68-700x500.jpg\" height=\"500\" width=\"700\" alt=\"\" class=\"slider-22273 slide-22303\" title=\"3868c615-9a54-4c9f-8b9f-a4bdd6473c68\" style=\"display: none;\" \/><\/a>\n<a href=\"javascript:void(0)\" target=\"_self\"><img src=\"https:\/\/superior-infd.mendoza.edu.ar\/sitio\/wp-content\/uploads\/2023\/10\/11808cc0-aa23-4aaf-abcc-b643f720f8ce-700x500.jpg\" height=\"500\" width=\"700\" alt=\"\" class=\"slider-22273 slide-22304\" title=\"11808cc0-aa23-4aaf-abcc-b643f720f8ce\" style=\"display: none;\" \/><\/a>\n<a href=\"javascript:void(0)\" target=\"_self\"><img src=\"https:\/\/superior-infd.mendoza.edu.ar\/sitio\/wp-content\/uploads\/2023\/10\/94fe40ac-3438-4663-b034-1045540a268b-700x500.jpg\" height=\"500\" width=\"700\" alt=\"\" class=\"slider-22273 slide-22305\" title=\"94fe40ac-3438-4663-b034-1045540a268b\" style=\"display: none;\" \/><\/a>\n<a href=\"javascript:void(0)\" target=\"_self\"><img src=\"https:\/\/superior-infd.mendoza.edu.ar\/sitio\/wp-content\/uploads\/2023\/10\/9dee129f-1b56-450c-a89b-102644efb2fd-700x500.jpg\" height=\"500\" width=\"700\" alt=\"\" class=\"slider-22273 slide-22306\" title=\"9dee129f-1b56-450c-a89b-102644efb2fd\" style=\"display: none;\" \/><\/a>\n<a href=\"javascript:void(0)\" target=\"_self\"><img src=\"https:\/\/superior-infd.mendoza.edu.ar\/sitio\/wp-content\/uploads\/2023\/10\/4c26b80c-b01d-4596-85aa-26fd74ca93d9-700x500.jpg\" height=\"500\" width=\"700\" alt=\"\" class=\"slider-22273 slide-22307\" title=\"4c26b80c-b01d-4596-85aa-26fd74ca93d9\" style=\"display: none;\" \/><\/a>\n<a href=\"javascript:void(0)\" target=\"_self\"><img src=\"https:\/\/superior-infd.mendoza.edu.ar\/sitio\/wp-content\/uploads\/2023\/10\/5c4937f7-9659-4872-be25-e4ba138a5392-700x500.jpg\" height=\"500\" width=\"700\" alt=\"\" class=\"slider-22273 slide-22308\" title=\"5c4937f7-9659-4872-be25-e4ba138a5392\" style=\"display: none;\" \/><\/a>\n<a href=\"javascript:void(0)\" target=\"_self\"><img src=\"https:\/\/superior-infd.mendoza.edu.ar\/sitio\/wp-content\/uploads\/2023\/10\/6b4d9cbc-e137-4d78-b347-2e9a83069a32-700x500.jpg\" height=\"500\" width=\"700\" alt=\"\" class=\"slider-22273 slide-22309\" title=\"6b4d9cbc-e137-4d78-b347-2e9a83069a32\" style=\"display: none;\" \/><\/a>\n<a href=\"javascript:void(0)\" target=\"_self\"><img src=\"https:\/\/superior-infd.mendoza.edu.ar\/sitio\/wp-content\/uploads\/2023\/10\/04e109fb-983c-4db4-b5f3-e02fe698cea8-700x500.jpg\" height=\"500\" width=\"700\" alt=\"\" class=\"slider-22273 slide-22310\" title=\"04e109fb-983c-4db4-b5f3-e02fe698cea8\" style=\"display: none;\" \/><\/a>\n        <\/div>\n        \n    <\/div>\n<\/div><\/div>\n","protected":false},"excerpt":{"rendered":"<p>Docentes y estudiantes se re\u00fanen los d\u00edas s\u00e1bados para aportar al crecimiento del instituto, compartir mates, charlas y aprender a pintar, reciclar y construir mobiliario para los espacios de recreaci\u00f3n en el patio. El IES N\u00b0 9-011 Del Atuel impuls\u00f3 en forma espont\u00e1nea un hermoso proyecto para aportar al crecimiento edilicio de la instituci\u00f3n. Los &#8230; <a title=\"Hay equipo: estudiantes y docentes del IES del Atuel hacen bancos y refacciones edilicias en su instituci\u00f3n\" class=\"read-more\" href=\"https:\/\/superior-infd.mendoza.edu.ar\/sitio\/hay-equipo-estudiantes-y-docentes-del-ies-del-atuel-hacen-bancos-y-refacciones-edilicias-en-su-institucion\/\" aria-label=\"More on Hay equipo: estudiantes y docentes del IES del Atuel hacen bancos y refacciones edilicias en su instituci\u00f3n\">[+]<\/a><\/p>\n","protected":false},"author":2399,"featured_media":22276,"comment_status":"closed","ping_status":"closed","sticky":false,"template":"","format":"standard","meta":[],"categories":[6,10,11],"tags":[],"acf":[],"_links":{"self":[{"href":"https:\/\/superior-infd.mendoza.edu.ar\/sitio\/wp-json\/wp\/v2\/posts\/22292"}],"collection":[{"href":"https:\/\/superior-infd.mendoza.edu.ar\/sitio\/wp-json\/wp\/v2\/posts"}],"about":[{"href":"https:\/\/superior-infd.mendoza.edu.ar\/sitio\/wp-json\/wp\/v2\/types\/post"}],"author":[{"embeddable":true,"href":"https:\/\/superior-infd.mendoza.edu.ar\/sitio\/wp-json\/wp\/v2\/users\/2399"}],"replies":[{"embeddable":true,"href":"https:\/\/superior-infd.mendoza.edu.ar\/sitio\/wp-json\/wp\/v2\/comments?post=22292"}],"version-history":[{"count":1,"href":"https:\/\/superior-infd.mendoza.edu.ar\/sitio\/wp-json\/wp\/v2\/posts\/22292\/revisions"}],"predecessor-version":[{"id":22293,"href":"https:\/\/superior-infd.mendoza.edu.ar\/sitio\/wp-json\/wp\/v2\/posts\/22292\/revisions\/22293"}],"wp:featuredmedia":[{"embeddable":true,"href":"https:\/\/superior-infd.mendoza.edu.ar\/sitio\/wp-json\/wp\/v2\/media\/22276"}],"wp:attachment":[{"href":"https:\/\/superior-infd.mendoza.edu.ar\/sitio\/wp-json\/wp\/v2\/media?parent=22292"}],"wp:term":[{"taxonomy":"category","embeddable":true,"href":"https:\/\/superior-infd.mendoza.edu.ar\/sitio\/wp-json\/wp\/v2\/categories?post=22292"},{"taxonomy":"post_tag","embeddable":true,"href":"https:\/\/superior-infd.mendoza.edu.ar\/sitio\/wp-json\/wp\/v2\/tags?post=22292"}],"curies":[{"name":"wp","href":"https:\/\/api.w.org\/{rel}","templated":true}]}}