{"id":22106,"date":"2023-10-09T15:22:21","date_gmt":"2023-10-09T18:22:21","guid":{"rendered":"https:\/\/superior-infd.mendoza.edu.ar\/sitio\/?p=22106"},"modified":"2023-10-09T15:22:23","modified_gmt":"2023-10-09T18:22:23","slug":"educacion-superior-realizo-conversatorios-sobre-la-implementacion-de-los-nuevos-disenos-curriculares-en-carreras-de-formacion-docente","status":"publish","type":"post","link":"https:\/\/superior-infd.mendoza.edu.ar\/sitio\/educacion-superior-realizo-conversatorios-sobre-la-implementacion-de-los-nuevos-disenos-curriculares-en-carreras-de-formacion-docente\/","title":{"rendered":"<strong><em>Educaci\u00f3n Superior realiz\u00f3 conversatorios sobre la implementaci\u00f3n de los nuevos dise\u00f1os curriculares en carreras de formaci\u00f3n docente<\/em><\/strong>"},"content":{"rendered":"\n<p><em>Coordinadores de carrera y profesores participaron de la jornada de capacitaci\u00f3n y trabajo dictada por la CGES en el IES N\u00b09-023 de Maip\u00fa.<\/em><\/p>\n\n\n\n<p>La Coordinaci\u00f3n General de Educaci\u00f3n Superior (CGES), dependiente de la Direcci\u00f3n General de Escuelas, dio inicio a una serie de conversatorios y talleres destinados a capacitar y trabajar junto a coordinadores de carrera y profesores que tendr\u00e1n a su cargo la implementaci\u00f3n de los nuevos dise\u00f1os curriculares de las 6 carreras de formaci\u00f3n docente que a partir del 2024 renovar\u00e1n sus planes de estudio: <em>Profesorado de de Educaci\u00f3n Secundaria en Lengua y Literatura, Profesorado de Educaci\u00f3n Especial con orientaci\u00f3n en discapacidad intelectual, Profesorado de Educaci\u00f3n Secundaria en Matem\u00e1tica, Profesorado de Educaci\u00f3n Primaria, Profesorado de Educaci\u00f3n Inicial y Profesorado de Ingl\u00e9s.<\/em><\/p>\n\n\n\n<p>La primera jornada de capacitaci\u00f3n se realiz\u00f3 el 4 de octubre en el IES N\u00b0 9-023 de Maip\u00fa y estuvo destinada a Institutos de Educaci\u00f3n Superior de Formaci\u00f3n Docente (ISFD) de gesti\u00f3n estatal y privada de las zonas Norte, Este y Valle de Uco. La pr\u00f3xima fecha en agenda es el 25 de octubre y se realizar\u00e1 para trabajar junto a institutos ubicados en la zona Sur: Malarg\u00fce, General Alvear y San Rafael.<\/p>\n\n\n\n<p>Claudia Ferro, parte del equipo curricular de la CGES, explic\u00f3:<em> \u201cHabiendose emitido las resoluciones provinciales de validaci\u00f3n de los nuevos dise\u00f1os curriculares, se realiz\u00f3 la primera jornada de trabajo con los coordinadores de carreras y profesores que dictar\u00e1n materias del campo de la formaci\u00f3n espec\u00edfica de los profesorados de PEP y Lengua y Literatura\u201d.<\/em><\/p>\n\n\n\n<p>Durante el encuentro se trabaj\u00f3 sobre la s\u00edntesis explicativa de las unidades curriculares con el m\u00e9todo del \u201cC\u00edrculo de escucha atenta\u201d para debatir y acordar sobre c\u00f3mo se implementar\u00e1n y trabajar\u00e1n los nuevos planes de estudio. Se pidi\u00f3 a los\/as participantes que previamente leyeran todo el material que se abordar\u00eda durante la jornada y elijan una parte que les haya gustado o generado dudas para compartir como disparadora, para nutrir la charla y el debate junto a colegas.<\/p>\n\n\n\n<p>Ferro detall\u00f3: <em>\u201cEl primer paso es ponerlos en contacto con el material con el que deber\u00e1n comenzar a trabajar el a\u00f1o que viene, a partir de la implementaci\u00f3n de los nuevos dise\u00f1os curriculares. En esta instancia no se trata de consultas, porque hemos hecho un largo proceso de consultas y ajustes durante los dos \u00faltimos a\u00f1os. En estas jornadas lo que presentamos es el documento final, lo que se construy\u00f3 y comenzar\u00e1 a funcionar a partir del 2024. Est\u00e1n emitidas las resoluciones correspondientes y entraron al circuito de validez nacional\u201d.<\/em><\/p>\n\n\n\n<p>Para finalizar, la referente del \u00e1rea destac\u00f3: <em>\u201cLa participaci\u00f3n de coordinadores y profesores fue muy activa, muy compenetrados con la responsabilidad de la tarea. Pudimos debatir y construir colectivamente a partir de la&nbsp; discusi\u00f3n de las s\u00edntesis explicativas, acerca del desempe\u00f1o profesional docente y de la responsabilidad en la formaci\u00f3n de formadores\u201d.&nbsp;<\/em> Una vez finalizados estos conversatorios, desde Educaci\u00f3n Superior se coordinar\u00e1n seminarios-simposios de actualizaci\u00f3n bibliogr\u00e1fica y se continuar\u00e1 con talleres de Programas y Gesti\u00f3n de proyectos destinados a docentes y coordinadores de las carreras que a partir del 2024 actualizar\u00e1n sus dise\u00f1os curriculares.<\/p>\n","protected":false},"excerpt":{"rendered":"<p>Coordinadores de carrera y profesores participaron de la jornada de capacitaci\u00f3n y trabajo dictada por la CGES en el IES N\u00b09-023 de Maip\u00fa. La Coordinaci\u00f3n General de Educaci\u00f3n Superior (CGES), dependiente de la Direcci\u00f3n General de Escuelas, dio inicio a una serie de conversatorios y talleres destinados a capacitar y trabajar junto a coordinadores de &#8230; <a title=\"Educaci\u00f3n Superior realiz\u00f3 conversatorios sobre la implementaci\u00f3n de los nuevos dise\u00f1os curriculares en carreras de formaci\u00f3n docente\" class=\"read-more\" href=\"https:\/\/superior-infd.mendoza.edu.ar\/sitio\/educacion-superior-realizo-conversatorios-sobre-la-implementacion-de-los-nuevos-disenos-curriculares-en-carreras-de-formacion-docente\/\" aria-label=\"More on Educaci\u00f3n Superior realiz\u00f3 conversatorios sobre la implementaci\u00f3n de los nuevos dise\u00f1os curriculares en carreras de formaci\u00f3n docente\">[+]<\/a><\/p>\n","protected":false},"author":2399,"featured_media":22107,"comment_status":"closed","ping_status":"closed","sticky":false,"template":"","format":"standard","meta":[],"categories":[6,10,11],"tags":[],"acf":[],"_links":{"self":[{"href":"https:\/\/superior-infd.mendoza.edu.ar\/sitio\/wp-json\/wp\/v2\/posts\/22106"}],"collection":[{"href":"https:\/\/superior-infd.mendoza.edu.ar\/sitio\/wp-json\/wp\/v2\/posts"}],"about":[{"href":"https:\/\/superior-infd.mendoza.edu.ar\/sitio\/wp-json\/wp\/v2\/types\/post"}],"author":[{"embeddable":true,"href":"https:\/\/superior-infd.mendoza.edu.ar\/sitio\/wp-json\/wp\/v2\/users\/2399"}],"replies":[{"embeddable":true,"href":"https:\/\/superior-infd.mendoza.edu.ar\/sitio\/wp-json\/wp\/v2\/comments?post=22106"}],"version-history":[{"count":1,"href":"https:\/\/superior-infd.mendoza.edu.ar\/sitio\/wp-json\/wp\/v2\/posts\/22106\/revisions"}],"predecessor-version":[{"id":22108,"href":"https:\/\/superior-infd.mendoza.edu.ar\/sitio\/wp-json\/wp\/v2\/posts\/22106\/revisions\/22108"}],"wp:featuredmedia":[{"embeddable":true,"href":"https:\/\/superior-infd.mendoza.edu.ar\/sitio\/wp-json\/wp\/v2\/media\/22107"}],"wp:attachment":[{"href":"https:\/\/superior-infd.mendoza.edu.ar\/sitio\/wp-json\/wp\/v2\/media?parent=22106"}],"wp:term":[{"taxonomy":"category","embeddable":true,"href":"https:\/\/superior-infd.mendoza.edu.ar\/sitio\/wp-json\/wp\/v2\/categories?post=22106"},{"taxonomy":"post_tag","embeddable":true,"href":"https:\/\/superior-infd.mendoza.edu.ar\/sitio\/wp-json\/wp\/v2\/tags?post=22106"}],"curies":[{"name":"wp","href":"https:\/\/api.w.org\/{rel}","templated":true}]}}