{"id":19592,"date":"2022-12-15T17:23:39","date_gmt":"2022-12-15T20:23:39","guid":{"rendered":"https:\/\/superior-infd.mendoza.edu.ar\/sitio\/?p=19592"},"modified":"2022-12-27T13:44:13","modified_gmt":"2022-12-27T16:44:13","slug":"informacion-para-los-docentes-que-participran-del-concurso-publico-abierto-de-titulos-antecedentes-y-oposicion-en-el-nivel-superior","status":"publish","type":"post","link":"https:\/\/superior-infd.mendoza.edu.ar\/sitio\/informacion-para-los-docentes-que-participran-del-concurso-publico-abierto-de-titulos-antecedentes-y-oposicion-en-el-nivel-superior\/","title":{"rendered":"Listado de perfiles por espacio curricular"},"content":{"rendered":"\n<p>La Coordinaci\u00f3n General de Educaci\u00f3n Superior informa que:<\/p>\n\n\n\n<ol><li>Toda la informaci\u00f3n relacionada con el concurso p\u00fablico, abierto, de t\u00edtulos, antecedentes y oposici\u00f3n en el Nivel Superior se encuentra publicado en el sitio de la CGES: <a rel=\"noreferrer noopener\" href=\"https:\/\/superior-infd.mendoza.edu.ar\/sitio\/titularizacion\/\" target=\"_blank\">https:\/\/superior-infd.mendoza.edu.ar\/sitio\/titularizacion\/<\/a> All\u00ed encontrar\u00e1n tambi\u00e9n el <a href=\"https:\/\/drive.google.com\/file\/d\/1N442nqtWh8gmja9sOZEES1X32RuUbDbv\/view?usp=share_link\" target=\"_blank\" rel=\"noreferrer noopener\">tutorial<\/a> para la carga de antecedentes.  <\/li><\/ol>\n\n\n\n<p>2. &nbsp;&nbsp;&nbsp;&nbsp;Se encuentra habilitada desde las cero horas del d\u00eda de la fecha y hasta el 28 de diciembre de 2022 la plataforma para la inscripci\u00f3n en el concurso. El sistema de tabulaci\u00f3n se encuentra alojado en <a href=\"https:\/\/dti.mendoza.edu.ar\/superior\/\" target=\"_blank\" rel=\"noreferrer noopener\">https:\/\/dti.mendoza.edu.ar\/superior\/<\/a><\/p>\n\n\n\n<p class=\"has-vivid-red-color has-text-color has-medium-font-size\">3.- <strong>Se pone a disposici\u00f3n de los concursantes el listado de perfiles por espacio curricular (actualizado 18\/12\/2022)<\/strong><\/p>\n\n\n\n<iframe loading=\"lazy\" src=\"https:\/\/drive.google.com\/file\/d\/1crMwDFJ3p1lLr9JZ0GFbDfzYeXgNGUqQ\/preview\" width=\"640\" height=\"480\" allow=\"autoplay\"><\/iframe>\n\n\n\n<p>Se agrega al listado publicado el perfil que a continuaci\u00f3n se detalla en los tres espacios curriculares explicitados. Se recuerda que el listado no es excluyente y podr\u00e1n inscribirse otros perfiles a considerar.<\/p>\n\n\n\n<iframe loading=\"lazy\" src=\"https:\/\/drive.google.com\/file\/d\/1OijjQKvXUiVloDSXtbKRwwMnQfM9mXH8\/preview\" width=\"640\" height=\"480\" allow=\"autoplay\"><\/iframe>\n\n\n\n<p>4. Al mismo tiempo se recomienda que, antes de iniciar la inscripci\u00f3n en la plataforma, organicen el curriculum vitae con el formato detallado en la <a href=\"https:\/\/drive.google.com\/file\/d\/1r_m1A29YNNkZOi0x1EHUmXXVn_S85Oge\/view?usp=share_link\">Res. N\u00ba 281-CGES-DGE-2022 Anexo I.<\/a><\/p>\n\n\n\n<div class=\"wp-block-buttons is-content-justification-center is-layout-flex\">\n<div class=\"wp-block-button\"><a class=\"wp-block-button__link has-text-color has-background\" href=\"https:\/\/drive.google.com\/file\/d\/1crMwDFJ3p1lLr9JZ0GFbDfzYeXgNGUqQ\/view?usp=share_link\" style=\"border-radius:2px;background-color:#ba0c49;color:#fffffa\" target=\"_blank\" rel=\"noreferrer noopener\">Listado de perfiles por espacio curricular<\/a><\/div>\n<\/div>\n\n\n\n<div class=\"wp-block-buttons is-content-justification-center is-layout-flex\">\n<div class=\"wp-block-button\"><a class=\"wp-block-button__link has-text-color has-background\" href=\"https:\/\/drive.google.com\/file\/d\/1OijjQKvXUiVloDSXtbKRwwMnQfM9mXH8\/view?usp=sharing\" style=\"border-radius:2px;background-color:#ba0c49;color:#fffffa\" target=\"_blank\" rel=\"noreferrer noopener\">Ampliaci\u00f3n de perfiles 27\/12<\/a><\/div>\n<\/div>\n\n\n\n<div class=\"wp-block-buttons is-content-justification-center is-layout-flex\">\n<div class=\"wp-block-button\"><a class=\"wp-block-button__link has-text-color has-background\" href=\"https:\/\/drive.google.com\/file\/d\/1N442nqtWh8gmja9sOZEES1X32RuUbDbv\/view\" style=\"border-radius:2px;background-color:#ba0c49;color:#fffffa\" target=\"_blank\" rel=\"noreferrer noopener\">Acceso al tutorial<\/a><\/div>\n<\/div>\n\n\n\n<div class=\"wp-block-buttons is-content-justification-center is-layout-flex\">\n<div class=\"wp-block-button\"><a class=\"wp-block-button__link has-text-color has-background\" href=\"https:\/\/drive.google.com\/file\/d\/1r_m1A29YNNkZOi0x1EHUmXXVn_S85Oge\/view?usp=share_link\" style=\"border-radius:2px;background-color:#ba0c49;color:#fffffa\" target=\"_blank\" rel=\"noreferrer noopener\">Anexo Res. N\u00b0 281-CGES-DGE.2022<\/a><\/div>\n<\/div>\n\n\n\n<p><\/p>\n","protected":false},"excerpt":{"rendered":"<p>La Coordinaci\u00f3n General de Educaci\u00f3n Superior informa que: Toda la informaci\u00f3n relacionada con el concurso p\u00fablico, abierto, de t\u00edtulos, antecedentes y oposici\u00f3n en el Nivel Superior se encuentra publicado en el sitio de la CGES: https:\/\/superior-infd.mendoza.edu.ar\/sitio\/titularizacion\/ All\u00ed encontrar\u00e1n tambi\u00e9n el tutorial para la carga de antecedentes. 2. &nbsp;&nbsp;&nbsp;&nbsp;Se encuentra habilitada desde las cero horas del &#8230; <a title=\"Listado de perfiles por espacio curricular\" class=\"read-more\" href=\"https:\/\/superior-infd.mendoza.edu.ar\/sitio\/informacion-para-los-docentes-que-participran-del-concurso-publico-abierto-de-titulos-antecedentes-y-oposicion-en-el-nivel-superior\/\" aria-label=\"More on Listado de perfiles por espacio curricular\">[+]<\/a><\/p>\n","protected":false},"author":2548,"featured_media":19337,"comment_status":"open","ping_status":"open","sticky":false,"template":"","format":"standard","meta":[],"categories":[6,11,82],"tags":[],"acf":[],"_links":{"self":[{"href":"https:\/\/superior-infd.mendoza.edu.ar\/sitio\/wp-json\/wp\/v2\/posts\/19592"}],"collection":[{"href":"https:\/\/superior-infd.mendoza.edu.ar\/sitio\/wp-json\/wp\/v2\/posts"}],"about":[{"href":"https:\/\/superior-infd.mendoza.edu.ar\/sitio\/wp-json\/wp\/v2\/types\/post"}],"author":[{"embeddable":true,"href":"https:\/\/superior-infd.mendoza.edu.ar\/sitio\/wp-json\/wp\/v2\/users\/2548"}],"replies":[{"embeddable":true,"href":"https:\/\/superior-infd.mendoza.edu.ar\/sitio\/wp-json\/wp\/v2\/comments?post=19592"}],"version-history":[{"count":13,"href":"https:\/\/superior-infd.mendoza.edu.ar\/sitio\/wp-json\/wp\/v2\/posts\/19592\/revisions"}],"predecessor-version":[{"id":19643,"href":"https:\/\/superior-infd.mendoza.edu.ar\/sitio\/wp-json\/wp\/v2\/posts\/19592\/revisions\/19643"}],"wp:featuredmedia":[{"embeddable":true,"href":"https:\/\/superior-infd.mendoza.edu.ar\/sitio\/wp-json\/wp\/v2\/media\/19337"}],"wp:attachment":[{"href":"https:\/\/superior-infd.mendoza.edu.ar\/sitio\/wp-json\/wp\/v2\/media?parent=19592"}],"wp:term":[{"taxonomy":"category","embeddable":true,"href":"https:\/\/superior-infd.mendoza.edu.ar\/sitio\/wp-json\/wp\/v2\/categories?post=19592"},{"taxonomy":"post_tag","embeddable":true,"href":"https:\/\/superior-infd.mendoza.edu.ar\/sitio\/wp-json\/wp\/v2\/tags?post=19592"}],"curies":[{"name":"wp","href":"https:\/\/api.w.org\/{rel}","templated":true}]}}