{"id":19004,"date":"2022-09-09T20:20:32","date_gmt":"2022-09-09T23:20:32","guid":{"rendered":"https:\/\/superior-infd.mendoza.edu.ar\/sitio\/?p=19004"},"modified":"2022-09-09T20:20:33","modified_gmt":"2022-09-09T23:20:33","slug":"nuevas-inscripcion-para-iii-cohorte-del-curso-caja-de-herramientas-para-usos-significativos-de-tic-en-espacios-virtuales-educativos","status":"publish","type":"post","link":"https:\/\/superior-infd.mendoza.edu.ar\/sitio\/nuevas-inscripcion-para-iii-cohorte-del-curso-caja-de-herramientas-para-usos-significativos-de-tic-en-espacios-virtuales-educativos\/","title":{"rendered":"Nuevas inscripci\u00f3n para III cohorte del curso \u201cCaja de herramientas para usos significativos de TIC en espacios virtuales educativos\u201d"},"content":{"rendered":"\n<p class=\"has-vivid-green-cyan-background-color has-background\"><em>La formaci\u00f3n se dicta desde el \u00e1rea de Educaci\u00f3n a Distancia de la Coordinaci\u00f3n General de Educaci\u00f3n Superior de la DGE. En las ediciones anteriores se capacitaron m\u00e1s de 100 docentes de toda la provincia. Es gratuito y otorga puntaje docente.<\/em><\/p>\n\n\n\n<p>La Coordinaci\u00f3n General de Educaci\u00f3n Superior, de la DGE, a trav\u00e9s del \u00e1rea de Educaci\u00f3n a Distancia, abre la inscripci\u00f3n para la tercera cohorte del curso \u201cCaja de Herramientas para usos significativos de TIC en espacios virtuales educativos\u201d. La capacitaci\u00f3n es totalmente virtual y gratuita, est\u00e1 destinada a docentes de todos los niveles educativos, tiene 65 horas de duraci\u00f3n, y otorga puntaje docente, seg\u00fan la resoluci\u00f3n N\u00b01898 CGES-DGE.<\/p>\n\n\n\n<p>La formaci\u00f3n brinda una caja de herramientas que no solo permite a los profesores y profesoras utilizar aplicaciones y plataformas para crear espacios virtuales m\u00e1s cercanos a sus estudiantes y a sus contextos, sino que da pautas para que lo hagan apostando a procesos de ense\u00f1anza\/aprendizaje conscientes y significativos.<\/p>\n\n\n\n<p>La pandemia de Covid-19 oblig\u00f3 a la mayor\u00eda de los docentes a incorporar tecnolog\u00eda para el dise\u00f1o de materiales did\u00e1cticos virtuales y tambi\u00e9n con la exigencia de que fueran m\u00e1s est\u00e9ticos y din\u00e1micos.<\/p>\n\n\n\n<p>Este curso, que en sus dos ediciones anteriores (septiembre de 2021 y abril de 2022) ya capacit\u00f3 a m\u00e1s de 100 docentes de toda la provincia, propone brindar a los profesores y profesores condiciones m\u00e1s accesibles de dise\u00f1o de espacios de aprendizaje activo, con objetivos pedag\u00f3gicos claros y coherentes, a trav\u00e9s de recursos digitales e Internet, y en los cuales la mediaci\u00f3n de contenidos sea efectiva desde lo did\u00e1ctico y no una mera aplicaci\u00f3n injustificada de TIC.<\/p>\n\n\n\n<p>La formaci\u00f3n propone integrar las nuevas tecnolog\u00edas de informaci\u00f3n y comunicaci\u00f3n a partir de la revisi\u00f3n de nuestras pr\u00e1cticas docentes y de la resignificaci\u00f3n de los conocimientos pedag\u00f3gicos que implementamos cuando incluimos esas herramientas digitales en nuestros cursos.<\/p>\n\n\n\n<p>El curso comienza el 19 de septiembre. Los interesados pueden consultar m\u00e1s informaci\u00f3n e inscribirse en este enlace: <a href=\"https:\/\/bit.ly\/3xdeT8J\">https:\/\/bit.ly\/3xdeT8J<\/a><\/p>\n\n\n\n<div class=\"wp-block-group\"><div class=\"wp-block-group__inner-container is-layout-flow\">\n<div class=\"wp-block-image\"><figure class=\"aligncenter size-large is-resized\"><img decoding=\"async\" loading=\"lazy\" src=\"https:\/\/superior-infd.mendoza.edu.ar\/sitio\/wp-content\/uploads\/2022\/09\/IMG-20220909-WA0001-1.jpg\" alt=\"\" class=\"wp-image-19007\" width=\"453\" height=\"640\" srcset=\"https:\/\/superior-infd.mendoza.edu.ar\/sitio\/wp-content\/uploads\/2022\/09\/IMG-20220909-WA0001-1.jpg 905w, https:\/\/superior-infd.mendoza.edu.ar\/sitio\/wp-content\/uploads\/2022\/09\/IMG-20220909-WA0001-1-707x1000.jpg 707w, https:\/\/superior-infd.mendoza.edu.ar\/sitio\/wp-content\/uploads\/2022\/09\/IMG-20220909-WA0001-1-768x1086.jpg 768w\" sizes=\"(max-width: 453px) 100vw, 453px\" \/><\/figure><\/div>\n<\/div><\/div>\n\n\n\n<p>Quienes deseen consultar m\u00e1s detalles pueden escribir al correo: <a href=\"mailto:miradas_cges@mendoza.edu.ar\">miradas_cges@mendoza.edu.ar<\/a><\/p>\n","protected":false},"excerpt":{"rendered":"<p>La formaci\u00f3n se dicta desde el \u00e1rea de Educaci\u00f3n a Distancia de la Coordinaci\u00f3n General de Educaci\u00f3n Superior de la DGE. En las ediciones anteriores se capacitaron m\u00e1s de 100 docentes de toda la provincia. Es gratuito y otorga puntaje docente. La Coordinaci\u00f3n General de Educaci\u00f3n Superior, de la DGE, a trav\u00e9s del \u00e1rea de &#8230; <a title=\"Nuevas inscripci\u00f3n para III cohorte del curso \u201cCaja de herramientas para usos significativos de TIC en espacios virtuales educativos\u201d\" class=\"read-more\" href=\"https:\/\/superior-infd.mendoza.edu.ar\/sitio\/nuevas-inscripcion-para-iii-cohorte-del-curso-caja-de-herramientas-para-usos-significativos-de-tic-en-espacios-virtuales-educativos\/\" aria-label=\"More on Nuevas inscripci\u00f3n para III cohorte del curso \u201cCaja de herramientas para usos significativos de TIC en espacios virtuales educativos\u201d\">[+]<\/a><\/p>\n","protected":false},"author":2548,"featured_media":19006,"comment_status":"open","ping_status":"open","sticky":false,"template":"","format":"standard","meta":[],"categories":[85,6,11],"tags":[],"acf":[],"_links":{"self":[{"href":"https:\/\/superior-infd.mendoza.edu.ar\/sitio\/wp-json\/wp\/v2\/posts\/19004"}],"collection":[{"href":"https:\/\/superior-infd.mendoza.edu.ar\/sitio\/wp-json\/wp\/v2\/posts"}],"about":[{"href":"https:\/\/superior-infd.mendoza.edu.ar\/sitio\/wp-json\/wp\/v2\/types\/post"}],"author":[{"embeddable":true,"href":"https:\/\/superior-infd.mendoza.edu.ar\/sitio\/wp-json\/wp\/v2\/users\/2548"}],"replies":[{"embeddable":true,"href":"https:\/\/superior-infd.mendoza.edu.ar\/sitio\/wp-json\/wp\/v2\/comments?post=19004"}],"version-history":[{"count":1,"href":"https:\/\/superior-infd.mendoza.edu.ar\/sitio\/wp-json\/wp\/v2\/posts\/19004\/revisions"}],"predecessor-version":[{"id":19008,"href":"https:\/\/superior-infd.mendoza.edu.ar\/sitio\/wp-json\/wp\/v2\/posts\/19004\/revisions\/19008"}],"wp:featuredmedia":[{"embeddable":true,"href":"https:\/\/superior-infd.mendoza.edu.ar\/sitio\/wp-json\/wp\/v2\/media\/19006"}],"wp:attachment":[{"href":"https:\/\/superior-infd.mendoza.edu.ar\/sitio\/wp-json\/wp\/v2\/media?parent=19004"}],"wp:term":[{"taxonomy":"category","embeddable":true,"href":"https:\/\/superior-infd.mendoza.edu.ar\/sitio\/wp-json\/wp\/v2\/categories?post=19004"},{"taxonomy":"post_tag","embeddable":true,"href":"https:\/\/superior-infd.mendoza.edu.ar\/sitio\/wp-json\/wp\/v2\/tags?post=19004"}],"curies":[{"name":"wp","href":"https:\/\/api.w.org\/{rel}","templated":true}]}}