{"id":18164,"date":"2022-04-08T20:51:55","date_gmt":"2022-04-08T23:51:55","guid":{"rendered":"https:\/\/superior-infd.mendoza.edu.ar\/sitio\/?p=18164"},"modified":"2022-04-08T22:11:15","modified_gmt":"2022-04-09T01:11:15","slug":"convocatoria-a-pasantias-educativas-tutores-de-matematica-nivel-primario","status":"publish","type":"post","link":"https:\/\/superior-infd.mendoza.edu.ar\/sitio\/convocatoria-a-pasantias-educativas-tutores-de-matematica-nivel-primario\/","title":{"rendered":"Convocatoria a pasant\u00edas educativas- Tutores de Matem\u00e1tica (nivel primario)"},"content":{"rendered":"\n<p class=\"has-vivid-green-cyan-background-color has-background\"><strong><em>Implementaci\u00f3n de un programa de tutor\u00edas telef\u00f3nicas dirigido a un conjunto de ni\u00f1as, ni\u00f1os y adolescentes de entre 10 y 13 a\u00f1os con el objetivo de apoyar y acompa\u00f1ar los aprendizajes en el \u00e1rea de matem\u00e1tica.&nbsp;<\/em><\/strong><\/p>\n\n\n\n<p>Esta iniciativa forma parte del conjunto de acciones destinadas a mitigar la p\u00e9rdida de aprendizajes producida como consecuencia de la pandemia por COVID-19 y a contribuir a la recuperaci\u00f3n de esos aprendizajes. El programa de tutor\u00edas ser\u00e1 implementado junto al Centro de Evaluaci\u00f3n de Pol\u00edticas Basadas en Evidencia de la Universidad Torcuato Di Tella y al Banco Interamericano de Desarrollo.<\/p>\n\n\n\n<p>Se invita a  a los estudiantes de las carreras docentes del Profesorado de Educaci\u00f3n Primaria Primaria (PEP) y Profesora de Educaci\u00f3n Secundaria de Matem\u00e1tica  a presentarse a la convocatoria para formar parte del programa de <strong>tutor\u00edas telef\u00f3nicas en matem\u00e1tica<\/strong>. Para postularse, aquellos estudiantes interesados podr\u00e1n hacerlo completando el formulario de postulaci\u00f3n en este <a rel=\"noreferrer noopener\" href=\"https:\/\/forms.gle\/hYNat1yfyasric737\" target=\"_blank\">link.<\/a><\/p>\n\n\n\n<p>Las actividades de tutor\u00eda tendr\u00e1n una duraci\u00f3n de 8 semanas, los tutores recibir\u00e1n una&nbsp; capacitaci\u00f3n&nbsp; en l\u00ednea sobre la modalidad de trabajo remoto, los contenidos y las actividades de ense\u00f1anza que han sido desarrolladas en sinton\u00eda&nbsp; con los lineamientos curriculares del nivel para el \u00e1rea de matem\u00e1tica. Se prev\u00e9 que los tutores reciban un estipendio econ\u00f3mico a trav\u00e9s de una beca gestionada por el Ministerio por su participaci\u00f3n y una suma de dinero extra para afrontar los gastos de tel\u00e9fono. El Programa contempla instancias de acompa\u00f1amiento y asistencia operativa a los tutores realizando un seguimiento de su tarea.<\/p>\n\n\n\n<figure class=\"wp-block-image size-large\"><img decoding=\"async\" loading=\"lazy\" width=\"1248\" height=\"1280\" src=\"https:\/\/superior-infd.mendoza.edu.ar\/sitio\/wp-content\/uploads\/2022\/04\/Convocatoria-a-Tutorias-1.jpeg\" alt=\"\" class=\"wp-image-18172\" srcset=\"https:\/\/superior-infd.mendoza.edu.ar\/sitio\/wp-content\/uploads\/2022\/04\/Convocatoria-a-Tutorias-1.jpeg 1248w, https:\/\/superior-infd.mendoza.edu.ar\/sitio\/wp-content\/uploads\/2022\/04\/Convocatoria-a-Tutorias-1-975x1000.jpeg 975w, https:\/\/superior-infd.mendoza.edu.ar\/sitio\/wp-content\/uploads\/2022\/04\/Convocatoria-a-Tutorias-1-768x788.jpeg 768w\" sizes=\"(max-width: 1248px) 100vw, 1248px\" \/><\/figure>\n\n\n\n<p>Esta iniciativa constituye una oportunidad y un espacio de acompa\u00f1amiento al aprendizaje para las alumnas y alumnos y una interesante experiencia de formaci\u00f3n en la pr\u00e1ctica.<\/p>\n","protected":false},"excerpt":{"rendered":"<p>Implementaci\u00f3n de un programa de tutor\u00edas telef\u00f3nicas dirigido a un conjunto de ni\u00f1as, ni\u00f1os y adolescentes de entre 10 y 13 a\u00f1os con el objetivo de apoyar y acompa\u00f1ar los aprendizajes en el \u00e1rea de matem\u00e1tica.&nbsp; Esta iniciativa forma parte del conjunto de acciones destinadas a mitigar la p\u00e9rdida de aprendizajes producida como consecuencia de &#8230; <a title=\"Convocatoria a pasant\u00edas educativas- Tutores de Matem\u00e1tica (nivel primario)\" class=\"read-more\" href=\"https:\/\/superior-infd.mendoza.edu.ar\/sitio\/convocatoria-a-pasantias-educativas-tutores-de-matematica-nivel-primario\/\" aria-label=\"More on Convocatoria a pasant\u00edas educativas- Tutores de Matem\u00e1tica (nivel primario)\">[+]<\/a><\/p>\n","protected":false},"author":2548,"featured_media":18185,"comment_status":"open","ping_status":"open","sticky":false,"template":"","format":"standard","meta":[],"categories":[8,6,32],"tags":[],"acf":[],"_links":{"self":[{"href":"https:\/\/superior-infd.mendoza.edu.ar\/sitio\/wp-json\/wp\/v2\/posts\/18164"}],"collection":[{"href":"https:\/\/superior-infd.mendoza.edu.ar\/sitio\/wp-json\/wp\/v2\/posts"}],"about":[{"href":"https:\/\/superior-infd.mendoza.edu.ar\/sitio\/wp-json\/wp\/v2\/types\/post"}],"author":[{"embeddable":true,"href":"https:\/\/superior-infd.mendoza.edu.ar\/sitio\/wp-json\/wp\/v2\/users\/2548"}],"replies":[{"embeddable":true,"href":"https:\/\/superior-infd.mendoza.edu.ar\/sitio\/wp-json\/wp\/v2\/comments?post=18164"}],"version-history":[{"count":4,"href":"https:\/\/superior-infd.mendoza.edu.ar\/sitio\/wp-json\/wp\/v2\/posts\/18164\/revisions"}],"predecessor-version":[{"id":18186,"href":"https:\/\/superior-infd.mendoza.edu.ar\/sitio\/wp-json\/wp\/v2\/posts\/18164\/revisions\/18186"}],"wp:featuredmedia":[{"embeddable":true,"href":"https:\/\/superior-infd.mendoza.edu.ar\/sitio\/wp-json\/wp\/v2\/media\/18185"}],"wp:attachment":[{"href":"https:\/\/superior-infd.mendoza.edu.ar\/sitio\/wp-json\/wp\/v2\/media?parent=18164"}],"wp:term":[{"taxonomy":"category","embeddable":true,"href":"https:\/\/superior-infd.mendoza.edu.ar\/sitio\/wp-json\/wp\/v2\/categories?post=18164"},{"taxonomy":"post_tag","embeddable":true,"href":"https:\/\/superior-infd.mendoza.edu.ar\/sitio\/wp-json\/wp\/v2\/tags?post=18164"}],"curies":[{"name":"wp","href":"https:\/\/api.w.org\/{rel}","templated":true}]}}