{"id":17060,"date":"2021-10-05T11:08:30","date_gmt":"2021-10-05T14:08:30","guid":{"rendered":"https:\/\/superior-infd.mendoza.edu.ar\/sitio\/?p=17060"},"modified":"2021-10-05T12:43:02","modified_gmt":"2021-10-05T15:43:02","slug":"el-equipo-tecnico-de-desarrollo-curricular-de-la-formacion-docente-inicial-de-la-cges-se-reunio-con-los-equipos-curriculares-del-gran-mendoza","status":"publish","type":"post","link":"https:\/\/superior-infd.mendoza.edu.ar\/sitio\/el-equipo-tecnico-de-desarrollo-curricular-de-la-formacion-docente-inicial-de-la-cges-se-reunio-con-los-equipos-curriculares-del-gran-mendoza\/","title":{"rendered":"Avances en los cambios curriculares en Formaci\u00f3n Docente"},"content":{"rendered":"\n<blockquote class=\"wp-block-quote is-style-default\"><p><em>Se convoc\u00f3 a los equipos curriculares con sede en el Gran Mendoza para analizar avances en el trabajo curricular de los Profesorados de Educaci\u00f3n Inicial, Primaria, Lengua y Literatura, Educaci\u00f3n Especial, Ingl\u00e9s, Educaci\u00f3n F\u00edsica y Matem\u00e1tica.<\/em><\/p><\/blockquote>\n\n\n\n<p>La Coordinaci\u00f3n General de Educaci\u00f3n Superior (CGES), a trav\u00e9s del Equipo T\u00e9cnico de Desarrollo Curricular de la Formaci\u00f3n Docente Inicial, convoc\u00f3 a los Equipos Disciplinares, que tienen sede en el Gran Mendoza los d\u00edas 22 y 24 de septiembre para analizar los avances en la definici\u00f3n de los perfiles profesionales que se requieren a los futuros docentes, revisar los criterios que orientan del trabajo curricular de acuerdo a las normativas nacionales y jurisdiccionales y definir la agenda de trabajo para &nbsp;los meses octubre y noviembre.<\/p>\n\n\n\n<p>Atentos al protocolo COVID-19, se coordinaron dos reuniones presenciales para evitar la aglomeraci\u00f3n de personas y respetar el distanciamiento correspondiente. Los encuentros se realizaron el 22 y 24 de septiembre en el Museo de la Educaci\u00f3n ex Escuela Mitre y contaron con la presencia de la Coordinadora General de Educaci\u00f3n Superior Lic. Emma Cunietti y los miembros del equipo t\u00e9cnico de Desarrollo Curricular de CGES, N\u00e9lida Maluf, Marina Ficcardi, Elida Hodar y Mariela Ramos.<\/p>\n\n\n\n<p><strong>Se conformaron dos grupos para avanzar en el cronograma de trabajo.<\/strong><\/p>\n\n\n\n<p>&#x1f4a1;&nbsp;El 22 de septiembre se reunieron los referentes de los equipos curriculares del Profesorado de Educaci\u00f3n Inicial, Marcelo Garc\u00eda y Valeria Villafranca, Profesorado de Educaci\u00f3n Primaria, Claudia Ferro y Viviana Romero, y del Profesorado de Lengua y Literatura Celia Chaab. <\/p>\n\n\n\n<p>&#x1f4a1;En tanto, el 24 de septiembre se trabaj\u00f3 con los referentes de los equipos Curriculares del Profesorado de Matem\u00e1tica, Gabriela Zapata y Mariela Pizzolato, del Profesorado de Educaci\u00f3n Especial Julio Fisher, Stella Suarez y Gustavo Scaffido, y del Profesorado de Ingl\u00e9s Joaqu\u00edn Llobel y Ximena Llobel.<\/p>\n\n\n\n<p>En breve, se prev\u00e9 encuentros con el equipo Curricular del Profesorado de Geograf\u00eda, Teatro, M\u00fasica, Danza y Artes Visuales con sede en el Sur Mendocino.<\/p>\n\n\n\n<hr class=\"wp-block-separator has-text-color has-background has-vivid-green-cyan-background-color has-vivid-green-cyan-color is-style-wide\"\/>\n\n\n\n<h2 class=\"wp-block-heading\">\u00daltimas noticias<\/h2>\n\n\n<ul class=\"wp-block-latest-posts__list is-grid columns-3 aligncenter wp-block-latest-posts\"><li><a class=\"wp-block-latest-posts__post-title\" href=\"https:\/\/superior-infd.mendoza.edu.ar\/sitio\/la-direccion-de-educacion-superior-convoca-a-compartir-historias-para-el-libro-superior-cambia-vidas\/\">La Direcci\u00f3n de Educaci\u00f3n Superior convoca a compartir historias para el libro \u201cSuperior cambia vidas\u201d<\/a><\/li>\n<li><a class=\"wp-block-latest-posts__post-title\" href=\"https:\/\/superior-infd.mendoza.edu.ar\/sitio\/el-ies-don-bosco-abrio-una-nueva-oferta-formativa\/\">El IES Don Bosco abri\u00f3 una nueva oferta formativa<\/a><\/li>\n<li><a class=\"wp-block-latest-posts__post-title\" href=\"https:\/\/superior-infd.mendoza.edu.ar\/sitio\/el-secundario-ya-no-alcanza-el-terciario-se-impuso-como-llave-para-conseguir-empleo-en-argentina\/\">El secundario ya no alcanza: el terciario se impuso como llave para conseguir empleo en Argentina<\/a><\/li>\n<li><a class=\"wp-block-latest-posts__post-title\" href=\"https:\/\/superior-infd.mendoza.edu.ar\/sitio\/continua-la-entrega-de-mochilas-tecnicas-para-estudiantes-de-enfermeria-de-la-zona-norte\/\">Contin\u00faa la entrega de mochilas t\u00e9cnicas para estudiantes de enfermer\u00eda de la Zona Norte<\/a><\/li>\n<li><a class=\"wp-block-latest-posts__post-title\" href=\"https:\/\/superior-infd.mendoza.edu.ar\/sitio\/mendoza-lanza-un-nuevo-postitulo-para-fortalecer-el-rol-del-preceptor-como-tutor-pedagogico\/\">Mendoza lanza un nuevo post\u00edtulo para fortalecer el rol del preceptor como tutor pedag\u00f3gico<\/a><\/li>\n<\/ul>","protected":false},"excerpt":{"rendered":"<p>Se convoc\u00f3 a los equipos curriculares con sede en el Gran Mendoza para analizar avances en el trabajo curricular de los Profesorados de Educaci\u00f3n Inicial, Primaria, Lengua y Literatura, Educaci\u00f3n Especial, Ingl\u00e9s, Educaci\u00f3n F\u00edsica y Matem\u00e1tica. La Coordinaci\u00f3n General de Educaci\u00f3n Superior (CGES), a trav\u00e9s del Equipo T\u00e9cnico de Desarrollo Curricular de la Formaci\u00f3n Docente &#8230; <a title=\"Avances en los cambios curriculares en Formaci\u00f3n Docente\" class=\"read-more\" href=\"https:\/\/superior-infd.mendoza.edu.ar\/sitio\/el-equipo-tecnico-de-desarrollo-curricular-de-la-formacion-docente-inicial-de-la-cges-se-reunio-con-los-equipos-curriculares-del-gran-mendoza\/\" aria-label=\"More on Avances en los cambios curriculares en Formaci\u00f3n Docente\">[+]<\/a><\/p>\n","protected":false},"author":1090,"featured_media":17061,"comment_status":"open","ping_status":"open","sticky":false,"template":"","format":"standard","meta":[],"categories":[6,41],"tags":[],"acf":[],"_links":{"self":[{"href":"https:\/\/superior-infd.mendoza.edu.ar\/sitio\/wp-json\/wp\/v2\/posts\/17060"}],"collection":[{"href":"https:\/\/superior-infd.mendoza.edu.ar\/sitio\/wp-json\/wp\/v2\/posts"}],"about":[{"href":"https:\/\/superior-infd.mendoza.edu.ar\/sitio\/wp-json\/wp\/v2\/types\/post"}],"author":[{"embeddable":true,"href":"https:\/\/superior-infd.mendoza.edu.ar\/sitio\/wp-json\/wp\/v2\/users\/1090"}],"replies":[{"embeddable":true,"href":"https:\/\/superior-infd.mendoza.edu.ar\/sitio\/wp-json\/wp\/v2\/comments?post=17060"}],"version-history":[{"count":7,"href":"https:\/\/superior-infd.mendoza.edu.ar\/sitio\/wp-json\/wp\/v2\/posts\/17060\/revisions"}],"predecessor-version":[{"id":17073,"href":"https:\/\/superior-infd.mendoza.edu.ar\/sitio\/wp-json\/wp\/v2\/posts\/17060\/revisions\/17073"}],"wp:featuredmedia":[{"embeddable":true,"href":"https:\/\/superior-infd.mendoza.edu.ar\/sitio\/wp-json\/wp\/v2\/media\/17061"}],"wp:attachment":[{"href":"https:\/\/superior-infd.mendoza.edu.ar\/sitio\/wp-json\/wp\/v2\/media?parent=17060"}],"wp:term":[{"taxonomy":"category","embeddable":true,"href":"https:\/\/superior-infd.mendoza.edu.ar\/sitio\/wp-json\/wp\/v2\/categories?post=17060"},{"taxonomy":"post_tag","embeddable":true,"href":"https:\/\/superior-infd.mendoza.edu.ar\/sitio\/wp-json\/wp\/v2\/tags?post=17060"}],"curies":[{"name":"wp","href":"https:\/\/api.w.org\/{rel}","templated":true}]}}