{"id":16904,"date":"2021-09-16T17:40:56","date_gmt":"2021-09-16T20:40:56","guid":{"rendered":"https:\/\/superior-infd.mendoza.edu.ar\/sitio\/?p=16904"},"modified":"2021-09-16T17:40:35","modified_gmt":"2021-09-16T20:40:35","slug":"educacion-superior-presenta-dos-postitulos-dictados-por-el-infod","status":"publish","type":"post","link":"https:\/\/superior-infd.mendoza.edu.ar\/sitio\/educacion-superior-presenta-dos-postitulos-dictados-por-el-infod\/","title":{"rendered":"Educaci\u00f3n Superior presenta dos post\u00edtulos dictados por el INFoD"},"content":{"rendered":"\n<blockquote class=\"wp-block-quote is-style-default\"><p><em>La Direcci\u00f3n General de Escuelas, a trav\u00e9s de la Coordinaci\u00f3n General de Educaci\u00f3n Superior (CGES), y en conjunto con el Instituto Nacional de Formaci\u00f3n Docente (INFOD), en cumplimiento de la Ley de Educaci\u00f3n Nacional, renueva el compromiso de profundizar las pol\u00edticas definidas desde su creaci\u00f3n, y actualizarlas en consonancia con las necesidades formativas de la escuela del presente y del futuro.<\/em><\/p><\/blockquote>\n\n\n\n<p>Los desaf\u00edos de la ense\u00f1anza en la nueva escena pedag\u00f3gica&nbsp; impulsan a pensar los desarrollos curricular y profesional docentes actualizados, con la atenci\u00f3n en temas y problemas contempor\u00e1neos, y los procesos de ense\u00f1anza y aprendizaje que se concretan en la multimodalidad.<\/p>\n\n\n\n<p>En ese sentido, fortalecer el derecho a la actualizaci\u00f3n de formadores y docentes, a trav\u00e9s de propuestas acad\u00e9micas de calidad, que atiendan las demandas del nuevo tiempo y renueven las preguntas que vinculen pr\u00e1cticas y perspectivas te\u00f3ricas, es el objetivo principal de los post\u00edtulos.<\/p>\n\n\n\n<h2 class=\"wp-block-heading\">Informaci\u00f3n sobre cada post\u00edtulo, destinatarios, duraci\u00f3n, inscripci\u00f3n<\/h2>\n\n\n\n<div class=\"wp-block-group\"><div class=\"wp-block-group__inner-container is-layout-flow\">\n<div class=\"wp-block-columns is-layout-flex wp-container-5\">\n<div class=\"wp-block-column is-layout-flow\">\n<div class=\"wp-block-buttons is-layout-flex\">\n<div class=\"wp-block-button is-style-outline\"><a class=\"wp-block-button__link has-black-color has-pale-ocean-gradient-background has-text-color has-background\" href=\"https:\/\/red.infd.edu.ar\/actualizacion-academica-en-gestion-y-gobierno-de-las-instituciones-educativas\/\" style=\"border-radius:6px\" target=\"_blank\" rel=\"noreferrer noopener\">Actualizaci\u00f3n Acad\u00e9mica en Gesti\u00f3n y Gobierno de las Instituciones Educativas   &#x1f517;- ingresar-<\/a><\/div>\n<\/div>\n<\/div>\n\n\n\n<div class=\"wp-block-column is-layout-flow\">\n<div class=\"wp-block-buttons is-layout-flex\">\n<div class=\"wp-block-button has-custom-width wp-block-button__width-100 is-style-outline\"><a class=\"wp-block-button__link has-black-color has-pale-ocean-gradient-background has-text-color has-background\" href=\"https:\/\/red.infd.edu.ar\/actualizacion-academica-en-educacion-sexual-integral\/\" style=\"border-radius:6px\" target=\"_blank\" rel=\"noreferrer noopener\">Actualizaci\u00f3n Acad\u00e9mica   en    Educaci\u00f3n    Sexual Integral    (ESI)              &#x1f517;- ingresar-<\/a><\/div>\n<\/div>\n<\/div>\n<\/div>\n<\/div><\/div>\n\n\n\n<figure class=\"wp-block-gallery columns-2 is-cropped wp-block-gallery-7 is-layout-flex\"><ul class=\"blocks-gallery-grid\"><li class=\"blocks-gallery-item\"><figure><img decoding=\"async\" loading=\"lazy\" width=\"500\" height=\"753\" src=\"https:\/\/superior-infd.mendoza.edu.ar\/sitio\/wp-content\/uploads\/2021\/09\/Actualizacion-academica-gestion-escolar.jpg\" alt=\"\" data-id=\"16906\" data-full-url=\"https:\/\/superior-infd.mendoza.edu.ar\/sitio\/wp-content\/uploads\/2021\/09\/Actualizacion-academica-gestion-escolar.jpg\" data-link=\"https:\/\/superior-infd.mendoza.edu.ar\/sitio\/?attachment_id=16906#main\" class=\"wp-image-16906\"\/><\/figure><\/li><li class=\"blocks-gallery-item\"><figure><img decoding=\"async\" loading=\"lazy\" width=\"500\" height=\"753\" src=\"https:\/\/superior-infd.mendoza.edu.ar\/sitio\/wp-content\/uploads\/2021\/09\/Actualizacion-academica-ESI.jpg\" alt=\"\" data-id=\"16905\" data-full-url=\"https:\/\/superior-infd.mendoza.edu.ar\/sitio\/wp-content\/uploads\/2021\/09\/Actualizacion-academica-ESI.jpg\" data-link=\"https:\/\/superior-infd.mendoza.edu.ar\/sitio\/?attachment_id=16905#main\" class=\"wp-image-16905\"\/><\/figure><\/li><\/ul><\/figure>\n\n\n\n<div class=\"wp-block-columns is-layout-flex wp-container-11\">\n<div class=\"wp-block-column is-layout-flow\">\n<p>Esta oferta formativa est\u00e1 destinada a integrantes de equipos directivos: director\/a, vicedirector\/a, rector\/a, regente o equivalente de todos los niveles obligatorios de Educaci\u00f3n Inicial, Primaria y Secundario, y del Nivel Superior. Es requisito tener al menos dos (2) a\u00f1os de antig\u00fcedad en el cargo (a\u00f1o de ingreso 2019 o anterior).<\/p>\n\n\n\n<p>Su duraci\u00f3n es 1 a\u00f1o (200 horas reloj), y la modalidad de cursado es &nbsp;completamente a distancia.&nbsp;<\/p>\n\n\n\n<p>La Actualizaci\u00f3n se organiza en ocho (8) espacios curriculares, seis (6) m\u00f3dulos tem\u00e1ticos y dos (2) talleres, a trav\u00e9s de los cuales se busca que los cursantes profundicen sus saberes acerca de la gesti\u00f3n y el gobierno institucional, analicen las pr\u00e1cticas de la gesti\u00f3n y dise\u00f1en posibles estrategias acordes al actual contexto educativo.<\/p>\n\n\n\n<p><strong>Requisitos de inscripci\u00f3n:&nbsp;<\/strong><\/p>\n\n\n\n<ol type=\"1\"><li>Al ser una actualizaci\u00f3n&nbsp;completamente virtual se deber\u00e1 tener acceso a una computadora e Internet.<\/li><li>Poseer t\u00edtulo docente, ocupar un cargo directivo (director\/a, vicedirector\/a, rector\/a, regente o equivalente) en los niveles Inicial, Primario, Secundario o Superior. Certificar un m\u00ednimo de &nbsp;dos (2) a\u00f1os de antig\u00fcedad en el cargo (a\u00f1o de ingreso 2019 o anterior).<\/li><\/ol>\n\n\n\n<p><strong>Inicio:<\/strong> la inscripci\u00f3n abre este mi\u00e9rcoles 15 de septiembre.<\/p>\n<\/div>\n\n\n\n<div class=\"wp-block-column is-layout-flow\">\n<p>Esta oferta formativa se encuentra destinada &nbsp;a docentes que ejercen en establecimientos educativos de todos los niveles obligatorios de educaci\u00f3n (Inicial, Primario y Secundario), modalidades y de la Formaci\u00f3n Docente del Sistema Educativo argentino.&nbsp;<\/p>\n\n\n\n<p>La Actualizaci\u00f3n consta de 1&nbsp;a\u00f1o de duraci\u00f3n (200 horas reloj), y su propuesta curricular y pedag\u00f3gica se estructura bajo la modalidad de ense\u00f1anza virtual, educaci\u00f3n a distancia.<\/p>\n\n\n\n<p>La &nbsp;Actualizaci\u00f3n est\u00e1 organizada en siete (7) espacios curriculares, seis (6) m\u00f3dulos tem\u00e1ticos y 1 taller. &nbsp;En cada uno de los espacios se presentan los principales debates te\u00f3rico-conceptuales y se habilitan instancias para el intercambio de ideas, perspectivas y experiencias respecto de las diversas tem\u00e1ticas en relaci\u00f3n con los contextos escolares de quienes cursan. &nbsp;<\/p>\n\n\n\n<p>Los espacios curriculares se estructuran a partir de materiales espec\u00edficos de trabajo que se integran en clases, donde se desarrollan los contenidos, se comparte la bibliograf\u00eda, se promueven actividades para la recuperaci\u00f3n de las experiencias y saberes, y se promueve el acceso a recursos literarios, cinematogr\u00e1ficos, publicitarios, entre otros, con el objetivo de favorecer nuevas miradas y perspectivas para movilizar posicionamientos mediante las propuestas did\u00e1cticas que se dise\u00f1an para tales fines.&nbsp;<\/p>\n\n\n\n<p><\/p>\n<\/div>\n<\/div>\n\n\n\n<hr class=\"wp-block-separator\"\/>\n\n\n\n<p class=\"has-black-color has-text-color\"><strong>Para su preinscripci\u00f3n deber\u00e1 realizar los siguientes pasos:<\/strong><\/p>\n\n\n\n<p>Ingresar a <a href=\"https:\/\/www.juanamanso.edu.ar\/postitulos-infd\" target=\"_blank\" rel=\"noreferrer noopener\">https:\/\/www.juanamanso.edu.ar\/postitulos-infd<\/a><\/p>\n\n\n\n<ul><li>Registrarse como usuario del <a rel=\"noreferrer noopener\" href=\"https:\/\/gestionaulas.juanamanso.edu.ar\/auth\/new\" target=\"_blank\">Plan Federal&nbsp;Juana Manso<\/a> (en caso que no tenga un usuario creado previamente)<\/li><li>Completar el formulario de preinscripci\u00f3n<\/li><li>Para realizar la inscripci\u00f3n definitiva, su sede asignada lo\/la convocar\u00e1 para presentar la siguiente documentaci\u00f3n:<ul><li>fotocopia de DNI<\/li><li>foto 4 x 4<\/li><li>fotocopia autenticada del t\u00edtulo<\/li><li>constancia laboral expedida por la autoridad respectiva donde desempe\u00f1an sus tareas y&nbsp; donde se indique la antig\u00fcedad en el cargo (al menos 2 -dos- a\u00f1os de antig\u00fcedad en el cargo directivo. A\u00f1o de ingreso 2019 o anterior).<\/li><\/ul><\/li><\/ul>\n\n\n\n<p>El proceso de aceptaci\u00f3n a la Actualizaci\u00f3n finaliza con la presentaci\u00f3n y chequeo de la documentaci\u00f3n en el Instituto\/Sede, que confirme que el\/la cursante es destinatario\/a.<\/p>\n\n\n\n<hr class=\"wp-block-separator\"\/>\n","protected":false},"excerpt":{"rendered":"<p>La Direcci\u00f3n General de Escuelas, a trav\u00e9s de la Coordinaci\u00f3n General de Educaci\u00f3n Superior (CGES), y en conjunto con el Instituto Nacional de Formaci\u00f3n Docente (INFOD), en cumplimiento de la Ley de Educaci\u00f3n Nacional, renueva el compromiso de profundizar las pol\u00edticas definidas desde su creaci\u00f3n, y actualizarlas en consonancia con las necesidades formativas de la &#8230; <a title=\"Educaci\u00f3n Superior presenta dos post\u00edtulos dictados por el INFoD\" class=\"read-more\" href=\"https:\/\/superior-infd.mendoza.edu.ar\/sitio\/educacion-superior-presenta-dos-postitulos-dictados-por-el-infod\/\" aria-label=\"More on Educaci\u00f3n Superior presenta dos post\u00edtulos dictados por el INFoD\">[+]<\/a><\/p>\n","protected":false},"author":1090,"featured_media":16924,"comment_status":"closed","ping_status":"closed","sticky":false,"template":"","format":"standard","meta":[],"categories":[30,6,41],"tags":[],"acf":[],"_links":{"self":[{"href":"https:\/\/superior-infd.mendoza.edu.ar\/sitio\/wp-json\/wp\/v2\/posts\/16904"}],"collection":[{"href":"https:\/\/superior-infd.mendoza.edu.ar\/sitio\/wp-json\/wp\/v2\/posts"}],"about":[{"href":"https:\/\/superior-infd.mendoza.edu.ar\/sitio\/wp-json\/wp\/v2\/types\/post"}],"author":[{"embeddable":true,"href":"https:\/\/superior-infd.mendoza.edu.ar\/sitio\/wp-json\/wp\/v2\/users\/1090"}],"replies":[{"embeddable":true,"href":"https:\/\/superior-infd.mendoza.edu.ar\/sitio\/wp-json\/wp\/v2\/comments?post=16904"}],"version-history":[{"count":11,"href":"https:\/\/superior-infd.mendoza.edu.ar\/sitio\/wp-json\/wp\/v2\/posts\/16904\/revisions"}],"predecessor-version":[{"id":16926,"href":"https:\/\/superior-infd.mendoza.edu.ar\/sitio\/wp-json\/wp\/v2\/posts\/16904\/revisions\/16926"}],"wp:featuredmedia":[{"embeddable":true,"href":"https:\/\/superior-infd.mendoza.edu.ar\/sitio\/wp-json\/wp\/v2\/media\/16924"}],"wp:attachment":[{"href":"https:\/\/superior-infd.mendoza.edu.ar\/sitio\/wp-json\/wp\/v2\/media?parent=16904"}],"wp:term":[{"taxonomy":"category","embeddable":true,"href":"https:\/\/superior-infd.mendoza.edu.ar\/sitio\/wp-json\/wp\/v2\/categories?post=16904"},{"taxonomy":"post_tag","embeddable":true,"href":"https:\/\/superior-infd.mendoza.edu.ar\/sitio\/wp-json\/wp\/v2\/tags?post=16904"}],"curies":[{"name":"wp","href":"https:\/\/api.w.org\/{rel}","templated":true}]}}