{"id":16523,"date":"2021-03-25T04:55:34","date_gmt":"2021-03-25T07:55:34","guid":{"rendered":"https:\/\/superior-infd.mendoza.edu.ar\/sitio\/?p=16523"},"modified":"2021-03-31T04:58:03","modified_gmt":"2021-03-31T07:58:03","slug":"abrio-la-inscripcion-para-curso-de-la-ley-micaela","status":"publish","type":"post","link":"https:\/\/superior-infd.mendoza.edu.ar\/sitio\/abrio-la-inscripcion-para-curso-de-la-ley-micaela\/","title":{"rendered":"Inscripci\u00f3n para curso de la Ley Micaela"},"content":{"rendered":"<p>Se encuentra abierta la inscripci\u00f3n para el curso de la Ley Micaela hasta el d\u00eda\u00a0jueves 1\u00ba de abril. Es muy importante que todos los datos de la planilla est\u00e9n completos, caso contrario el sistema no permitir\u00e1 generar usuarios. Se requiere que los correos de los participantes est\u00e9n verificados.<\/p>\n<p>La realizaci\u00f3n del curso tiene car\u00e1cter obligatorio seg\u00fan lo establece la <a href=\"http:\/\/servicios.infoleg.gob.ar\/infolegInternet\/anexos\/315000-319999\/318666\/norma.htm\" target=\"_blank\" rel=\"noopener\">Ley Nacional N\u00ba 27.499<\/a> a la que adhiri\u00f3 la<a href=\"http:\/\/www.saij.gob.ar\/9196-local-mendoza-adhieren-ley-nacional-27499-ley-micaela-capacitacion-obligatoria-genero-para-todas-personas-integran-tres-poderes-estado-lpm0009196-2019-10-30\/123456789-0abc-defg-691-9000mvorpyel\" target=\"_blank\" rel=\"noopener\"> Provincia de Mendoza por Ley N\u00ba 9.196<\/a> que se encuentra reglamentada por Decreto N\u00ba 118\/20, el que en su art\u00edculo 6\u00ba establece que la negativa a realizar la capacitaci\u00f3n ser\u00e1 considerada incumplimiento a los deberes establecidos en los incisos a) y d) del art\u00edculo 13 de Decreto Ley N\u00ba 560\/73 en los t\u00e9rminos del art\u00edculo 4\u00ba del Anexo de la Ley N\u00ba 9.103.<\/p>\n<h2><strong>Metodolog\u00eda para la participaci\u00f3n<\/strong><\/h2>\n<p>Para una correcta aplicaci\u00f3n, en la planilladeber\u00e1n colocarse el apellido y el nombre en columnas separadas, el CUIL sin guiones ni puntos y el DNI sin puntos. Se adjunta el modelo de notificaci\u00f3n en formato Excel.<\/p>\n<blockquote><p>Si hay participantes que deseen inscribirse de forma individual, pueden hacerlo hasta el d\u00eda\u00a0jueves 1\u00ba de abril\u00a0a trav\u00e9s del link:\u00a0<a href=\"http:\/\/ipap2.mendoza.gov.ar\/inscripciones\/\" target=\"_blank\" rel=\"noreferrer noopener\">http:\/\/ipap2.mendoza.gov.ar\/inscripciones\/<\/a><\/p><\/blockquote>\n<p>Cabe recordar que las personas que se inscriben a trav\u00e9s del link, lo hacen a t\u00edtulo personal y siempre deber\u00e1n facilitar su correo electr\u00f3nico. No se puede inscribir a m\u00e1s de una persona por correo electr\u00f3nico.<\/p>\n<p><strong>El cursado iniciar\u00e1 el\u00a0lunes 5 de abril\u00a0y se recibir\u00e1n los listados hasta el\u00a0jueves 1\u00ba del mismo mes.<\/strong><\/p>\n<p><strong>Fuente:<\/strong> Prensa DGE<\/p>\n","protected":false},"excerpt":{"rendered":"<p>Se encuentra abierta la inscripci\u00f3n para el curso de la Ley Micaela hasta el d\u00eda\u00a0jueves 1\u00ba de abril. Es muy importante que todos los datos de la planilla est\u00e9n completos, caso contrario el sistema no permitir\u00e1 generar usuarios. Se requiere que los correos de los participantes est\u00e9n verificados. La realizaci\u00f3n del curso tiene car\u00e1cter obligatorio &#8230; <a title=\"Inscripci\u00f3n para curso de la Ley Micaela\" class=\"read-more\" href=\"https:\/\/superior-infd.mendoza.edu.ar\/sitio\/abrio-la-inscripcion-para-curso-de-la-ley-micaela\/\" aria-label=\"More on Inscripci\u00f3n para curso de la Ley Micaela\">[+]<\/a><\/p>\n","protected":false},"author":1090,"featured_media":16524,"comment_status":"open","ping_status":"open","sticky":false,"template":"","format":"standard","meta":[],"categories":[12,6,41],"tags":[],"acf":[],"_links":{"self":[{"href":"https:\/\/superior-infd.mendoza.edu.ar\/sitio\/wp-json\/wp\/v2\/posts\/16523"}],"collection":[{"href":"https:\/\/superior-infd.mendoza.edu.ar\/sitio\/wp-json\/wp\/v2\/posts"}],"about":[{"href":"https:\/\/superior-infd.mendoza.edu.ar\/sitio\/wp-json\/wp\/v2\/types\/post"}],"author":[{"embeddable":true,"href":"https:\/\/superior-infd.mendoza.edu.ar\/sitio\/wp-json\/wp\/v2\/users\/1090"}],"replies":[{"embeddable":true,"href":"https:\/\/superior-infd.mendoza.edu.ar\/sitio\/wp-json\/wp\/v2\/comments?post=16523"}],"version-history":[{"count":2,"href":"https:\/\/superior-infd.mendoza.edu.ar\/sitio\/wp-json\/wp\/v2\/posts\/16523\/revisions"}],"predecessor-version":[{"id":16526,"href":"https:\/\/superior-infd.mendoza.edu.ar\/sitio\/wp-json\/wp\/v2\/posts\/16523\/revisions\/16526"}],"wp:featuredmedia":[{"embeddable":true,"href":"https:\/\/superior-infd.mendoza.edu.ar\/sitio\/wp-json\/wp\/v2\/media\/16524"}],"wp:attachment":[{"href":"https:\/\/superior-infd.mendoza.edu.ar\/sitio\/wp-json\/wp\/v2\/media?parent=16523"}],"wp:term":[{"taxonomy":"category","embeddable":true,"href":"https:\/\/superior-infd.mendoza.edu.ar\/sitio\/wp-json\/wp\/v2\/categories?post=16523"},{"taxonomy":"post_tag","embeddable":true,"href":"https:\/\/superior-infd.mendoza.edu.ar\/sitio\/wp-json\/wp\/v2\/tags?post=16523"}],"curies":[{"name":"wp","href":"https:\/\/api.w.org\/{rel}","templated":true}]}}