{"id":14846,"date":"2019-09-24T13:16:12","date_gmt":"2019-09-24T16:16:12","guid":{"rendered":"https:\/\/des-mza.infd.edu.ar\/sitio\/?p=14846"},"modified":"2019-09-24T13:16:12","modified_gmt":"2019-09-24T16:16:12","slug":"ies-9-023-comunica","status":"publish","type":"post","link":"https:\/\/superior-infd.mendoza.edu.ar\/sitio\/ies-9-023-comunica\/","title":{"rendered":"IES 9-023 comunica:"},"content":{"rendered":"<p>La Sra. Rectora del IES 9-023, comunica a todo el personal que se ha completado la terna de docentes que participar del concurso p\u00fablico y oposici\u00f3n para obtener la condici\u00f3n de elegibles para el cargo de Regente. Se encuentran a su disposici\u00f3n los registros de inscripci\u00f3n, cronograma eleccionario y documentaci\u00f3n sobre el tema.<\/p>\n<p>A traves de la Resoluci\u00f3n N 140 la Coordinaci\u00f3n General de Educaci\u00f3n Superior ha designado el jurado que tendra cargo el proceso de elecci\u00f3n de ELEGIBLES para el cargo de REGENTE.<\/p>\n<p>El concurso se lleva acabo de acuerdo a lo establecido en el Decreto N 530\/18 y Resoluciones de la Coordinaci\u00f3n General de Educaci\u00f3n Superior N 115 y 123 del a 2018.<\/p>\n","protected":false},"excerpt":{"rendered":"<p>La Sra. Rectora del IES 9-023, comunica a todo el personal que se ha completado la terna de docentes que participar del concurso p\u00fablico y oposici\u00f3n para obtener la condici\u00f3n de elegibles para el cargo de Regente. Se encuentran a su disposici\u00f3n los registros de inscripci\u00f3n, cronograma eleccionario y documentaci\u00f3n sobre el tema. A traves &#8230; <a title=\"IES 9-023 comunica:\" class=\"read-more\" href=\"https:\/\/superior-infd.mendoza.edu.ar\/sitio\/ies-9-023-comunica\/\" aria-label=\"More on IES 9-023 comunica:\">[+]<\/a><\/p>\n","protected":false},"author":7,"featured_media":0,"comment_status":"open","ping_status":"open","sticky":false,"template":"","format":"standard","meta":[],"categories":[14],"tags":[],"acf":[],"_links":{"self":[{"href":"https:\/\/superior-infd.mendoza.edu.ar\/sitio\/wp-json\/wp\/v2\/posts\/14846"}],"collection":[{"href":"https:\/\/superior-infd.mendoza.edu.ar\/sitio\/wp-json\/wp\/v2\/posts"}],"about":[{"href":"https:\/\/superior-infd.mendoza.edu.ar\/sitio\/wp-json\/wp\/v2\/types\/post"}],"author":[{"embeddable":true,"href":"https:\/\/superior-infd.mendoza.edu.ar\/sitio\/wp-json\/wp\/v2\/users\/7"}],"replies":[{"embeddable":true,"href":"https:\/\/superior-infd.mendoza.edu.ar\/sitio\/wp-json\/wp\/v2\/comments?post=14846"}],"version-history":[{"count":1,"href":"https:\/\/superior-infd.mendoza.edu.ar\/sitio\/wp-json\/wp\/v2\/posts\/14846\/revisions"}],"predecessor-version":[{"id":14847,"href":"https:\/\/superior-infd.mendoza.edu.ar\/sitio\/wp-json\/wp\/v2\/posts\/14846\/revisions\/14847"}],"wp:attachment":[{"href":"https:\/\/superior-infd.mendoza.edu.ar\/sitio\/wp-json\/wp\/v2\/media?parent=14846"}],"wp:term":[{"taxonomy":"category","embeddable":true,"href":"https:\/\/superior-infd.mendoza.edu.ar\/sitio\/wp-json\/wp\/v2\/categories?post=14846"},{"taxonomy":"post_tag","embeddable":true,"href":"https:\/\/superior-infd.mendoza.edu.ar\/sitio\/wp-json\/wp\/v2\/tags?post=14846"}],"curies":[{"name":"wp","href":"https:\/\/api.w.org\/{rel}","templated":true}]}}