{"id":14625,"date":"2019-02-18T12:41:48","date_gmt":"2019-02-18T15:41:48","guid":{"rendered":"https:\/\/des-mza.infd.edu.ar\/sitio\/?p=14625"},"modified":"2019-02-18T12:41:48","modified_gmt":"2019-02-18T15:41:48","slug":"comunicado-ies-9-012-2","status":"publish","type":"post","link":"https:\/\/superior-infd.mendoza.edu.ar\/sitio\/comunicado-ies-9-012-2\/","title":{"rendered":"COMUNICADO IES- 9-012"},"content":{"rendered":"<p><strong>COMUNICADO<\/strong><\/p>\n<p>El Consejo Directivo del Instituto de Educaci\u00f3n Superior N 9-012 \u00abSan Rafael en Informica\u00bb llama a inscripci\u00f3n a cubrir posibles vacancias para el otorgamiento de suplencias a horas c\u00e1tedras y cargos iniciales del escalaf\u00f3n docente. Orden de m\u00e9rito 2019 seg\u00fan el siguiente cronograma:<\/p>\n<p>Apertura de inscripci\u00f3n on-line y presentaci\u00f3n de carpetas de antecedentes: <strong>25\/02\/2019 al 06\/03\/2019.<\/strong><\/p>\n<p>Cierre de inscripci\u00f3n on-line: <strong>06\/03\/2019 &#8211; 23:59 hs.\u00a0<\/strong><\/p>\n<p>Cierre de presentaci\u00f3n de carpeta: <strong>07\/03\/2019 &#8211; 18:00 hs.<\/strong><\/p>\n<p>Fecha tentativa de publicaci\u00f3n del orden de m\u00e9ritos definitivo: <strong>29\/03\/2019<\/strong><\/p>\n<p>Nota: para nuevos aspirantes solo se pueden inscribir aquellos interesados que tengan la formaci\u00f3n posterior terminada.<\/p>\n<p><strong>Mayor informaci\u00f3n en la siguiente pina web: <\/strong><a href=\"https:\/\/www.jotform.com\/submission\/www.ies9012.edu.ar\"><strong>http:\/\/www.ies9012.edu.ar<\/strong><\/a><\/p>\n<p><strong>Informaci\u00f3n en pagina web Institucional: <\/strong><a href=\"https:\/\/www.jotform.com\/submission\/ies9012.edu.ar\/sr\/index.php\/14-sample-data-articles\/403-inscripcion-tabulacion-2019\"><strong>ies9012.edu.ar\/sr\/index.php\/14-sample-data-articles\/403-inscripcion-tabulacion-2019<\/strong><\/a><\/p>\n","protected":false},"excerpt":{"rendered":"<p>COMUNICADO El Consejo Directivo del Instituto de Educaci\u00f3n Superior N 9-012 \u00abSan Rafael en Informica\u00bb llama a inscripci\u00f3n a cubrir posibles vacancias para el otorgamiento de suplencias a horas c\u00e1tedras y cargos iniciales del escalaf\u00f3n docente. Orden de m\u00e9rito 2019 seg\u00fan el siguiente cronograma: Apertura de inscripci\u00f3n on-line y presentaci\u00f3n de carpetas de antecedentes: 25\/02\/2019 &#8230; <a title=\"COMUNICADO IES- 9-012\" class=\"read-more\" href=\"https:\/\/superior-infd.mendoza.edu.ar\/sitio\/comunicado-ies-9-012-2\/\" aria-label=\"More on COMUNICADO IES- 9-012\">[+]<\/a><\/p>\n","protected":false},"author":7,"featured_media":0,"comment_status":"open","ping_status":"open","sticky":false,"template":"","format":"standard","meta":[],"categories":[14],"tags":[],"acf":[],"_links":{"self":[{"href":"https:\/\/superior-infd.mendoza.edu.ar\/sitio\/wp-json\/wp\/v2\/posts\/14625"}],"collection":[{"href":"https:\/\/superior-infd.mendoza.edu.ar\/sitio\/wp-json\/wp\/v2\/posts"}],"about":[{"href":"https:\/\/superior-infd.mendoza.edu.ar\/sitio\/wp-json\/wp\/v2\/types\/post"}],"author":[{"embeddable":true,"href":"https:\/\/superior-infd.mendoza.edu.ar\/sitio\/wp-json\/wp\/v2\/users\/7"}],"replies":[{"embeddable":true,"href":"https:\/\/superior-infd.mendoza.edu.ar\/sitio\/wp-json\/wp\/v2\/comments?post=14625"}],"version-history":[{"count":1,"href":"https:\/\/superior-infd.mendoza.edu.ar\/sitio\/wp-json\/wp\/v2\/posts\/14625\/revisions"}],"predecessor-version":[{"id":14626,"href":"https:\/\/superior-infd.mendoza.edu.ar\/sitio\/wp-json\/wp\/v2\/posts\/14625\/revisions\/14626"}],"wp:attachment":[{"href":"https:\/\/superior-infd.mendoza.edu.ar\/sitio\/wp-json\/wp\/v2\/media?parent=14625"}],"wp:term":[{"taxonomy":"category","embeddable":true,"href":"https:\/\/superior-infd.mendoza.edu.ar\/sitio\/wp-json\/wp\/v2\/categories?post=14625"},{"taxonomy":"post_tag","embeddable":true,"href":"https:\/\/superior-infd.mendoza.edu.ar\/sitio\/wp-json\/wp\/v2\/tags?post=14625"}],"curies":[{"name":"wp","href":"https:\/\/api.w.org\/{rel}","templated":true}]}}