{"id":13145,"date":"2015-10-23T00:00:00","date_gmt":"2015-10-23T00:00:00","guid":{"rendered":"https:\/\/des-mza.infd.edu.ar\/sitio\/encuentro-regional-y-feria-de-practicas\/"},"modified":"2015-10-23T00:00:00","modified_gmt":"2015-10-23T00:00:00","slug":"encuentro-regional-y-feria-de-practicas","status":"publish","type":"post","link":"https:\/\/superior-infd.mendoza.edu.ar\/sitio\/encuentro-regional-y-feria-de-practicas\/","title":{"rendered":"Encuentro Regional y Feria de Pr\u00e1cticas"},"content":{"rendered":"<p class=\"sitio_noticia_volanta\" >Formaci\u00f3n T\u00e9cnica en el Valle de Uco<\/p>\n<h3>Encuentro Regional y Feria de Pr\u00e1cticas<\/h3>\n<p class=\"sitio_noticia_copete\" >\n<hr class=\"sitio_noticia_contenido\" \/>\n<p >\n<p style=\"text-align: justify;\">&nbsp;<img decoding=\"async\" title=\"\" src=\"https:\/\/superior-infd.mendoza.edu.ar\/sitio\/wp-content\/uploads\/2018\/08\/FotorCreated2_1.jpg\" border=\"0\" alt=\"\"><\/p>\n<p style=\"text-align: justify;\"><span style=\"font-size: 10pt; font-family: verdana, geneva;\">Se realiz&oacute; el viernes 25 de septiembre en la Sede Territorial del <strong><span style=\"color: #339966;\">IES 9-010, &ldquo;Rosario Vera Pe&ntilde;aloza&rdquo;<\/span><\/strong>, ubicada en el CIC de Tunuy&aacute;n.<\/span><\/p>\n<p style=\"text-align: justify;\"><span style=\"font-size: 10pt; font-family: verdana, geneva;\">Esta instancia de encuentro fue organizada por las &aacute;reas jurisdiccionales de Tecnicaturas Superiores Sociales y Human&iacute;sticas (TSSyH) y de Educaci&oacute;n&nbsp; T&eacute;cnico Profesional (ETP). Concurrieron los IES de las zonas Valle de Uco y Sur. Tambi&eacute;n participaron IES invitados de la Zona Centro Norte.<\/span><\/p>\n<p style=\"text-align: justify;\"><span style=\"font-size: 10pt; font-family: verdana, geneva;\">La actividad fue concebida por los organizadores con el fin de <strong><span style=\"color: #339966;\">generar un espacio com&uacute;n para la puesta en valor de las producciones y experiencias de pr&aacute;cticas desarrolladas por las carreras de TSSyH y de ETP. Asimismo, se busc&oacute; enfatizar sobre las articulaciones que desde cada tecnicatura se han ido construyendo con los actores socio territoriales de las zonas mencionadas.<\/span><\/strong><\/span><\/p>\n<p style=\"text-align: justify;\"><span style=\"font-size: 10pt; font-family: verdana, geneva;\">La apertura cont&oacute; con la presencia del Sr. Intendente de Tunuy&aacute;n, Prof. Mart&iacute;n Aveiro; la Sra. Directora de Educaci&oacute;n Superior, Prof. Nora Miranda, los referentes de las &aacute;reas t&eacute;cnicas jurisdiccionales, Dra. Andrea Su&aacute;rez y Lic. Miguel Peirone y el Sr. Regente del IES Anfitri&oacute;n Prof. Fabi&aacute;n Quiroga.<\/span><\/p>\n<p style=\"text-align: justify;\"><span style=\"font-size: 10pt; font-family: verdana, geneva;\">Mart&iacute;n Aveiro enfatiz&oacute; en el potencial transformador que tiene la educaci&oacute;n p&uacute;blica y, en ese marco, destac&oacute; el papel de las tecnicaturas como motor del desarrollo local, brindando ejemplos concretos del departamento. Las autoridades de la DES expusieron las ideas fuerza que motivaron la actividad y los lineamientos que a la fecha orientan la gesti&oacute;n de la formaci&oacute;n t&eacute;cnica a nivel jurisdiccional.<\/span><\/p>\n<p style=\"text-align: justify;\"><span style=\"font-size: 10pt; font-family: verdana, geneva;\">A lo largo de la jornada se trabaj&oacute; en diversas mesas en las cuales expusieron estudiantes y docentes, quienes presentaron en total m&aacute;s de veinticinco proyectos desarrollados en el marco de las de las pr&aacute;cticas profesionalizantes, los cuales se encuentran actualmente en funcionamiento efectivo.<\/span><\/p>\n<p style=\"text-align: justify;\"><span style=\"font-size: 10pt; font-family: verdana, geneva;\">Las pr&aacute;cticas tienen un potencial de transformaci&oacute;n en tanto profesionalizan de forma temprana a los estudiantes y permiten articular acciones con diversas instituciones en cada territorio para la gesti&oacute;n conjunta de respuestas a las problem&aacute;ticas propias de cada comunidad.<\/span><\/p>\n<p style=\"text-align: justify;\"><span style=\"font-size: 10pt; font-family: verdana, geneva;\">En cada mesa de cierre se rescataron y sistematizaron las experiencias relatadas, las cuales fueron puestas en valor por los organizadores. Hacia el final se enfatiz&oacute; sobre la necesidad de continuar profundizando en 2016 las articulaciones inter-institucionales, as&iacute; como la labor que se desarrolla en cada instituto en las tecnicaturas.<\/span><\/p>\n<p style=\"text-align: justify;\"><span style=\"font-size: 10pt;\"><span style=\"font-family: verdana, geneva;\">Esta reflexi&oacute;n se realiza en consonancia con la pol&iacute;tica que la DES ha desarrollado durante toda gesti&oacute;n, la cual apuesta a fortalecer el subsiste<\/span>ma de Educaci&oacute;n Superior de modo tal que trascienda y se consolide en el tiempo como un espacio educativo democr&aacute;tico y transformador de los territorios en cada punto de la Provincia.<\/span><\/p>\n<p style=\"text-align: justify;\"><object width=\"600\" height=\"400\" data=\"https:\/\/photos.gstatic.com\/media\/slideshow.swf\" type=\"application\/x-shockwave-flash\"><param name=\"src\" value=\"https:\/\/photos.gstatic.com\/media\/slideshow.swf\"><param name=\"flashvars\" value=\"host=picasaweb.google.com&amp;hl=es&amp;feat=flashalbum&amp;RGB=0x000000&amp;feed=https%3A%2F%2Fpicasaweb.google.com%2Fdata%2Ffeed%2Fapi%2Fuser%2F106778818178317723604%2Falbumid%2F6208913079532891713%3Falt%3Drss%26kind%3Dphoto%26hl%3Des\"><param name=\"pluginspage\" value=\"http:\/\/www.macromedia.com\/go\/getflashplayer\"><\/object><\/p><\/p>\n","protected":false},"excerpt":{"rendered":"<p>Formaci\u00f3n T\u00e9cnica en el Valle de Uco Encuentro Regional y Feria de Pr\u00e1cticas &nbsp; Se realiz&oacute; el viernes 25 de septiembre en la Sede Territorial del IES 9-010, &ldquo;Rosario Vera Pe&ntilde;aloza&rdquo;, ubicada en el CIC de Tunuy&aacute;n. Esta instancia de encuentro fue organizada por las &aacute;reas jurisdiccionales de Tecnicaturas Superiores Sociales y Human&iacute;sticas (TSSyH) y &#8230; <a title=\"Encuentro Regional y Feria de Pr\u00e1cticas\" class=\"read-more\" href=\"https:\/\/superior-infd.mendoza.edu.ar\/sitio\/encuentro-regional-y-feria-de-practicas\/\" aria-label=\"More on Encuentro Regional y Feria de Pr\u00e1cticas\">[+]<\/a><\/p>\n","protected":false},"author":1090,"featured_media":0,"comment_status":"open","ping_status":"open","sticky":false,"template":"","format":"standard","meta":[],"categories":[27,6],"tags":[],"acf":[],"_links":{"self":[{"href":"https:\/\/superior-infd.mendoza.edu.ar\/sitio\/wp-json\/wp\/v2\/posts\/13145"}],"collection":[{"href":"https:\/\/superior-infd.mendoza.edu.ar\/sitio\/wp-json\/wp\/v2\/posts"}],"about":[{"href":"https:\/\/superior-infd.mendoza.edu.ar\/sitio\/wp-json\/wp\/v2\/types\/post"}],"author":[{"embeddable":true,"href":"https:\/\/superior-infd.mendoza.edu.ar\/sitio\/wp-json\/wp\/v2\/users\/1090"}],"replies":[{"embeddable":true,"href":"https:\/\/superior-infd.mendoza.edu.ar\/sitio\/wp-json\/wp\/v2\/comments?post=13145"}],"version-history":[{"count":0,"href":"https:\/\/superior-infd.mendoza.edu.ar\/sitio\/wp-json\/wp\/v2\/posts\/13145\/revisions"}],"wp:attachment":[{"href":"https:\/\/superior-infd.mendoza.edu.ar\/sitio\/wp-json\/wp\/v2\/media?parent=13145"}],"wp:term":[{"taxonomy":"category","embeddable":true,"href":"https:\/\/superior-infd.mendoza.edu.ar\/sitio\/wp-json\/wp\/v2\/categories?post=13145"},{"taxonomy":"post_tag","embeddable":true,"href":"https:\/\/superior-infd.mendoza.edu.ar\/sitio\/wp-json\/wp\/v2\/tags?post=13145"}],"curies":[{"name":"wp","href":"https:\/\/api.w.org\/{rel}","templated":true}]}}