{"id":13121,"date":"2015-10-13T00:00:00","date_gmt":"2015-10-13T00:00:00","guid":{"rendered":"https:\/\/des-mza.infd.edu.ar\/sitio\/septimo-seminario-de-politicas-digitales\/"},"modified":"2015-10-13T00:00:00","modified_gmt":"2015-10-13T00:00:00","slug":"septimo-seminario-de-politicas-digitales","status":"publish","type":"post","link":"https:\/\/superior-infd.mendoza.edu.ar\/sitio\/septimo-seminario-de-politicas-digitales\/","title":{"rendered":"S\u00e9ptimo Seminario de Pol\u00edticas Digitales"},"content":{"rendered":"<p class=\"sitio_noticia_volanta\" >\n<h3>S\u00e9ptimo Seminario de Pol\u00edticas Digitales<\/h3>\n<p class=\"sitio_noticia_copete\" >?TRANSFORMAR LAS FORMAS DE APRENDER: De los recursos tecnol\u00f3gicos a la gesti\u00f3n del conocimiento? se desarrollar\u00e1 el d\u00eda 15 de octubre de 17.00 a 19.00 hs en el auditorio de la Universidad Champagnat, Belgrano 721 Godoy Cruz, Mendoza.<\/p>\n<hr class=\"sitio_noticia_contenido\" \/>\n<p >\n<p>&nbsp;<img decoding=\"async\" title=\"\" src=\"https:\/\/superior-infd.mendoza.edu.ar\/sitio\/wp-content\/uploads\/2018\/08\/digitales7.jpg\" border=\"0\" alt=\"\"><\/p>\n<p style=\"text-align: justify;\"><span style=\"font-size: 10pt; font-family: verdana, geneva;\">La Direcci&oacute;n General de Escuelas invita al&nbsp;7&ordm; seminario de Pol&iacute;ticas Digitales<\/span><\/p>\n<p style=\"text-align: justify;\"><span style=\"color: #008000;\"><strong><span style=\"font-size: 10pt; font-family: verdana, geneva;\">&nbsp;&ldquo;TRANSFORMAR LAS FORMAS DE APRENDER: De los recursos tecnol&oacute;gicos a la gesti&oacute;n del conocimiento&rdquo;&nbsp;<\/span><\/strong><\/span><\/p>\n<p style=\"text-align: justify;\"><span style=\"font-size: 10pt; font-family: verdana, geneva;\"> a cargo de &nbsp;la Mgter.&nbsp;<strong>Romina Campopiano<\/strong>&nbsp;organizado por la Direcci&oacute;n de Pol&iacute;ticas de Integraci&oacute;n Digital en el marco del programa Aula Modelo y&nbsp;<strong><a href=\"http:\/\/escuelasdeinnovacion.conectarigualdad.gob.ar\/\" target=\"_blank\">Escuelas de Innovaci&oacute;n.<\/a><\/strong><\/span><\/p>\n<p style=\"text-align: justify;\"><span style=\"font-size: 10pt; font-family: verdana, geneva;\">El <strong><span style=\"color: #008000;\">objetivo<\/span> <\/strong>del Seminario es <span style=\"color: #008000;\"><em>reflexionar sobre los diversos modelos de inclusi&oacute;n de tecnolog&iacute;a en educaci&oacute;n y su impacto en las instituciones, a partir de elementos para el an&aacute;lisis de procesos de integraci&oacute;n genuina que aporte y potencie las pr&aacute;cticas pedag&oacute;gicas<\/em><\/span>. <\/span><\/p>\n<p style=\"text-align: justify;\"><span style=\"font-size: 10pt; font-family: verdana, geneva;\">Para esto se presentar&aacute;n los nuevos escenarios educativos que se generan en las escuelas a partir del uso de recursos digitales. Tambi&eacute;n las nuevas formas de ense&ntilde;ar y aprender de manera colaborativo, las cuales acent&uacute;an el protagonismo de los estudiantes. Esto genera nuevos desaf&iacute;os que implican pensar una gesti&oacute;n educativo en l&iacute;nea de procesos de mejora continua, superando cambios aislados o coyunturales.<\/span><\/p>\n<table id=\"actos1\" border=\"0\" align=\"center\">\n<tbody>\n<tr>\n<td>\n<h4><span style=\"font-size: 10pt; font-family: verdana, geneva;\"><strong><img decoding=\"async\" style=\"border: 0; float: right;\" src=\"http:\/\/www.mendoza.edu.ar\/institucional\/images\/stories\/polidigitales\/campopiano_copia.jpg\" border=\"0\" alt=\"Romina Campopiano\" height=\"120\">Romina Campopiano<\/strong><br \/><\/span><\/h4>\n<p><span style=\"font-size: 10pt; font-family: verdana, geneva;\">Es Licenciada en Sociolog&iacute;a por la Universidad de Buenos Aires, y tiene una Maestr&iacute;a y Especializaci&oacute;n en Educaci&oacute;n con Orientaci&oacute;n en Gesti&oacute;n Educativa por la Universidad de San Andr&eacute;s. Asimismo, cuenta con una Especializaci&oacute;n en \u00abEducaci&oacute;n y Nuevas Tecnolog&iacute;as\u00bb de la Universidad Complutense de Madrid, Espa&ntilde;a; y en \u00abSubjetividades medi&aacute;ticas y educaci&oacute;n\u00bb FLACSO.<\/span><\/p>\n<p><span style=\"font-size: 10pt; font-family: verdana, geneva;\">A lo largo de estos a&ntilde;os, se desempe&ntilde;&oacute; en cargos de Gesti&oacute;n, tanto en el &aacute;mbito p&uacute;blico como en Organismos Internacionales. Fue Coordinadora Ejecutiva del Proyecto Escuelas del Bicentenario (IIPE-UNESCO) y Directora Provincial Nivel Primario (Prov. Buenos Aires). Anteriormente, trabaj&oacute; como Coordinadora de Gesti&oacute;n en el Proyecto de Mejora Escolar \u00abEscuelas del Futuro\u00bb dependiente de la Universidad de San Andr&eacute;s.<\/span><\/p>\n<p><span style=\"font-size: 10pt; font-family: verdana, geneva;\">Actualmente se desempe&ntilde;a como Coordinadora General de Escuelas de Innovaci&oacute;n, del Programa Conectar Igualdad, ANSES. A su vez, coordina el &aacute;rea de Gesti&oacute;n Educativa del proyecto \u00abDirectores que Hacen Escuela\u00bb (OEI, Argentina). Es docente de postgrado de Gesti&oacute;n Educativa, Universidad de San Mart&iacute;n y capacita en Gesti&oacute;n Educativa en diferentes escuelas y niveles del pa&iacute;s.<\/span><\/p>\n<\/td>\n<\/tr>\n<\/tbody>\n<\/table>\n<h4 style=\"text-align: justify;\"><span style=\"font-size: 10pt; font-family: verdana, geneva; color: #008000;\">Convocamos a participar del Seminario a:<\/span><\/h4>\n<ul style=\"text-align: justify;\">\n<li><span style=\"font-size: 10pt; font-family: verdana, geneva;\">Rectores y equipo de gesti&oacute;n de los institutos de formaci&oacute;n docente que son parte del universo de Conectar Igualdad<\/span><\/li>\n<li><span style=\"font-size: 10pt; font-family: verdana, geneva;\">Supervisores y directores de escuelas de educaci&oacute;n secundaria t&eacute;cnica y orientada<\/span><\/li>\n<li><span style=\"font-size: 10pt; font-family: verdana, geneva;\">Supervisores y directores de las escuelas Primarias y Nivel inicial<\/span><\/li>\n<li><span style=\"font-size: 10pt; font-family: verdana, geneva;\">P&uacute;blico en general que est&eacute;n en relaci&oacute;n con la tem&aacute;tica<\/span><\/li>\n<\/ul>\n<p style=\"text-align: justify;\"><span style=\"font-size: 10pt; font-family: verdana, geneva;\">Los interesados en asistir pueden inscribirse a trav&eacute;s de este&nbsp;<strong><a href=\"http:\/\/www.mendoza.edu.ar\/limesurvey\/index.php\/222829\/lang-es\" target=\"_blank\">Formulario<\/a>.<\/strong><\/span><\/p>\n<p style=\"text-align: justify;\"><span style=\"font-size: 10pt; font-family: verdana, geneva; color: #008000;\"><strong>El seminario es gratuito y con cupo limitado.<\/strong><\/span><\/p>\n<p style=\"text-align: justify;\"><span style=\"font-size: 10pt; font-family: verdana, geneva;\">Este evento da continuidad a una serie de seminarios organizados por la Direcci&oacute;n de Pol&iacute;ticas de Integraci&oacute;n Digital desde el a&ntilde;o 2014 y que contin&uacute;aan desarroll&aacute;ndose durante el a&ntilde;o 2015.<\/span><\/p>\n<table id=\"bordes_redondeados\" border=\"0\" align=\"center\" summary=\"bordes_redondeados\">\n<tbody>\n<tr>\n<td>\n<h2><span style=\"font-size: 10pt; font-family: verdana, geneva;\">Seminarios de Pol&iacute;ticas de Integraci&oacute;n Digital<\/span><\/h2>\n<\/td>\n<\/tr>\n<tr>\n<td>\n<ul>\n<li><span style=\"font-size: 10pt; font-family: verdana, geneva;\">Primer Seminario:&nbsp;<a href=\"http:\/\/www.mendoza.edu.ar\/index.php?option=com_content&amp;view=article&amp;id=4226:seminario-de-politicas-digitales-del-aula-aumentada-a-la-calidad-educativa&amp;catid=179:destacadas&amp;Itemid=295\">Los Contenidos Digitales en la educaci&oacute;n: el Aula Aumentada<\/a><\/span><\/li>\n<\/ul>\n<\/td>\n<\/tr>\n<tr>\n<td>\n<ul>\n<li><span style=\"font-size: 10pt; font-family: verdana, geneva;\">Segundo Seminario:&nbsp;<a href=\"http:\/\/www.mendoza.edu.ar\/index.php?option=com_content&amp;view=article&amp;id=4241:los-docentes-mendocinos-se-continuan-capacitando-en-nuevas-tecnologias&amp;catid=179:destacadas&amp;Itemid=295\">Las TIC y la Calidad Educativa: La escuela en la Sociedad del Conocimiento<\/a><\/span><\/li>\n<\/ul>\n<\/td>\n<\/tr>\n<tr>\n<td>\n<ul>\n<li><span style=\"font-size: 10pt; font-family: verdana, geneva;\">Tercer Seminario:<a href=\"http:\/\/www.mendoza.edu.ar\/index.php?option=com_content&amp;view=article&amp;id=4582:tercer-seminario-de-politicas-digitales-qla-gestion-de-las-tic-para-la-transformacion-de-la-escuelaq&amp;catid=1:ultimas&amp;Itemid=296\">&nbsp;La Gesti&oacute;n de las TIC para la transformaci&oacute;n de la escuela<\/a><\/span><\/li>\n<\/ul>\n<\/td>\n<\/tr>\n<tr>\n<td>\n<ul>\n<li><span style=\"font-size: 10pt; font-family: verdana, geneva;\">Cuarto Seminario:&nbsp;<a href=\"http:\/\/www.mendoza.edu.ar\/index.php?option=com_content&amp;view=article&amp;id=4653:tercer-seminario-de-politicas-digitales-qla-gestion-de-las-tic-para-la-transformacion-de-la-escuelaq&amp;catid=179:destacadas&amp;Itemid=295\">Inclusi&oacute;n y Diversidad: el aporte de las TIC para la accesibilidad educativa<\/a><\/span><\/li>\n<\/ul>\n<\/td>\n<\/tr>\n<tr>\n<td>\n<ul>\n<li><span style=\"font-size: 10pt; font-family: verdana, geneva;\">Quinto Seminario:&nbsp;<a href=\"http:\/\/www.mendoza.edu.ar\/institucional\/index.php?option=com_content&amp;view=article&amp;id=3277:quinto-seminario-de-politicas-digitales-qenriquecer-la-ensenanza&amp;catid=139:direccion-de-politicas-de-integracion-digital&amp;Itemid=1307\" target=\"_blank\">Enriquecer la Ense&ntilde;anza: Los ambientes con alta disposici&oacute;n tecnol&oacute;gica como oportunidad<\/a><\/span><\/li>\n<\/ul>\n<\/td>\n<\/tr>\n<tr>\n<td>\n<ul>\n<li><span style=\"font-size: 10pt; font-family: verdana, geneva;\">Sexto Seminario:&nbsp;<a href=\"http:\/\/www.mendoza.edu.ar\/institucional\/index.php?option=com_content&amp;view=article&amp;id=3304:las-imagenes-en-la-cultura-digital-una-narrativa-multimedial&amp;catid=139:direccion-de-politicas-de-integracion-digital&amp;Itemid=1307\" target=\"_blank\">Aprender en la cultura digital: De la ilustraci&oacute;n de textos a las narrativas transmedia<\/a><\/span><\/li>\n<\/ul>\n<\/td>\n<\/tr>\n<\/tbody>\n<\/table>\n<hr>\n<table border=\"0\" cellspacing=\"0\" cellpadding=\"0\" align=\"center\">\n<tbody>\n<tr>\n<td><span style=\"font-size: 10pt; font-family: verdana, geneva;\"><a href=\"http:\/\/escuelasdeinnovacion.conectarigualdad.gob.ar\/\" target=\"_blank\"><img decoding=\"async\" src=\"http:\/\/www.mendoza.edu.ar\/images\/stories\/logos\/escuelas_innovacion.jpg\" border=\"0\" alt=\"Logo Escuelas Innovacion\"><\/a><\/span><\/td>\n<td><span style=\"font-size: 10pt; font-family: verdana, geneva;\"><a href=\"http:\/\/www.uch.edu.ar\/\" target=\"_blank\"><img decoding=\"async\" src=\"http:\/\/www.mendoza.edu.ar\/images\/stories\/universidad\/cahmapagnat.png\" border=\"0\" alt=\"\" height=\"70\"><\/a><\/span><\/td>\n<td><span style=\"font-size: 10pt; font-family: verdana, geneva;\"><img decoding=\"async\" src=\"http:\/\/www.mendoza.edu.ar\/images\/stories\/destacadas\/dge_mendoza.jpg\" border=\"0\" alt=\"Logo DGE\" height=\"50\"><\/span><\/td>\n<\/tr>\n<\/tbody>\n<\/table>\n<hr>\n<p style=\"text-align: justify;\"><span style=\"font-size: 10pt; font-family: verdana, geneva;\">&nbsp;<\/span><\/p>\n<p style=\"text-align: justify;\"><span style=\"font-size: 10pt; font-family: verdana, geneva;\">Fuente: Direc. de Pol&iacute;ticas de Integraci&oacute;n Digital&nbsp;<\/span><\/p><\/p>\n","protected":false},"excerpt":{"rendered":"<p>S\u00e9ptimo Seminario de Pol\u00edticas Digitales ?TRANSFORMAR LAS FORMAS DE APRENDER: De los recursos tecnol\u00f3gicos a la gesti\u00f3n del conocimiento? se desarrollar\u00e1 el d\u00eda 15 de octubre de 17.00 a 19.00 hs en el auditorio de la Universidad Champagnat, Belgrano 721 Godoy Cruz, Mendoza. &nbsp; La Direcci&oacute;n General de Escuelas invita al&nbsp;7&ordm; seminario de Pol&iacute;ticas Digitales &#8230; <a title=\"S\u00e9ptimo Seminario de Pol\u00edticas Digitales\" class=\"read-more\" href=\"https:\/\/superior-infd.mendoza.edu.ar\/sitio\/septimo-seminario-de-politicas-digitales\/\" aria-label=\"More on S\u00e9ptimo Seminario de Pol\u00edticas Digitales\">[+]<\/a><\/p>\n","protected":false},"author":1090,"featured_media":0,"comment_status":"open","ping_status":"open","sticky":false,"template":"","format":"standard","meta":[],"categories":[6,17],"tags":[],"acf":[],"_links":{"self":[{"href":"https:\/\/superior-infd.mendoza.edu.ar\/sitio\/wp-json\/wp\/v2\/posts\/13121"}],"collection":[{"href":"https:\/\/superior-infd.mendoza.edu.ar\/sitio\/wp-json\/wp\/v2\/posts"}],"about":[{"href":"https:\/\/superior-infd.mendoza.edu.ar\/sitio\/wp-json\/wp\/v2\/types\/post"}],"author":[{"embeddable":true,"href":"https:\/\/superior-infd.mendoza.edu.ar\/sitio\/wp-json\/wp\/v2\/users\/1090"}],"replies":[{"embeddable":true,"href":"https:\/\/superior-infd.mendoza.edu.ar\/sitio\/wp-json\/wp\/v2\/comments?post=13121"}],"version-history":[{"count":0,"href":"https:\/\/superior-infd.mendoza.edu.ar\/sitio\/wp-json\/wp\/v2\/posts\/13121\/revisions"}],"wp:attachment":[{"href":"https:\/\/superior-infd.mendoza.edu.ar\/sitio\/wp-json\/wp\/v2\/media?parent=13121"}],"wp:term":[{"taxonomy":"category","embeddable":true,"href":"https:\/\/superior-infd.mendoza.edu.ar\/sitio\/wp-json\/wp\/v2\/categories?post=13121"},{"taxonomy":"post_tag","embeddable":true,"href":"https:\/\/superior-infd.mendoza.edu.ar\/sitio\/wp-json\/wp\/v2\/tags?post=13121"}],"curies":[{"name":"wp","href":"https:\/\/api.w.org\/{rel}","templated":true}]}}