{"id":13048,"date":"2015-08-28T00:00:00","date_gmt":"2015-08-28T00:00:00","guid":{"rendered":"https:\/\/des-mza.infd.edu.ar\/sitio\/seminario-enriquecer-la-ensenanza\/"},"modified":"2015-08-28T00:00:00","modified_gmt":"2015-08-28T00:00:00","slug":"seminario-enriquecer-la-ensenanza","status":"publish","type":"post","link":"https:\/\/superior-infd.mendoza.edu.ar\/sitio\/seminario-enriquecer-la-ensenanza\/","title":{"rendered":"Seminario Enriquecer la Ense\u00f1anza"},"content":{"rendered":"<p class=\"sitio_noticia_volanta\" >Quinto seminario de Pol\u00edticas Digitales<\/p>\n<h3>Seminario Enriquecer la Ense\u00f1anza<\/h3>\n<p class=\"sitio_noticia_copete\" > Los ambientes con alta disposici\u00f3n tecnol\u00f3gica como oportunidad.  <\/p>\n<hr class=\"sitio_noticia_contenido\" \/>\n<p >\n<div class=\"article-content\">\n<p>&nbsp;<\/p>\n<p><span style=\"font-size: 10pt; font-family: verdana, geneva;\"><img decoding=\"async\" loading=\"lazy\" style=\"display: block; margin-left: auto; margin-right: auto;\" src=\"http:\/\/socialgeek.co\/wp-content\/uploads\/2013\/05\/Tecnolog%C3%ADa-Paquete.jpg\" border=\"0\" width=\"639\" height=\"371\"><\/span><\/p>\n<p>&nbsp;<\/p>\n<p><span style=\"font-size: 10pt; font-family: verdana, geneva;\">El seminario<strong><span style=\"color: #339966;\"> \u00abEnriquecer la Ense&ntilde;anza: Los ambientes con alta disposici&oacute;n tecnol&oacute;gica como oportunidad\u00bb<\/span> <\/strong>se desarrollar&aacute; el d&iacute;a 9 de septiembre de 11 a 13 hs en el Centro Cultural Julio Le Parc en Mitre y Godoy Cruz de Guaymall&eacute;n, Ciudad de Mendoza.<\/span><\/p>\n<p style=\"text-align: justify;\"><span style=\"font-size: 10pt; font-family: verdana, geneva;\">La Direcci&oacute;n General de Escuelas de la Provincia de Mendoza en el marco del programa Aula Modelo invita al 5<\/span><\/p>\n<p><span style=\"font-size: 10pt; font-family: verdana, geneva;\"><img decoding=\"async\" style=\"border: 0; float: right; margin: 5px;\" src=\"http:\/\/www.mendoza.edu.ar\/images\/stories\/destacadas\/5seminario5.jpg\" border=\"0\" width=\"300\"><\/span><\/p>\n<p style=\"text-align: justify;\"><span style=\"font-size: 10pt; font-family: verdana, geneva;\">&ordm; seminario de Pol&iacute;ticas Digitales&nbsp;<span style=\"color: #339966;\"><strong>\u00abEnriquecer la Ense&ntilde;anza: Los ambientes con alta disposici&oacute;n tecnol&oacute;gica como oportunidad<\/strong>\u00ab<\/span> a cargo de la Mgter. Mariana Maggio, Profesora Adjunta de la Facultad de Filosof&iacute;a y Letras, UBA.<\/span><\/p>\n<p style=\"text-align: justify;\"><span style=\"font-size: 10pt; font-family: verdana, geneva;\">Esta propuesta ofrece como categor&iacute;a clave la de la inclusi&oacute;n genuina de tecnolog&iacute;a, como aquella que \u00abalcanza los prop&oacute;sitos de ense&ntilde;anza y sus contenidos, pero adquiere su mayor expresi&oacute;n en la propuestadid&aacute;ctica cuando emula en este plano de la pr&aacute;ctica el entramado de los desarrollos tecnol&oacute;gicos en el proceso de producci&oacute;n de conocimiento\u00bb. Cuando hay inclusi&oacute;n genuina de la tecnolog&iacute;a, &eacute;sta se produce de manera compleja con sentido pedag&oacute;gico. En ese desaf&iacute;o otorga un lugar central al docente como protagonista de la innovaci&oacute;n.<\/span><\/p>\n<table id=\"actos1\" border=\"0\" align=\"center\">\n<tbody>\n<tr>\n<td>\n<h4><span style=\"font-size: 10pt; font-family: verdana, geneva;\">Mariana Maggio<\/span><\/h4>\n<p><span style=\"font-size: 10pt; font-family: verdana, geneva;\"><img decoding=\"async\" style=\"border: 0; float: right; margin: 5px;\" src=\"http:\/\/www.mendoza.edu.ar\/images\/stories\/destacadas\/mariana_maggio.jpg\" border=\"0\" width=\"100\">Licenciada en Ciencias de la Educaci&oacute;n, Especialista y Magister en Did&aacute;ctica de la Universidad de Buenos Aires.<\/span><\/p>\n<p><span style=\"font-size: 10pt; font-family: verdana, geneva;\">Profesora Adjunta Regular. &Aacute;rea de Tecnolog&iacute;a Educativa. Departamento de Ciencias de la Educaci&oacute;n. Facultad de Filosof&iacute;a y Letras. Universidad de Buenos Aires.<\/span><\/p>\n<p><span style=\"font-size: 10pt; font-family: verdana, geneva;\">Directora de la Maestr&iacute;a y Carrera de Especializaci&oacute;n en Tecnolog&iacute;a Educativa. Facultad de Filosof&iacute;a y Letras. Universidad de Buenos Aires.<\/span><\/p>\n<p><span style=\"font-size: 10pt; font-family: verdana, geneva;\">Directora del proyecto de investigaci&oacute;n: \u00abLas pr&aacute;cticas de la ense&ntilde;anza recreadas en los escenarios de alta disposici&oacute;n tecnol&oacute;gica\u00bb. Subsidio UBACYT 2013-2016. Universidad de Buenos Aires. Facultad de Filosof&iacute;a y Letras. Instituto de Investigaciones en Ciencias de la Educaci&oacute;n.<\/span><\/p>\n<p><span style=\"font-size: 10pt; font-family: verdana, geneva;\">Responsable de Programas Acad&eacute;micos para Microsoft Latinoam&eacute;rica.<\/span><\/p>\n<p><span style=\"font-size: 10pt; font-family: verdana, geneva;\">Fue Secretaria Acad&eacute;mica de la Maestr&iacute;a en Did&aacute;ctica de la Facultad de Filosof&iacute;a y Letras de la Universidad de Buenos Aires entre 1998 y 2000. Fue Subcoordinadora del Programa Nacional de Formaci&oacute;n Docente y Coordinadora del Proyecto Polos de Desarrollo. Ministerio de Educaci&oacute;n, en los a&ntilde;os 2000 y 2001. Trabaj&oacute; como asesora pedag&oacute;gica de Fundaci&oacute;n Telef&oacute;nica para el desarrollo de EducaRed en Argentina entre 2002 y 2004.<\/span><\/p>\n<p><span style=\"font-size: 10pt; font-family: verdana, geneva;\"><strong>Sus principales publicaciones son:<\/strong><\/span><\/p>\n<ul>\n<li><span style=\"font-size: 10pt; font-family: verdana, geneva;\">Enriquecer la ense&ntilde;anza. (2012) Buenos Aires: Paid&oacute;s.<\/span><\/li>\n<li><span style=\"font-size: 10pt; font-family: verdana, geneva;\">Creaciones, experiencias y horizontes inspiradores. La trama de Conectar Igualdad. (2012) Buenos Aires: Educ.ar S.E, Ministerio de Educaci&oacute;n de la Naci&oacute;n. Co-autora en colaboraci&oacute;n con: Latorre, M.; Lion, C; Masnatta, M.; Penacca, L.; Perosi, M.; Pinto, L. y Sarl&eacute;, P.<\/span><\/li>\n<li><span style=\"font-size: 10pt; font-family: verdana, geneva;\">Tecnolog&iacute;as en las aulas. Casos para el an&aacute;lisis. (2005) Coordinadora en colaboraci&oacute;n con E.<\/span><\/li>\n<li><span style=\"font-size: 10pt; font-family: verdana, geneva;\">Litwin y M. Lipsman. Buenos Aires: Editorial Amorrortu.<\/span><\/li>\n<li><span style=\"font-size: 10pt; font-family: verdana, geneva;\">La Educaci&oacute;n a Distancia en los 90. (1994) Buenos Aires: Universidad de Buenos Aires. Facultad de Filosof&iacute;a y Letras y Programa UBA XXI. Compiladora en colaboraci&oacute;n con Edith Litwin y Hebe Roig.<\/span><\/li>\n<\/ul>\n<p><span style=\"font-size: 10pt; font-family: verdana, geneva;\">Fue distinguida con el Premio Convergencia L&iacute;der de las Comunicaciones 2006.<\/span><\/p>\n<\/td>\n<\/tr>\n<\/tbody>\n<\/table>\n<h4><span style=\"font-size: 10pt; font-family: verdana, geneva; color: #339966;\">Convocamos a participar del Seminario a:<\/span><\/h4>\n<ul>\n<li><span style=\"font-size: 10pt; font-family: verdana, geneva;\">Rectores y equipo de gesti&oacute;n de los institutos de formaci&oacute;n docente que son parte del universo de Conectar Igualdad<\/span><\/li>\n<li><span style=\"font-size: 10pt; font-family: verdana, geneva;\">Supervisores y directores de escuelas de educaci&oacute;n secundaria t&eacute;cnica y orientada<\/span><\/li>\n<li><span style=\"font-size: 10pt; font-family: verdana, geneva;\">Supervisores y directores de las escuelas Primarias y Nivel inicial<\/span><\/li>\n<li><span style=\"font-size: 10pt; font-family: verdana, geneva;\">P&uacute;blico en general que est&eacute;n en relaci&oacute;n con la tem&aacute;tica<\/span><\/li>\n<\/ul>\n<p><span style=\"font-size: 10pt; font-family: verdana, geneva;\">Los interesados en asistir pueden inscribirse a trav&eacute;s de este&nbsp;<strong><a href=\"http:\/\/www.mendoza.edu.ar\/limesurvey\/index.php\/222829\/lang-es\" target=\"_blank\">Formulario<\/a>.<\/strong><\/span><\/p>\n<p><span style=\"font-size: 10pt; font-family: verdana, geneva; color: #339966;\"><strong>El seminario es gratuito y con cupo limitado.<\/strong><\/span><\/p>\n<p><span style=\"font-size: 10pt; font-family: verdana, geneva;\">Este evento da continuidad a una serie de seminarios organizados por la Direcci&oacute;n de Pol&iacute;ticas de Integraci&oacute;n Digital desde el a&ntilde;o 2014 y que continuar&aacute;n desarroll&aacute;ndose durante el a&ntilde;o 2015.<\/span><\/p>\n<table id=\"bordes_redondeados\" border=\"0\" align=\"center\" summary=\"bordes_redondeados\">\n<tbody>\n<tr>\n<td>\n<h2><span style=\"font-size: 10pt; font-family: verdana, geneva;\">Seminarios de Pol&iacute;ticas de Integraci&oacute;n Digital<\/span><\/h2>\n<\/td>\n<\/tr>\n<tr>\n<td>\n<ul>\n<li><span style=\"font-size: 10pt; font-family: verdana, geneva;\"><span style=\"color: #339966;\"><strong>Primer Seminario<\/strong><\/span>:&nbsp;<a href=\"http:\/\/www.mendoza.edu.ar\/index.php?option=com_content&amp;view=article&amp;id=4226:seminario-de-politicas-digitales-del-aula-aumentada-a-la-calidad-educativa&amp;catid=179:destacadas&amp;Itemid=295\">Los Contenidos Digitales en la educaci&oacute;n: el Aula Aumentada<\/a><\/span><\/li>\n<\/ul>\n<\/td>\n<\/tr>\n<tr>\n<td>\n<ul>\n<li><span style=\"font-size: 10pt; font-family: verdana, geneva;\"><span style=\"color: #339966;\"><strong>Segundo Seminario:&nbsp;<\/strong><\/span><a href=\"http:\/\/www.mendoza.edu.ar\/index.php?option=com_content&amp;view=article&amp;id=4241:los-docentes-mendocinos-se-continuan-capacitando-en-nuevas-tecnologias&amp;catid=179:destacadas&amp;Itemid=295\">Las TIC y la Calidad Educativa: La escuela en la Sociedad del Conocimiento<\/a><\/span><\/li>\n<\/ul>\n<\/td>\n<\/tr>\n<tr>\n<td>\n<ul>\n<li><span style=\"font-size: 10pt; font-family: verdana, geneva;\"><span style=\"color: #339966;\"><strong>Tercer Seminario:<\/strong><\/span><a href=\"http:\/\/www.mendoza.edu.ar\/index.php?option=com_content&amp;view=article&amp;id=4582:tercer-seminario-de-politicas-digitales-qla-gestion-de-las-tic-para-la-transformacion-de-la-escuelaq&amp;catid=1:ultimas&amp;Itemid=296\">&nbsp;La Gesti&oacute;n de las TIC para la transformaci&oacute;n de la escuela<\/a><\/span><\/li>\n<\/ul>\n<\/td>\n<\/tr>\n<tr>\n<td>\n<ul>\n<li><span style=\"font-size: 10pt; font-family: verdana, geneva;\"><span style=\"color: #339966;\"><strong>Cuarto Seminario:<\/strong><\/span>&nbsp;<a href=\"http:\/\/www.mendoza.edu.ar\/index.php?option=com_content&amp;view=article&amp;id=4653:tercer-seminario-de-politicas-digitales-qla-gestion-de-las-tic-para-la-transformacion-de-la-escuelaq&amp;catid=179:destacadas&amp;Itemid=295\">Inclusi&oacute;n y Diversidad: el aporte de las TIC para la accesibilidad educativa<\/a><\/span><\/li>\n<\/ul>\n<\/td>\n<\/tr>\n<\/tbody>\n<\/table>\n<p><span style=\"font-size: 10pt; font-family: verdana, geneva;\">Fuente: <a href=\"http:\/\/www.mendoza.edu.ar\" target=\"_blank\">Portal Educativo de Mendoza<\/a><\/span><\/p>\n<\/div>\n","protected":false},"excerpt":{"rendered":"<p>Quinto seminario de Pol\u00edticas Digitales Seminario Enriquecer la Ense\u00f1anza Los ambientes con alta disposici\u00f3n tecnol\u00f3gica como oportunidad. &nbsp; &nbsp; El seminario \u00abEnriquecer la Ense&ntilde;anza: Los ambientes con alta disposici&oacute;n tecnol&oacute;gica como oportunidad\u00bb se desarrollar&aacute; el d&iacute;a 9 de septiembre de 11 a 13 hs en el Centro Cultural Julio Le Parc en Mitre y Godoy &#8230; <a title=\"Seminario Enriquecer la Ense\u00f1anza\" class=\"read-more\" href=\"https:\/\/superior-infd.mendoza.edu.ar\/sitio\/seminario-enriquecer-la-ensenanza\/\" aria-label=\"More on Seminario Enriquecer la Ense\u00f1anza\">[+]<\/a><\/p>\n","protected":false},"author":1090,"featured_media":0,"comment_status":"open","ping_status":"open","sticky":false,"template":"","format":"standard","meta":[],"categories":[12,6],"tags":[],"acf":[],"_links":{"self":[{"href":"https:\/\/superior-infd.mendoza.edu.ar\/sitio\/wp-json\/wp\/v2\/posts\/13048"}],"collection":[{"href":"https:\/\/superior-infd.mendoza.edu.ar\/sitio\/wp-json\/wp\/v2\/posts"}],"about":[{"href":"https:\/\/superior-infd.mendoza.edu.ar\/sitio\/wp-json\/wp\/v2\/types\/post"}],"author":[{"embeddable":true,"href":"https:\/\/superior-infd.mendoza.edu.ar\/sitio\/wp-json\/wp\/v2\/users\/1090"}],"replies":[{"embeddable":true,"href":"https:\/\/superior-infd.mendoza.edu.ar\/sitio\/wp-json\/wp\/v2\/comments?post=13048"}],"version-history":[{"count":0,"href":"https:\/\/superior-infd.mendoza.edu.ar\/sitio\/wp-json\/wp\/v2\/posts\/13048\/revisions"}],"wp:attachment":[{"href":"https:\/\/superior-infd.mendoza.edu.ar\/sitio\/wp-json\/wp\/v2\/media?parent=13048"}],"wp:term":[{"taxonomy":"category","embeddable":true,"href":"https:\/\/superior-infd.mendoza.edu.ar\/sitio\/wp-json\/wp\/v2\/categories?post=13048"},{"taxonomy":"post_tag","embeddable":true,"href":"https:\/\/superior-infd.mendoza.edu.ar\/sitio\/wp-json\/wp\/v2\/tags?post=13048"}],"curies":[{"name":"wp","href":"https:\/\/api.w.org\/{rel}","templated":true}]}}