{"id":13037,"date":"2015-08-24T00:00:00","date_gmt":"2015-08-24T00:00:00","guid":{"rendered":"https:\/\/des-mza.infd.edu.ar\/sitio\/llamado-a-cubrir-cargo-de-coordinador-institucional-de-politicas-estudiantiles-cipe\/"},"modified":"2015-08-24T00:00:00","modified_gmt":"2015-08-24T00:00:00","slug":"llamado-a-cubrir-cargo-de-coordinador-institucional-de-politicas-estudiantiles-cipe","status":"publish","type":"post","link":"https:\/\/superior-infd.mendoza.edu.ar\/sitio\/llamado-a-cubrir-cargo-de-coordinador-institucional-de-politicas-estudiantiles-cipe\/","title":{"rendered":"Llamado a cubrir cargo de Coordinador Institucional de Pol\u00edticas Estudiantiles (CIPE)"},"content":{"rendered":"<p class=\"sitio_noticia_volanta\" >\n<h3>Llamado a cubrir cargo de Coordinador Institucional de Pol\u00edticas Estudiantiles (CIPE)<\/h3>\n<p class=\"sitio_noticia_copete\" >Instituto Superior T\u00e9cnico de Estudios Econ\u00f3micos (ISTEEC)<\/p>\n<hr class=\"sitio_noticia_contenido\" \/>\n<p >\n<div class=\"Section1\">\n<p><span style=\"font-size: 10pt; font-family: verdana, geneva;\"><img decoding=\"async\" style=\"border: 0px; display: block; margin-left: auto; margin-right: auto;\" title=\"head_pol&iacute;ticas estudiantiles3\" src=\"https:\/\/superior-infd.mendoza.edu.ar\/sitio\/wp-content\/uploads\/2018\/08\/head3.jpg\" border=\"0\" alt=\"head_pol&iacute;ticas estudiantiles3\" width=\"650\"><\/span><\/p>\n<p style=\"text-align: justify;\"><span style=\"font-size: 10pt; font-family: verdana, geneva;\">El Instituto Nacional de Formaci&oacute;n Docente (INFD) y la Direcci&oacute;n de Educaci&oacute;n Superior (DES) abren la convocatoria para cubrir el cargo de Coordinador Institucional de Pol&iacute;ticas Estudiantiles (CIPE) para los meses de Septiembre hasta Diciembre de 2015, para el IES 9-013 <span style=\"color: #ff00ff;\"><a href=\"https:\/\/www.google.com.ar\/url?sa=t&amp;rct=j&amp;q=&amp;esrc=s&amp;source=web&amp;cd=1&amp;cad=rja&amp;uact=8&amp;ved=0CB0QFjAAahUKEwjHo96SjbXHAhVCf5AKHbkcCyM&amp;url=http%3A%2F%2Fwww.isteec.edu.ar%2F&amp;ei=jHDUVcetDcL-wQS5uayYAg&amp;usg=AFQjCNFwer111CKpGHnSZieGqS2ORjTB_A&amp;sig2=mgfZMRmfKav_266vVevH4w&amp;bvm=bv.99804247,d.Y2I\"><span style=\"color: #ff00ff;\">&ldquo;<strong>ISTEEC<\/strong><\/span><\/a><strong>&rdquo;<\/strong><\/span><\/span><\/p>\n<p style=\"text-align: justify;\"><span style=\"font-family: verdana, geneva; font-size: 10pt;\"><img decoding=\"async\" style=\"border: 0; float: right; margin: 6px;\" title=\"\" src=\"https:\/\/superior-infd.mendoza.edu.ar\/sitio\/wp-content\/uploads\/2018\/08\/politicas.png\" border=\"0\" width=\"150\">Los <span style=\"color: #ff00ff;\"><strong>Coordinadores Institucionales de Pol&iacute;ticas Estudiantiles (CIPEs)<\/strong><\/span> son parte de un programa nacional impulsado por el Instituto Nacional de Formaci&oacute;n Docente (INFD) del Ministerio de Educaci&oacute;n de la Naci&oacute;n en acuerdo federal con todas las Jurisdicciones, para motorizar y llevar adelante el fortalecimiento de las <\/span><strong style=\"font-family: verdana, geneva; font-size: 10pt;\"><em>trayectorias estudiantiles<\/em><\/strong><span style=\"font-family: verdana, geneva; font-size: 10pt;\"> de la formaci&oacute;n docente y t&eacute;cnica de los Institutos de Educaci&oacute;n Superior (IES) en todo el pa&iacute;s. El &aacute;rea, tiene un rol central en acompa&ntilde;ar el ingreso, la permanencia y el egreso de los estudiantes, as&iacute; como, la generaci&oacute;n de condiciones institucionales que alienten la participaci&oacute;n estudiantil, el di&aacute;logo entre los estudiantes y los profesores y directivos, y la formaci&oacute;n integral de los estudiantes en funci&oacute;n del fortalecimiento de la Democracia, la Ciudadan&iacute;a y los Derechos Humanos.<\/span><\/p>\n<p style=\"text-align: justify;\">&nbsp;<\/p>\n<p style=\"text-align: justify;\"><span style=\"font-size: 10pt; font-family: verdana, geneva; color: #ff00ff;\"><strong>Procedimiento de selecci&oacute;n:<\/strong><\/span><\/p>\n<p style=\"text-align: justify;\"><span style=\"font-size: 10pt; font-family: verdana, geneva;\">El proceso de selecci&oacute;n se encuadra en el marco de lo establecido por el Plan Nacional de Formaci&oacute;n Docente 2012-2015 (Res. CFE N&deg; 167\/12), las necesidades de naci&oacute;n, la jurisdicci&oacute;n y de los institutos respecto del &aacute;rea, y la pol&iacute;tica de fortalecimiento institucional de la Direcci&oacute;n de Educaci&oacute;n Superior.<\/span><\/p>\n<p style=\"text-align: justify;\"><span style=\"font-size: 10pt; font-family: verdana, geneva;\">Espec&iacute;ficamente, los IES, el INFD y la DES realizar&aacute;n la difusi&oacute;n y convocatoria con la mayor amplitud posible, dado la pretensi&oacute;n de que todos los interesados puedan postularse.<\/span><\/p>\n<p style=\"text-align: justify;\"><span style=\"font-size: 10pt; font-family: verdana, geneva;\">Las presentaciones de los postulantes se realizar&aacute;n en formato papel en el Instituto correspondiente, y en formato digital, tanto al correo del &aacute;rea nacional de Pol&iacute;ticas Estudiantiles (INFD), como al correo del &aacute;rea jurisdiccional de Pol&iacute;ticas Estudiantiles (DES), teniendo en cuenta los requisitos y fechas establecidas en la presente convocatoria. Posterior a ello, las autoridades del Instituto, realizar&aacute;n una estimaci&oacute;n sobre los respectivos postulantes y, los referentes nacionales y jurisdiccionales del &aacute;rea de Pol&iacute;ticas Estudiantiles (INFD-DES) abordar&aacute;n las entrevistas personales y la selecci&oacute;n de los perfiles, realizando las notificaciones respectivas a los postulantes y al Instituto.<\/span><\/p>\n<div class=\"Section2\" style=\"text-align: justify;\">\n<p>&nbsp;<\/p>\n<p><strong><span style=\"font-size: 10pt; font-family: verdana, geneva; color: #ff00ff;\">Cronograma<\/span><\/strong><\/p>\n<p><span style=\"font-size: 10pt; font-family: verdana, geneva;\"><strong>-DIFUSI&Oacute;N CONVOCATORIA: <\/strong>desde el 24 al 31 de agosto de 2015;<\/span><\/p>\n<p><span style=\"font-size: 10pt; font-family: verdana, geneva;\"><strong>-RECEPCI&Oacute;N DE CURR&Iacute;CULUM EN FORMATO DIGITAL: <\/strong>desde el 26al 31 de agosto de 2015 hasta las 24:00 hs. A los siguientes correos:<\/span><\/p>\n<p><span style=\"font-family: verdana, geneva; font-size: 10pt;\">Pol&iacute;ticas Estudiantiles INFD: <\/span><a style=\"font-family: verdana, geneva; font-size: 10pt;\" href=\"mailto:convocatoria-cipe@infd.edu.ar\">convocatoria-cipe@infd.edu.ar<\/a><span style=\"font-family: verdana, geneva; font-size: 10pt;\">&nbsp;<\/span><\/p>\n<p><span style=\"font-size: 10pt; font-family: verdana, geneva;\">Pol&iacute;ticas Estudiantiles DES: <a href=\"mailto:politicasestudiantilesmdz@gmail.com\">politicasestudiantilesmdz@gmail.com<\/a><\/span><\/p>\n<p><span style=\"font-family: verdana, geneva; font-size: 10pt;\">&#8211;<\/span><strong style=\"font-family: verdana, geneva; font-size: 10pt;\">RECEPCI&Oacute;N DE CURRICULUM EN FORMATO PAPEL:<\/strong><span style=\"font-family: verdana, geneva; font-size: 10pt;\"> desde el 26 al 31 de agosto de 2015 en sede central del Instituto en calle Rodr&iacute;guez 495 (Ciudad de Mendoza) de 19:30 a 21:30 por Secretar&iacute;a de la Instituci&oacute;n.<\/span><\/p>\n<p><span style=\"font-size: 10pt; font-family: verdana, geneva;\"><strong>-ESTIMACI&Oacute;N DEL CURR&Iacute;CULUM DEL POSTULANTE POR EL INSTITUTO: <\/strong>1 y 2 de Septiembre de 2015.<\/span><\/p>\n<p><span style=\"font-size: 10pt; font-family: verdana, geneva;\"><strong>-ENTREVISTAS INDIVIDUALES CON LOS POSTULANTES: <\/strong>Lunes 7de septiembre de 2015 en Mendoza.<\/span><\/p>\n<p><span style=\"font-size: 10pt; font-family: verdana, geneva;\"><strong>-NOTIFICACI&Oacute;N DE LA SELECCI&Oacute;N: <\/strong>8 y 9 de Septiembre de 2015<\/span><\/p>\n<p><span style=\"font-size: 10pt; font-family: verdana, geneva;\">&nbsp;<\/span><\/p>\n<p><span style=\"font-size: 10pt; font-family: verdana, geneva;\"><strong><span style=\"color: #ff00ff;\">Requisitos:<\/span><\/strong><\/span><\/p>\n<p><span style=\"font-size: 10pt; font-family: verdana, geneva;\"><strong>A &#8211; Requisitos espec&iacute;ficos:<\/strong><\/span><\/p>\n<p><span style=\"font-size: 10pt; font-family: verdana, geneva;\">Poseer t&iacute;tulo de nivel superior (de Institutos o Universidad);<\/span><\/p>\n<p><span style=\"font-size: 10pt; font-family: verdana, geneva;\">Poseer experiencia de trabajo con j&oacute;venes;<\/span><\/p>\n<p><span style=\"font-size: 10pt; font-family: verdana, geneva;\">Acreditar experiencia en participaci&oacute;n y\/o coordinaci&oacute;n de proyectos socio-comunitarios;<\/span><\/p>\n<p><span style=\"font-size: 10pt; font-family: verdana, geneva;\">Acreditar capacitaci&oacute;n y\/o formaci&oacute;n en Derechos Humanos;<\/span><\/p>\n<p><span style=\"font-size: 10pt; font-family: verdana, geneva;\">Poseer disponibilidad de horas semanales para trabajar en las instituciones;<\/span><\/p>\n<\/div>\n<div class=\"Section3\" style=\"text-align: justify;\"><span style=\"font-size: 10pt; font-family: verdana, geneva;\">Tener disponibilidad para asistir a encuentros provinciales, regionales y\/o nacionales convocados por la Direcci&oacute;n de Educaci&oacute;n Superior de la provincia y\/o el Instituto Nacional de Formaci&oacute;n Docente;<\/span><\/p>\n<p><span style=\"font-size: 10pt; font-family: verdana, geneva;\">SER MONOTRIBUTISTA;<\/span><\/p>\n<p><span style=\"font-size: 10pt; font-family: verdana, geneva;\">Presentar el Curr&iacute;culum Vitae en los dos formatos solicitado, con los considerandos previstos y seg&uacute;n el cronograma establecido;<\/span><\/p>\n<p><span style=\"font-size: 10pt; font-family: verdana, geneva;\">Presentar en las entrevistas las probanzas.<\/span><\/p>\n<p><span style=\"font-size: 10pt; font-family: verdana, geneva;\">&nbsp;<\/span><\/p>\n<\/div>\n<div class=\"Section4\" style=\"text-align: justify;\">\n<p><span style=\"font-size: 10pt; font-family: verdana, geneva; color: #ff00ff;\"><strong>Entrevistas:<\/strong><\/span><\/p>\n<p><span style=\"font-size: 10pt; font-family: verdana, geneva;\">Las entrevistas se realizar&aacute;n de forma individual con los referentes nacionales y jurisdiccionales del &aacute;rea de Pol&iacute;ticas Estudiantiles (INFD &ndash; DES).<\/span><\/p>\n<p><span style=\"font-size: 10pt; font-family: verdana, geneva;\"><strong>&#8211; Lunes 07\/09\/2015: <\/strong>los postulantes ser&aacute;n entrevistados en la callePer&uacute; 86, B&deg; Bombal, Ciudad de Mendoza, en horario a acordar con cada uno.<\/span><\/p>\n<p><span style=\"font-size: 10pt; font-family: verdana, geneva;\"><strong>Importante:<\/strong><\/span><\/p>\n<p><span style=\"font-size: 10pt; font-family: verdana, geneva;\">-Realizar previo a la entrevista, una lectura al Documento Marco de Pol&iacute;ticas Estudiantiles. Link: <span style=\"text-decoration: underline;\"><a href=\"http:\/\/portales.educacion.gov.ar\/infd\/files\/2011\/07\/documento-marco-de-PE.pdf\">http:\/\/portales.educacion.gov.ar\/infd\/files\/2011\/07\/documento-marco-de-PE.pdf<\/a><\/span><\/span><\/p>\n<p><span style=\"font-size: 10pt; font-family: verdana, geneva;\">-Presentar las Probanzas de lo se&ntilde;alado en el CV.<\/span><\/p>\n<\/div>\n<p style=\"text-align: justify;\"><span style=\"font-size: 10pt; font-family: verdana, geneva;\"><strong>&nbsp;<\/strong><\/span><\/p>\n<p style=\"text-align: justify;\"><span style=\"font-size: 10pt; font-family: verdana, geneva;\"><strong><a href=\"upload\/Convocatoria_CIPE_9-013_2015.pdf\" target=\"_blank\"><img decoding=\"async\" loading=\"lazy\" title=\"\" src=\"https:\/\/superior-infd.mendoza.edu.ar\/sitio\/wp-content\/uploads\/2018\/08\/pdf1.jpg\" border=\"0\" alt=\"\" width=\"26\" height=\"26\">&nbsp;Informaci&oacute;n completa de la convocatoria<\/a><\/strong><\/span><\/p>\n<p>&nbsp;<\/p>\n<\/div>\n","protected":false},"excerpt":{"rendered":"<p>Llamado a cubrir cargo de Coordinador Institucional de Pol\u00edticas Estudiantiles (CIPE) Instituto Superior T\u00e9cnico de Estudios Econ\u00f3micos (ISTEEC) El Instituto Nacional de Formaci&oacute;n Docente (INFD) y la Direcci&oacute;n de Educaci&oacute;n Superior (DES) abren la convocatoria para cubrir el cargo de Coordinador Institucional de Pol&iacute;ticas Estudiantiles (CIPE) para los meses de Septiembre hasta Diciembre de 2015, &#8230; <a title=\"Llamado a cubrir cargo de Coordinador Institucional de Pol\u00edticas Estudiantiles (CIPE)\" class=\"read-more\" href=\"https:\/\/superior-infd.mendoza.edu.ar\/sitio\/llamado-a-cubrir-cargo-de-coordinador-institucional-de-politicas-estudiantiles-cipe\/\" aria-label=\"More on Llamado a cubrir cargo de Coordinador Institucional de Pol\u00edticas Estudiantiles (CIPE)\">[+]<\/a><\/p>\n","protected":false},"author":1090,"featured_media":0,"comment_status":"open","ping_status":"open","sticky":false,"template":"","format":"standard","meta":[],"categories":[8,6],"tags":[],"acf":[],"_links":{"self":[{"href":"https:\/\/superior-infd.mendoza.edu.ar\/sitio\/wp-json\/wp\/v2\/posts\/13037"}],"collection":[{"href":"https:\/\/superior-infd.mendoza.edu.ar\/sitio\/wp-json\/wp\/v2\/posts"}],"about":[{"href":"https:\/\/superior-infd.mendoza.edu.ar\/sitio\/wp-json\/wp\/v2\/types\/post"}],"author":[{"embeddable":true,"href":"https:\/\/superior-infd.mendoza.edu.ar\/sitio\/wp-json\/wp\/v2\/users\/1090"}],"replies":[{"embeddable":true,"href":"https:\/\/superior-infd.mendoza.edu.ar\/sitio\/wp-json\/wp\/v2\/comments?post=13037"}],"version-history":[{"count":0,"href":"https:\/\/superior-infd.mendoza.edu.ar\/sitio\/wp-json\/wp\/v2\/posts\/13037\/revisions"}],"wp:attachment":[{"href":"https:\/\/superior-infd.mendoza.edu.ar\/sitio\/wp-json\/wp\/v2\/media?parent=13037"}],"wp:term":[{"taxonomy":"category","embeddable":true,"href":"https:\/\/superior-infd.mendoza.edu.ar\/sitio\/wp-json\/wp\/v2\/categories?post=13037"},{"taxonomy":"post_tag","embeddable":true,"href":"https:\/\/superior-infd.mendoza.edu.ar\/sitio\/wp-json\/wp\/v2\/tags?post=13037"}],"curies":[{"name":"wp","href":"https:\/\/api.w.org\/{rel}","templated":true}]}}