{"id":13034,"date":"2015-08-21T00:00:00","date_gmt":"2015-08-21T00:00:00","guid":{"rendered":"https:\/\/des-mza.infd.edu.ar\/sitio\/informe-horizon-2015-educacion-superior-tendencias-retos-y-tecnologias-importantes\/"},"modified":"2015-08-21T00:00:00","modified_gmt":"2015-08-21T00:00:00","slug":"informe-horizon-2015-educacion-superior-tendencias-retos-y-tecnologias-importantes","status":"publish","type":"post","link":"https:\/\/superior-infd.mendoza.edu.ar\/sitio\/informe-horizon-2015-educacion-superior-tendencias-retos-y-tecnologias-importantes\/","title":{"rendered":"Informe Horizon 2015 educaci\u00f3n superior: tendencias, retos y tecnolog\u00edas importantes"},"content":{"rendered":"<p class=\"sitio_noticia_volanta\" >\n<h3>Informe Horizon 2015 educaci\u00f3n superior: tendencias, retos y tecnolog\u00edas importantes<\/h3>\n<p class=\"sitio_noticia_copete\" >En febrero de este a\u00f1o se public\u00f3 el informe MNC Horizon Reporten el que se identifican seis tendencias clave, seis retos significativos y seis desarrollos importantes en tecnolog\u00eda educativa para la educaci\u00f3n superior.<\/p>\n<hr class=\"sitio_noticia_contenido\" \/>\n<p >\n<p class=\"page-title\" style=\"text-align: justify;\"><span style=\"font-size: 10pt; font-family: verdana, geneva;\">Tradicionalmente este informe distingue en cada uno de sus apartados tres horizontes de adopci&oacute;n: <em><span style=\"color: #ff6600;\"><strong>corto, medio y largo plazo. &nbsp;<\/strong><\/span><\/em><\/span><\/p>\n<p class=\"page-title\" style=\"text-align: justify;\">&nbsp;<\/p>\n<div id=\"block-system-main\" class=\"block block-system\" style=\"display: inline !important;\">\n<div class=\"content\" style=\"display: inline !important;\">\n<div class=\"content\" style=\"display: inline !important;\">\n<div class=\"field field-name-body field-type-text-with-summary field-label-hidden\" style=\"display: inline !important;\">\n<div class=\"field-items\" style=\"display: inline !important;\">\n<div class=\"field-item even\" style=\"display: inline !important;\">\n<ul style=\"display: inline !important;\">\n<li style=\"display: inline !important;\"><span style=\"color: #ff6600;\"><strong><img decoding=\"async\" title=\"\" src=\"https:\/\/superior-infd.mendoza.edu.ar\/sitio\/wp-content\/uploads\/2018\/08\/pdf1.jpg\" border=\"0\" alt=\"\">Informe completo&nbsp;(PDF)<\/strong><\/span><\/li>\n<\/ul>\n<\/div>\n<\/div>\n<\/div>\n<\/div>\n<\/div>\n<\/div>\n<p class=\"page-title\" style=\"text-align: justify;\">&nbsp;<\/p>\n<div class=\"region region-content\">\n<div id=\"block-system-main\" class=\"block block-system\">\n<div class=\"content\">\n<div class=\"content\">\n<div class=\"field field-name-body field-type-text-with-summary field-label-hidden\">\n<div class=\"field-items\"><span style=\"font-size: 10pt; font-family: verdana, geneva;\">Tendencias clave que aceleran la adopci&oacute;n de la tecnolog&iacute;a educativa en las universidades<\/span><\/p>\n<p style=\"text-align: justify;\"><strong><span style=\"font-family: verdana, geneva; font-size: 10pt; color: #ff6600;\">A corto plazo (uno o dos a&ntilde;os):<\/span><\/strong><\/p>\n<ul style=\"text-align: justify;\">\n<li><span style=\"font-family: verdana, geneva; font-size: 10pt;\"><strong>La evoluci&oacute;n del aprendizaje en l&iacute;nea.<\/strong>&nbsp;A pesar del crecimiento constante y el asentamiento del elearning como alternativa a algunas formas de educaci&oacute;n presencial, existen a&uacute;n &aacute;reas de investigaci&oacute;n que pueden suponer avances importantes: anal&iacute;ticas de aprendizaje, aprendizaje adaptativo, combinaciones de herramientas innovadoras s&iacute;ncronas y as&iacute;ncronas, etc.<\/span><\/li>\n<li><span style=\"font-family: verdana, geneva; font-size: 10pt;\"><strong>Replanteamiento de los espacios de aprendizaje.<\/strong>&nbsp;Nuevas formas de aprendizaje como el aula invertida o&nbsp;<em>flipped classroom<\/em>&nbsp;deben comportar cambios en el dise&ntilde;o de espacios que ya se est&aacute;n acometiendo en muchas universidades. El paradigma del aprendizaje activo requiere mayor movilidad, flexibilidad y permitir el uso de m&uacute;ltiples dispositivos.<\/span><\/li>\n<\/ul>\n<p style=\"text-align: justify;\"><span style=\"color: #ff6600;\"><strong><span style=\"font-family: verdana, geneva; font-size: 10pt;\">A medio plazo (tres a cinco a&ntilde;os):<\/span><\/strong><\/span><\/p>\n<ul style=\"text-align: justify;\">\n<li><span style=\"font-family: verdana, geneva; font-size: 10pt;\"><strong>Recursos educativos abiertos.<\/strong>&nbsp;El valor de lo abierto se va extendiendo progresivamente. Y abierto no significa s&oacute;lo gratuito, sino tambi&eacute;n copiable y reutilizable sin l&iacute;mites para usos educativos.<\/span><\/li>\n<li><span style=\"font-family: verdana, geneva; font-size: 10pt;\"><strong>Aprendizaje y evaluaci&oacute;n basados en datos.<\/strong>&nbsp;A medida que madure el campo de las anal&iacute;ticas de aprendizaje, se espera que la informaci&oacute;n que proporcionen sirva para mejorar la evaluaci&oacute;n y los resultados educativos.<\/span><\/li>\n<\/ul>\n<p style=\"text-align: justify;\"><span style=\"color: #ff6600;\"><strong><span style=\"font-family: verdana, geneva; font-size: 10pt;\">A largo plazo (cinco a&ntilde;os o m&aacute;s):<\/span><\/strong><\/span><\/p>\n<ul style=\"text-align: justify;\">\n<li><span style=\"font-family: verdana, geneva; font-size: 10pt;\"><strong>Estrategias de cambio &aacute;giles.<\/strong>&nbsp;Se extiende el consenso entre las autoridades acad&eacute;micas acerca de la conveniencia de emplear metodolog&iacute;as &aacute;giles para facilitar el cambio. La tecnolog&iacute;a puede servir como catalizador de una cultura de la innovaci&oacute;n.<\/span><\/li>\n<li><span style=\"font-family: verdana, geneva; font-size: 10pt;\"><strong>Comunidades abiertas y consorcios universitarios.<\/strong>&nbsp;La colaboraci&oacute;n y la acci&oacute;n colectiva ser&aacute;n cada vez m&aacute;s importantes, entre otras razones por la reducci&oacute;n de costes que implica.<\/span><\/li>\n<\/ul>\n<h3 style=\"text-align: justify;\"><span style=\"font-family: verdana, geneva; font-size: 10pt;\"><img decoding=\"async\" style=\"display: block; border: 0; float: left; margin: 5px;\" title=\"\" src=\"https:\/\/superior-infd.mendoza.edu.ar\/sitio\/wp-content\/uploads\/2018\/08\/Horizont2015.png\" border=\"0\" width=\"250\">Retos significativos para la adopci&oacute;n de la tecnolog&iacute;a educativa en las universidades<\/span><\/h3>\n<p style=\"text-align: justify;\"><strong><span style=\"font-family: verdana, geneva; font-size: 10pt; color: #ff6600;\">Soluci&oacute;n a corto plazo (entendemos el problema y c&oacute;mo solucionarlo):<\/span><\/strong><\/p>\n<ul style=\"text-align: justify;\">\n<li><span style=\"font-family: verdana, geneva; font-size: 10pt;\"><strong>Alfabetizaci&oacute;n digital.<\/strong>&nbsp;Se impone alcanzar un acuerdo sobre la definici&oacute;n de las nuevas habilidades a&ntilde;adidas a la lectoescriptura cl&aacute;sica. Sin ese acuerdo, ser&aacute; muy dif&iacute;cil integrar la alfabetizaci&oacute;n digital en el curr&iacute;culo de un modo efectivo y formular las pol&iacute;ticas adecuadas.<\/span><\/li>\n<li><span style=\"font-family: verdana, geneva; font-size: 10pt;\"><strong>Mezclar aprendizaje formal e informal.<\/strong>&nbsp;Internet ha facilitado el acceso a la informaci&oacute;n sobre cualquier tema y ha aumentado el inter&eacute;s en formas de aprendizaje autodirigido y basado en la curiosidad. La combinaci&oacute;n de este tipo de aprendizaje informal con la ense&ntilde;anza formal tradicional puede crear entornos que promuevan la experimentaci&oacute;n y sobre todo la creatividad.<\/span><\/li>\n<\/ul>\n<p style=\"text-align: justify;\"><strong><span style=\"font-family: verdana, geneva; font-size: 10pt; color: #ff6600;\">Dif&iacute;cil soluci&oacute;n (entendemos el problema pero se nos resiste la soluci&oacute;n):<\/span><\/strong><\/p>\n<ul style=\"text-align: justify;\">\n<li><span style=\"font-family: verdana, geneva; font-size: 10pt;\"><strong>Pensamiento y comunicaci&oacute;n complejos.<\/strong>&nbsp;El mundo en que vivimos requiere ser capaz no s&oacute;lo de pensar y entender asuntos complejos, sino tambi&eacute;n comunicar esa informaci&oacute;n compleja de un modo comprensible. La web sem&aacute;ntica, los datos masivos y las tecnolog&iacute;as de modelado pueden ayudar a este respecto.<\/span><\/li>\n<li><span style=\"font-family: verdana, geneva; font-size: 10pt;\"><strong>Integraci&oacute;n del aprendizaje personalizado.<\/strong>&nbsp;La tecnolog&iacute;a y las pr&aacute;cticas actuales no dan una respuesta suficiente a la demanda de aprendizaje personalizado. Se est&aacute;n empezando a desarrollar tecnolog&iacute;as de apoyo, pero a&uacute;n est&aacute;n en una fase muy incipiente.<\/span><\/li>\n<\/ul>\n<p style=\"text-align: justify;\"><strong><span style=\"font-family: verdana, geneva; font-size: 10pt; color: #ff6600;\">Soluci&oacute;n muy problem&aacute;tica (dif&iacute;ciles de definir y de afrontar):<\/span><\/strong><\/p>\n<ul style=\"text-align: justify;\">\n<li><span style=\"font-family: verdana, geneva; font-size: 10pt;\"><strong>La competencia de nuevos modelos educativos.<\/strong>&nbsp;Nuevos modelos de aprendizaje en l&iacute;nea y gratuitos como los MOOC suponen una competencia anteriormente inexistente. La emergencia de estas plataformas conlleva la necesidad de evaluar sus logros y las posibilidades de integraci&oacute;n.<\/span><\/li>\n<li><span style=\"font-family: verdana, geneva; font-size: 10pt;\"><strong>Falta de incentivos para la ense&ntilde;anza.<\/strong>&nbsp;A menudo la ense&ntilde;anza se valora mucho menos que la investigaci&oacute;n en las instituciones de educaci&oacute;n superior. Esto trae como consecuencia que se destinen menos esfuerzos y menos recursos a la ense&ntilde;anza y a la innovaci&oacute;n pedag&oacute;gica.<\/span><\/li>\n<\/ul>\n<h2 style=\"text-align: justify;\"><span style=\"font-family: verdana, geneva; font-size: 10pt;\">Desarrollos importantes en tecnolog&iacute;a educativa para las universidades<\/span><\/h2>\n<p style=\"text-align: justify;\"><strong><span style=\"font-family: verdana, geneva; font-size: 10pt; color: #ff6600;\">A corto plazo (un a&ntilde;o o menos):<\/span><\/strong><\/p>\n<ul style=\"text-align: justify;\">\n<li><span style=\"font-family: verdana, geneva; font-size: 10pt;\"><strong><em>Bring your Own Device<\/em>&nbsp;(BYOD, &ldquo;trae tu propio&rdquo; dispositivo).<\/strong>&nbsp;Traer el port&aacute;til, tableta, tel&eacute;fono inteligente u otros dispositivos m&oacute;viles al entorno de trabajo o aprendizaje es ya una pr&aacute;ctica habitual. Por lo tanto, no se trata s&oacute;lo de ahorrar en el gasto en tecnolog&iacute;a, sino sobre todo de aprovechar una realidad social que se est&aacute; imponiendo y dar soluci&oacute;n a los posibles problemas en cuanto a seguridad inform&aacute;tica, brecha tecnol&oacute;gica y neutralidad de plataformas.<\/span><\/li>\n<li><span style=\"font-family: verdana, geneva; font-size: 10pt;\"><strong>Clase invertida (<em>flipped classroom<\/em>).<\/strong>&nbsp;En este modelo, que se solapa con el aprendizaje mixto (<em>blended learning<\/em>) y enfoques pedag&oacute;gicos activos, el tiempo de clase se dedica a actividades de aprendizaje colaborativas basadas en proyectos. El profesor no transmite contenidos en el aula, sino que se apoya en videolecciones, podcasts, textos y foros en l&iacute;nea a los que el estudiante accede antes y despu&eacute;s de las clases.<\/span><\/li>\n<\/ul>\n<p style=\"text-align: justify;\"><strong><span style=\"font-family: verdana, geneva; font-size: 10pt; color: #ff6600;\">A medio plazo (dos a tres a&ntilde;os):<\/span><\/strong><\/p>\n<ul style=\"text-align: justify;\">\n<li><span style=\"font-family: verdana, geneva; font-size: 10pt;\"><strong><em>Makerspaces<\/em>&nbsp;(talleres creativos).<\/strong>&nbsp;Tecnolog&iacute;as como la rob&oacute;tica, las aplicaciones de modelado en 3D y las impresoras 3D, han supuesto un cambio de paradigma en cuanto a las habilidades que pueden tener una aplicaci&oacute;n y un valor en la vida real. Los talleres en los que se ofrece este tipo de herramientas resultan muy relevantes para el redise&ntilde;o de los espacios de aprendizaje.<\/span><\/li>\n<li><span style=\"font-family: verdana, geneva; font-size: 10pt;\"><strong>Tecnolog&iacute;a ponible (<em>wearable<\/em>).<\/strong>&nbsp;Los relojes inteligentes, las gafas de realidad aumentada de Google y otros dispositivos similares empiezan a ser de uso corriente y pueden pasar a formar parte de la experiencia diaria de muchas personas, por lo que tambi&eacute;n deber&iacute;an ser tenidos en cuenta.<\/span><\/li>\n<\/ul>\n<p style=\"text-align: justify;\"><strong><span style=\"font-family: verdana, geneva; font-size: 10pt; color: #ff6600;\">A largo plazo (cuatro a cinco a&ntilde;os):<\/span><\/strong><\/p>\n<ul>\n<li style=\"text-align: justify;\"><span style=\"font-family: verdana, geneva; font-size: 10pt;\"><strong>Tecnolog&iacute;as de aprendizaje adaptativo.<\/strong>&nbsp;Estos sistemas de inteligencia artificial son capaces de aprender c&oacute;mo aprenden las personas y adaptar los itinerarios de aprendizaje a las necesidades concretas de cada una. Se pueden distinguir dos niveles, seg&uacute;n se analicen datos de una persona individual o bien datos agregados de muestras m&aacute;s extensas de aprendices con el fin de mejorar el dise&ntilde;o del curr&iacute;culo.<\/span><\/li>\n<li style=\"text-align: justify;\"><span style=\"font-family: verdana, geneva; font-size: 10pt;\"><strong>La Internet de las cosas (<em>The Internet of Things<\/em>, IoT)<\/strong>. La conexi&oacute;n de todo tipo de objetos a la red, mediante chips integrados, sensores, etc., crea enlaces entre el mundo f&iacute;sico y la web. Adem&aacute;s de la monitorizaci&oacute;n y manipulaci&oacute;n remota, esto permite por ejemplo anotar objetos f&iacute;sicos con datos, descripciones, informaci&oacute;n contextual, im&aacute;genes, enlaces a otros objetos, etc.<\/span><\/li>\n<\/ul>\n<\/div>\n<\/div>\n<\/div>\n<\/div>\n<\/div>\n<\/div><\/p>\n","protected":false},"excerpt":{"rendered":"<p>Informe Horizon 2015 educaci\u00f3n superior: tendencias, retos y tecnolog\u00edas importantes En febrero de este a\u00f1o se public\u00f3 el informe MNC Horizon Reporten el que se identifican seis tendencias clave, seis retos significativos y seis desarrollos importantes en tecnolog\u00eda educativa para la educaci\u00f3n superior. Tradicionalmente este informe distingue en cada uno de sus apartados tres horizontes &#8230; <a title=\"Informe Horizon 2015 educaci\u00f3n superior: tendencias, retos y tecnolog\u00edas importantes\" class=\"read-more\" href=\"https:\/\/superior-infd.mendoza.edu.ar\/sitio\/informe-horizon-2015-educacion-superior-tendencias-retos-y-tecnologias-importantes\/\" aria-label=\"More on Informe Horizon 2015 educaci\u00f3n superior: tendencias, retos y tecnolog\u00edas importantes\">[+]<\/a><\/p>\n","protected":false},"author":1090,"featured_media":0,"comment_status":"open","ping_status":"open","sticky":false,"template":"","format":"standard","meta":[],"categories":[6,17],"tags":[],"acf":[],"_links":{"self":[{"href":"https:\/\/superior-infd.mendoza.edu.ar\/sitio\/wp-json\/wp\/v2\/posts\/13034"}],"collection":[{"href":"https:\/\/superior-infd.mendoza.edu.ar\/sitio\/wp-json\/wp\/v2\/posts"}],"about":[{"href":"https:\/\/superior-infd.mendoza.edu.ar\/sitio\/wp-json\/wp\/v2\/types\/post"}],"author":[{"embeddable":true,"href":"https:\/\/superior-infd.mendoza.edu.ar\/sitio\/wp-json\/wp\/v2\/users\/1090"}],"replies":[{"embeddable":true,"href":"https:\/\/superior-infd.mendoza.edu.ar\/sitio\/wp-json\/wp\/v2\/comments?post=13034"}],"version-history":[{"count":0,"href":"https:\/\/superior-infd.mendoza.edu.ar\/sitio\/wp-json\/wp\/v2\/posts\/13034\/revisions"}],"wp:attachment":[{"href":"https:\/\/superior-infd.mendoza.edu.ar\/sitio\/wp-json\/wp\/v2\/media?parent=13034"}],"wp:term":[{"taxonomy":"category","embeddable":true,"href":"https:\/\/superior-infd.mendoza.edu.ar\/sitio\/wp-json\/wp\/v2\/categories?post=13034"},{"taxonomy":"post_tag","embeddable":true,"href":"https:\/\/superior-infd.mendoza.edu.ar\/sitio\/wp-json\/wp\/v2\/tags?post=13034"}],"curies":[{"name":"wp","href":"https:\/\/api.w.org\/{rel}","templated":true}]}}