{"id":12978,"date":"2015-07-27T00:00:00","date_gmt":"2015-07-27T00:00:00","guid":{"rendered":"https:\/\/des-mza.infd.edu.ar\/sitio\/formulacion-de-proyectos-de-investigacion\/"},"modified":"2015-07-27T00:00:00","modified_gmt":"2015-07-27T00:00:00","slug":"formulacion-de-proyectos-de-investigacion","status":"publish","type":"post","link":"https:\/\/superior-infd.mendoza.edu.ar\/sitio\/formulacion-de-proyectos-de-investigacion\/","title":{"rendered":"Formulaci\u00f3n de Proyectos de Investigaci\u00f3n"},"content":{"rendered":"<p class=\"sitio_noticia_volanta\" >Invitaci\u00f3n a Curso Taller<\/p>\n<h3> Formulaci\u00f3n de Proyectos de Investigaci\u00f3n<\/h3>\n<p class=\"sitio_noticia_copete\" >\n<hr class=\"sitio_noticia_contenido\" \/>\n<p >\n<table style=\"width: 100%;\" border=\"0\" cellspacing=\"0\" cellpadding=\"0\" bgcolor=\"#fff\">\n<tbody>\n<tr>\n<td>\n<p><span style=\"font-size: 10pt; font-family: verdana, geneva;\"><strong>PROINFO (programa de investigadores en formaci&oacute;n)&nbsp;<\/strong><\/span><\/p>\n<p><span style=\"font-size: 10pt; font-family: verdana, geneva;\">&nbsp;<\/span><\/p>\n<p><strong style=\"font-family: verdana, geneva; font-size: 10pt;\">Curso Taller Formulaci&oacute;n de Proyectos de Investigaci&oacute;n<\/strong><\/p>\n<p><span style=\"font-size: 10pt; font-family: verdana, geneva;\">12 encuentros 3 horas en d&iacute;a jueves de 19 a 22hs (de 6 de agosto a 22 de octubre).<\/span><\/p>\n<p><span style=\"font-size: 10pt; font-family: verdana, geneva;\">36 horas presenciales m&aacute;s 18 horas de trabajos.<\/span><\/p>\n<p><span style=\"font-size: 10pt; font-family: verdana, geneva;\">Docentes: Mg. Adela Britos y Lic. Ricardo Ahualli<\/span><\/p>\n<p><span style=\"font-size: 10pt; font-family: verdana, geneva;\">Con resoluci&oacute;n, puntaje 0,20 (54 horas)<\/span><\/p>\n<p><span style=\"font-size: 10pt; font-family: verdana, geneva;\">$ 500<\/span><\/p>\n<p>&nbsp;<\/p>\n<p><span style=\"font-size: 10pt; font-family: verdana, geneva;\"><strong>T<\/strong><\/span><span style=\"font-size: 10pt; font-family: verdana, geneva;\"><strong>aller de Escritura de Art&iacute;culos Cient&iacute;ficos<\/strong><\/span><\/p>\n<p><span style=\"font-size: 10pt; font-family: verdana, geneva;\">3 encuentros de 4 horas s&aacute;bado a la ma&ntilde;ana (15, 22 y 29 de agosto)<\/span><\/p>\n<p><span style=\"font-size: 10pt; font-family: verdana, geneva;\">12 horas presenciales m&aacute;s 12 horas de trabajos<\/span><\/p>\n<p><span style=\"font-size: 10pt; font-family: verdana, geneva;\">Docente: Mg. Adela Britos<\/span><\/p>\n<p><span style=\"font-size: 10pt; font-family: verdana, geneva;\">Sin Resoluci&oacute;n y con evaluaci&oacute;n (24 horas)<\/span><\/p>\n<p><span style=\"font-size: 10pt; font-family: verdana, geneva;\">$ 250<\/span><\/p>\n<p>&nbsp;<\/p>\n<p><span style=\"font-size: 10pt; font-family: verdana, geneva;\"><strong>Taller de M&eacute;todos de Investigaci&oacute;n<\/strong><\/span><\/p>\n<p><span style=\"font-size: 10pt; font-family: verdana, geneva;\">3 encuentros de 4 horas, s&aacute;bado a la ma&ntilde;ana (19, 26 de setiembre y 3 de octubre)<\/span><\/p>\n<p><span style=\"font-size: 10pt; font-family: verdana, geneva;\">12 horas presenciales m&aacute;s 12 horas de trabajos<\/span><\/p>\n<p><span style=\"font-size: 10pt; font-family: verdana, geneva;\">Docentes: Lic. Alejandro Herrera, Dr. Marcelo Garc&iacute;a y Lic. Ricardo ahualli<\/span><\/p>\n<p><span style=\"font-size: 10pt; font-family: verdana, geneva;\">Sin Resoluci&oacute;n y con evaluaci&oacute;n (24 horas)<\/span><\/p>\n<p><span style=\"font-size: 10pt; font-family: verdana, geneva;\">$ 250<\/span><\/p>\n<p>&nbsp;<\/p>\n<p><span style=\"font-size: 10pt; font-family: verdana, geneva;\"><strong>Curso de Estad&iacute;stica Aplicada<\/strong><\/span><\/p>\n<p><span style=\"font-size: 10pt; font-family: verdana, geneva;\">2 encuentros de 6 horas viernes de 14 a 22 (16 y 30 de octubre)<\/span><\/p>\n<p><span style=\"font-size: 10pt; font-family: verdana, geneva;\">12 horas presenciales m&aacute;s 12 horas de trabajos<\/span><\/p>\n<p><span style=\"font-size: 10pt; font-family: verdana, geneva;\">Docente: Mg. Dario Cappa<\/span><\/p>\n<p><span style=\"font-size: 10pt; font-family: verdana, geneva;\">Sin Resoluci&oacute;n y con evaluaci&oacute;n (24 horas)<\/span><\/p>\n<p><span style=\"font-size: 10pt; font-family: verdana, geneva;\">$ 250<\/span><\/p>\n<p>&nbsp;<\/p>\n<p><span style=\"font-size: 10pt; font-family: verdana, geneva;\"><strong>Coaching en Investigaci&oacute;n Disciplinar<\/strong><\/span><\/p>\n<p><span style=\"font-size: 10pt; font-family: verdana, geneva;\">Entrevistas personales entre el capacitador y el capacitado (Julio a Noviembre) 24 horas presenciales<\/span><\/p>\n<p><span style=\"font-size: 10pt; font-family: verdana, geneva;\">&nbsp;<\/span><\/p>\n<p><span style=\"font-size: 10pt; font-family: verdana, geneva;\"><strong>1ra reuni&oacute;n con todos los inscriptos en el programa 30 de julio 20:00 hs.&nbsp;<\/strong><\/span><span style=\"font-size: 10pt; font-family: verdana, geneva;\"><strong>los esperamos!<\/strong><\/span><\/p>\n<p><span style=\"font-size: 10pt; font-family: verdana, geneva;\">&nbsp;<\/span><\/p>\n<p><span style=\"font-size: 10pt; font-family: verdana, geneva;\">Docentes: &nbsp;&nbsp;&nbsp;&nbsp;&nbsp;<\/span><\/p>\n<p><span style=\"font-size: 10pt; font-family: verdana, geneva;\">Mg. Adela Britos<\/span><\/p>\n<p><span style=\"font-size: 10pt; font-family: verdana, geneva;\">Lic. Alejandro Herrera<\/span><\/p>\n<p><span style=\"font-size: 10pt; font-family: verdana, geneva;\">Mg. Dario Cappa<\/span><\/p>\n<p><span style=\"font-size: 10pt; font-family: verdana, geneva;\">Lic. Gustavo Scaffido<\/span><\/p>\n<p><span style=\"font-size: 10pt; font-family: verdana, geneva;\">Dr. Marcelo Garc&iacute;a<\/span><\/p>\n<p><span style=\"font-size: 10pt; font-family: verdana, geneva;\">Lic. Ricardo Ahualli<\/span><\/p>\n<\/td>\n<\/tr>\n<\/tbody>\n<p><img decoding=\"async\" style=\"border: 0;\" title=\"\" src=\"https:\/\/superior-infd.mendoza.edu.ar\/sitio\/wp-content\/uploads\/2018\/08\/afiche_proinfo.jpg\" border=\"0\" width=\"650\"><\/p>\n<\/table>\n","protected":false},"excerpt":{"rendered":"<p>Invitaci\u00f3n a Curso Taller Formulaci\u00f3n de Proyectos de Investigaci\u00f3n PROINFO (programa de investigadores en formaci&oacute;n)&nbsp; &nbsp; Curso Taller Formulaci&oacute;n de Proyectos de Investigaci&oacute;n 12 encuentros 3 horas en d&iacute;a jueves de 19 a 22hs (de 6 de agosto a 22 de octubre). 36 horas presenciales m&aacute;s 18 horas de trabajos. Docentes: Mg. Adela Britos y &#8230; <a title=\"Formulaci\u00f3n de Proyectos de Investigaci\u00f3n\" class=\"read-more\" href=\"https:\/\/superior-infd.mendoza.edu.ar\/sitio\/formulacion-de-proyectos-de-investigacion\/\" aria-label=\"More on Formulaci\u00f3n de Proyectos de Investigaci\u00f3n\">[+]<\/a><\/p>\n","protected":false},"author":1090,"featured_media":0,"comment_status":"open","ping_status":"open","sticky":false,"template":"","format":"standard","meta":[],"categories":[12,6],"tags":[],"acf":[],"_links":{"self":[{"href":"https:\/\/superior-infd.mendoza.edu.ar\/sitio\/wp-json\/wp\/v2\/posts\/12978"}],"collection":[{"href":"https:\/\/superior-infd.mendoza.edu.ar\/sitio\/wp-json\/wp\/v2\/posts"}],"about":[{"href":"https:\/\/superior-infd.mendoza.edu.ar\/sitio\/wp-json\/wp\/v2\/types\/post"}],"author":[{"embeddable":true,"href":"https:\/\/superior-infd.mendoza.edu.ar\/sitio\/wp-json\/wp\/v2\/users\/1090"}],"replies":[{"embeddable":true,"href":"https:\/\/superior-infd.mendoza.edu.ar\/sitio\/wp-json\/wp\/v2\/comments?post=12978"}],"version-history":[{"count":0,"href":"https:\/\/superior-infd.mendoza.edu.ar\/sitio\/wp-json\/wp\/v2\/posts\/12978\/revisions"}],"wp:attachment":[{"href":"https:\/\/superior-infd.mendoza.edu.ar\/sitio\/wp-json\/wp\/v2\/media?parent=12978"}],"wp:term":[{"taxonomy":"category","embeddable":true,"href":"https:\/\/superior-infd.mendoza.edu.ar\/sitio\/wp-json\/wp\/v2\/categories?post=12978"},{"taxonomy":"post_tag","embeddable":true,"href":"https:\/\/superior-infd.mendoza.edu.ar\/sitio\/wp-json\/wp\/v2\/tags?post=12978"}],"curies":[{"name":"wp","href":"https:\/\/api.w.org\/{rel}","templated":true}]}}