{"id":12868,"date":"2015-05-12T00:00:00","date_gmt":"2015-05-12T00:00:00","guid":{"rendered":"https:\/\/des-mza.infd.edu.ar\/sitio\/ya-esta-la-version-completa-de-mendoza-hace-matematica-2\/"},"modified":"2015-05-12T00:00:00","modified_gmt":"2015-05-12T00:00:00","slug":"ya-esta-la-version-completa-de-mendoza-hace-matematica-2","status":"publish","type":"post","link":"https:\/\/superior-infd.mendoza.edu.ar\/sitio\/ya-esta-la-version-completa-de-mendoza-hace-matematica-2\/","title":{"rendered":"\u00a1\u00a1 Ya est\u00e1 la versi\u00f3n completa de Mendoza hace Matem\u00e1tica 2!!"},"content":{"rendered":"<p class=\"sitio_noticia_volanta\" >\n<h3>\u00a1\u00a1 Ya est\u00e1 la versi\u00f3n completa de Mendoza hace Matem\u00e1tica 2!!<\/h3>\n<p class=\"sitio_noticia_copete\" >Compartimos con uds. informaci\u00f3n y materiales de \u00abMatem\u00e1tica en primer ciclo\u00bb, incluyendo el texto completo de ?MENDOZA HACE MATEM\u00c1TICA 2. El mismo est\u00e1 pensado para docentes y estudiantes de 2\u00ba grado de la escuela primaria de la provincia de Mendoza.<\/p>\n<hr class=\"sitio_noticia_contenido\" \/>\n<p >\n<p><span style=\"font-size: 10pt; font-family: verdana, geneva;\" data-mce-mark=\"1\"><img decoding=\"async\" loading=\"lazy\" src=\"https:\/\/superior-infd.mendoza.edu.ar\/sitio\/wp-content\/uploads\/2018\/08\/mat.png\" border=\"0\" width=\"400\" height=\"160\"><\/span><\/p>\n<p><span style=\"font-size: 10pt; font-family: verdana, geneva;\" data-mce-mark=\"1\">Es una propuesta de desarrollo profesional docente en&nbsp;<span data-mce-mark=\"1\"><strong><em>alfabetizaci&oacute;n num&eacute;rica&nbsp;<\/em><\/strong><\/span>con el objetivo de fortalecer las&nbsp;<span data-mce-mark=\"1\"><strong>estrategias de ense&ntilde;anza de los docentes de 1&deg; ciclo<\/strong>&nbsp;<\/span>de la escuela primaria,&nbsp; para mejorar las trayectorias escolares de los ni&ntilde;os.<\/span><\/p>\n<p><span style=\"font-size: 10pt; font-family: verdana, geneva;\" data-mce-mark=\"1\">El Programa se enmarca en el&nbsp;<span data-mce-mark=\"1\"><strong><span data-mce-mark=\"1\">Plan Nacional de Educaci&oacute;n Obligatoria y Formaci&oacute;n Docente (<a href=\"https:\/\/www.google.com.ar\/url?sa=t&amp;rct=j&amp;q=&amp;esrc=s&amp;source=web&amp;cd=1&amp;cad=rja&amp;uact=8&amp;ved=0CB0QFjAA&amp;url=http%3A%2F%2Fportales.educacion.gov.ar%2Finfd%2Ffiles%2F2011%2F06%2F188-12-COMPLETA.pdf&amp;ei=eiMcVfakL8HIsQTT54GQAg&amp;usg=AFQjCNF6PWyPQ90hmsJpylCX2R42oFkeSw&amp;sig2=vBWrSb_SznGuNI3BC13P7Q&amp;bvm=bv.89744112,d.cWc\" target=\"_blank\">Res. 188\/12<\/a>&nbsp;del Consejo Federal de Educaci&oacute;n<\/span>)<\/strong>,<\/span>&nbsp;bajo la Pol&iacute;tica<strong><span data-mce-mark=\"1\">&nbsp;IV Formaci&oacute;n Docente<\/span><\/strong>:&nbsp;<em>Fortalecimiento de la Formaci&oacute;n Continua y la Investigaci&oacute;n<span data-mce-mark=\"1\">&#8211;&nbsp;<\/span><\/em><span data-mce-mark=\"1\">L&iacute;nea<\/span><span data-mce-mark=\"1\">&nbsp;de Acci&oacute;n:&nbsp;<\/span>Fortalecimiento del apoyo pedag&oacute;gico a las escuelas.<\/span><\/p>\n<p><span style=\"font-size: 10pt; font-family: verdana, geneva;\" data-mce-mark=\"1\">Se implementa a trav&eacute;s de encuentros de n&uacute;cleo con los docentes y la producci&oacute;n y mediaci&oacute;n de material did&aacute;ctico.<\/span><\/p>\n<p><span style=\"font-size: 10pt; font-family: verdana, geneva;\" data-mce-mark=\"1\">Actualmente, la cobertura alcanza a la totalidad de las escuelas primarias de la provincia.<\/span><\/p>\n<p><span style=\"font-family: verdana, geneva; font-size: 10pt;\"><span data-mce-mark=\"1\">&nbsp;<\/span><\/span><\/p>\n<p><span style=\"font-family: verdana, geneva; font-size: 10pt; color: #99cc00;\"><strong><span data-mce-mark=\"1\">MENDOZA HACE MATEM&Aacute;TICA 2 &#8211; VERSI&Oacute;N COMPLETA!<\/span><\/strong><\/span><\/p>\n<p>&nbsp;<\/p>\n<p><span style=\"font-family: verdana, geneva; font-size: 10pt;\" data-mce-mark=\"1\"><a title=\"Mendoza Hace Matem&aacute;tica 2- Versi&oacute;n Completa\" href=\"upload\/MHM2.pdf\" target=\"_blank\"><img decoding=\"async\" loading=\"lazy\" style=\"border: 0; float: left; margin: 9px;\" title=\"\" src=\"https:\/\/superior-infd.mendoza.edu.ar\/sitio\/wp-content\/uploads\/2018\/08\/mhm2.jpg\" border=\"0\" width=\"226\" height=\"294\"><\/a><\/span><\/p>\n<p style=\"text-align: left;\"><span style=\"font-family: verdana, geneva; font-size: 10pt;\" data-mce-mark=\"1\">Este material, que se presenta en el marco del <strong>desarrollo profesional docente,<\/strong> incluye diversos&nbsp;<\/span><span style=\"font-family: verdana, geneva; font-size: 10pt;\" data-mce-mark=\"1\">aportes para contribuir en el proceso de desarrollo curricular, del &aacute;rea de Matem&aacute;tica, en el&nbsp;<\/span><span style=\"font-family: verdana, geneva; font-size: 10pt;\" data-mce-mark=\"1\">primer ciclo de las escuelas primarias de la Provincia de Mendoza. Es una verdadera <strong>caja de&nbsp;<\/strong><\/span><span style=\"font-family: verdana, geneva; font-size: 10pt;\" data-mce-mark=\"1\"><strong>herramientas<\/strong> con variadas propuestas, que podr&aacute;n ser enriquecidas desde la valiosa experiencia&nbsp;<\/span><span style=\"font-family: verdana, geneva; font-size: 10pt;\" data-mce-mark=\"1\">docente en el hacer del aula, y con r<strong>eflexi&oacute;n permanente<\/strong> para volver a <strong>mirar la pr&aacute;ctica y&nbsp;<\/strong><\/span><span style=\"font-family: verdana, geneva; font-size: 10pt;\" data-mce-mark=\"1\"><strong>tambi&eacute;n el proceso de aprendizaje de nuestros ni&ntilde;os<\/strong>. Por ello, entre sus p&aacute;ginas se encuentran&nbsp;<\/span><span style=\"font-family: verdana, geneva; font-size: 10pt;\" data-mce-mark=\"1\">diversas propuestas did&aacute;cticas, entre ellas el juego. Resolver problemas matem&aacute;ticos jugando&nbsp;<\/span><span style=\"font-family: verdana, geneva; font-size: 10pt;\" data-mce-mark=\"1\">permitir&aacute; cuestionar los conocimientos previos, posibilitando recrearlos e incorporar los nuevos.&nbsp;<\/span><\/p>\n<p>&nbsp;<\/p>\n<p>&nbsp;<\/p>\n<p><span style=\"font-family: verdana, geneva; font-size: 10pt;\"><span data-mce-mark=\"1\"><a title=\"Mendoza Hace Matem&aacute;tica 2- Versi&oacute;n completa\" href=\"upload\/MHM2.pdf\" target=\"_blank\"><img decoding=\"async\" loading=\"lazy\" title=\"\" src=\"https:\/\/superior-infd.mendoza.edu.ar\/sitio\/wp-content\/uploads\/2018\/08\/pdf1.jpg\" border=\"0\" alt=\"\" width=\"33\" height=\"33\">&nbsp;Descargar Mendoza hace Matem&aacute;tica 2 (27 MB)<\/a><\/span><span data-mce-mark=\"1\">&nbsp;<\/span><\/span><\/p>\n<p>&nbsp;<\/p>\n<hr style=\"width: 100%;\" width=\"100%\">\n<p>&nbsp;<\/p>\n<p>&nbsp;<\/p>\n<p><span style=\"font-size: 10pt; font-family: verdana, geneva;\" data-mce-mark=\"1\"><strong><a title=\"Mendoza hace matem&aacute;tica 1- Versi&oacute;n Completa\" href=\"upload\/MENDOZA_HACE_MATEMATICA_1.pdf\" target=\"_blank\"><img decoding=\"async\" style=\"border: 0; float: left; margin: 8px;\" title=\"\" src=\"https:\/\/superior-infd.mendoza.edu.ar\/sitio\/wp-content\/uploads\/2018\/08\/MAT_1.jpg\" border=\"0\"><\/a><\/strong><\/span><\/p>\n<p style=\"text-align: left;\"><span style=\"font-size: 10pt; font-family: verdana, geneva;\" data-mce-mark=\"1\"><strong><span data-mce-mark=\"1\"><span style=\"color: #99cc00;\" data-mce-mark=\"1\">&ldquo;MENDOZA HACE MATEM&Aacute;TICA 1&rdquo;<\/span><\/span><span data-mce-mark=\"1\">&nbsp;<\/span>es un texto pensado para docentes de 1&ordm; grado de la escuela primaria de la provincia de Mendoza.<\/strong><\/span><\/p>\n<p style=\"text-align: left;\"><span style=\"font-size: 10pt; font-family: verdana, geneva;\" data-mce-mark=\"1\">Hacer Matem&aacute;tica implica&nbsp;<strong>construir el sentido de los conocimientos matem&aacute;ticos<\/strong>, a trav&eacute;s de la<strong>&nbsp;resoluci&oacute;n de problemas<\/strong>, la&nbsp;<strong>comunicaci&oacute;n y la reflexi&oacute;n&nbsp;<\/strong>sobre los&nbsp;<strong>procedimientos<\/strong>&nbsp;empleados; con el fin de promover la apropiaci&oacute;n de nociones y formas de trabajo propias de esta disciplina y, a la vez, desarrollar habilidades sociales ligadas al aprendizaje colaborativo.<\/span><\/p>\n<p style=\"text-align: left;\"><span style=\"font-size: 10pt; font-family: verdana, geneva;\" data-mce-mark=\"1\">Este tipo de actividad matem&aacute;tica permite establecer relaciones en el campo de los n&uacute;meros, de las operaciones, de las figuras y de la medida, promoviendo la entrada y permanencia de nuestros ni&ntilde;os en la cultura matem&aacute;tica que gest&oacute; y desarrolla la humanidad.&nbsp;<\/span><\/p>\n<address><span style=\"font-family: verdana, geneva; font-size: 10pt;\"><span data-mce-mark=\"1\"><a title=\"Mendoza hace Matem&aacute;tica\" href=\"upload\/MENDOZA_HACE_MATEMATICA_1.pdf\" target=\"_blank\"><img decoding=\"async\" loading=\"lazy\" title=\"\" src=\"https:\/\/superior-infd.mendoza.edu.ar\/sitio\/wp-content\/uploads\/2018\/08\/pdf1.jpg\" border=\"0\" alt=\"\" width=\"33\" height=\"33\">&nbsp;Descargar Mendoza hace Matem&aacute;tica 1 -(43 MB)<\/a><\/span><span data-mce-mark=\"1\">&nbsp;<\/span><span style=\"color: #99cc00;\"><strong><span data-mce-mark=\"1\">&nbsp;<\/span><\/strong><\/span><\/span><\/address>\n<address><\/address>\n<address><\/address>\n<address><\/address>\n<address><span style=\"font-family: verdana, geneva; font-size: 10pt;\"><span data-mce-mark=\"1\">&nbsp;<\/span><span style=\"color: #99cc00;\" data-mce-mark=\"1\"><strong>MENDOZA HACE MATEM&Aacute;TICA 3<\/strong><\/span><\/span><\/address>\n<address><\/address>\n<address><\/address>\n<address><span style=\"font-family: verdana, geneva; font-size: 10pt;\"><span data-mce-mark=\"1\">Versi&oacute;n preliminar, para el primer trimestre de 3&deg; grado&nbsp;<strong><a href=\"upload\/MENDOZA_HACE_MATEMATICA_3_Diagn%F3stico.pdf\" target=\"_blank\">(descargar)&nbsp;<\/a><\/strong><\/span><span data-mce-mark=\"1\">&nbsp;<\/span>&nbsp;<\/span><\/address>\n<address><\/address>\n<address><\/address>\n<address><\/address>\n<address><span style=\"font-family: verdana, geneva; font-size: 10pt;\"><span data-mce-mark=\"1\"><strong><span style=\"color: #99cc00;\" data-mce-mark=\"1\">Contacto<\/span>:<\/strong><\/span>&nbsp;<\/span><\/address>\n<address><\/address>\n<address><\/address>\n<address><span style=\"font-family: verdana, geneva; font-size: 10pt;\"><span data-mce-mark=\"1\"><span data-mce-mark=\"1\"><strong><img decoding=\"async\" loading=\"lazy\" src=\"http:\/\/4.bp.blogspot.com\/_LMQnSuI01E8\/TJV6TVED_TI\/AAAAAAAAAf4\/s8X7hRprn2o\/S150\/%C3%ADcono+mail.PNG\" border=\"0\" width=\"26\" height=\"21\">&nbsp;<span data-mce-mark=\"1\">Correo electr&oacute;nico:&nbsp;<\/span><\/strong><\/span><span data-mce-mark=\"1\"><em><span data-mce-mark=\"1\">matematicades<\/span>@yahoo.com.ar<\/em><\/span><\/span>&nbsp;<\/span><\/address>\n<address><\/address>\n<address><\/address>\n<address><span style=\"font-family: verdana, geneva; font-size: 10pt;\"><span data-mce-mark=\"1\"><strong><img decoding=\"async\" title=\"facebook_infodes\" src=\"https:\/\/superior-infd.mendoza.edu.ar\/sitio\/wp-content\/uploads\/2018\/08\/facebook_infodes.png\" border=\"0\" alt=\"facebook_infodes\">&nbsp;<span data-mce-mark=\"1\">Grupos Facebook:&nbsp;<\/span><\/strong><\/span>&nbsp;<\/span><\/address>\n<address><\/address>\n<div dir=\"ltr\"><span style=\"font-size: 10pt; font-family: verdana, geneva;\" data-mce-mark=\"1\">&#8211;&nbsp;<a title=\"GRUPO FACEBOOK\" href=\"https:\/\/www.facebook.com\/groups\/231523423638115\/?fref=ts\" target=\"_blank\">MATEM&Aacute;TICA EN PRIMER CICLO &#8211; Regional Norte<\/a><\/span><\/div>\n<address><span style=\"font-family: verdana, geneva; font-size: 10pt;\">&nbsp;<\/span><\/address>\n<div dir=\"ltr\"><span style=\"font-size: 10pt; font-family: verdana, geneva;\" data-mce-mark=\"1\"><span data-mce-mark=\"1\">&#8211;&nbsp;<\/span><a title=\"GRUPO FACEBOOK\" href=\"https:\/\/www.facebook.com\/groups\/230405997110144\/\" target=\"_blank\">MATEM&Aacute;TICA EN PRIMER CICLO &#8211; Regional Este<\/a><\/span><\/div>\n<address><span style=\"font-family: verdana, geneva; font-size: 10pt;\">&nbsp;<\/span><\/address>\n<div dir=\"ltr\"><span style=\"font-size: 10pt; font-family: verdana, geneva;\" data-mce-mark=\"1\"><span data-mce-mark=\"1\">&#8211;&nbsp;<a title=\"GRUPO FACEBOOK\" href=\"https:\/\/www.facebook.com\/groups\/524070701039242\/?ref=br_rs\" target=\"_blank\">MATEM&Aacute;TICA EN 1&deg; CICLO-REGIONAL SUR<\/a><\/span><br \/><\/span><\/div>\n<address><span style=\"font-family: verdana, geneva; font-size: 10pt;\">&nbsp;<\/span><\/address>\n<div dir=\"ltr\"><span style=\"font-size: 10pt; font-family: verdana, geneva;\" data-mce-mark=\"1\">&#8211;&nbsp;<a title=\"GRUPO FACEBOOK\" href=\"https:\/\/www.facebook.com\/groups\/621786514507940\/?fref=ts\" target=\"_blank\">MATEM&Aacute;TICA 1&deg; Ciclo Valle de Uco<\/a><\/span><\/div>\n<address><span style=\"font-family: verdana, geneva; font-size: 10pt;\">&nbsp;<\/span><\/address><\/p>\n","protected":false},"excerpt":{"rendered":"<p>\u00a1\u00a1 Ya est\u00e1 la versi\u00f3n completa de Mendoza hace Matem\u00e1tica 2!! Compartimos con uds. informaci\u00f3n y materiales de \u00abMatem\u00e1tica en primer ciclo\u00bb, incluyendo el texto completo de ?MENDOZA HACE MATEM\u00c1TICA 2. El mismo est\u00e1 pensado para docentes y estudiantes de 2\u00ba grado de la escuela primaria de la provincia de Mendoza. Es una propuesta de &#8230; <a title=\"\u00a1\u00a1 Ya est\u00e1 la versi\u00f3n completa de Mendoza hace Matem\u00e1tica 2!!\" class=\"read-more\" href=\"https:\/\/superior-infd.mendoza.edu.ar\/sitio\/ya-esta-la-version-completa-de-mendoza-hace-matematica-2\/\" aria-label=\"More on \u00a1\u00a1 Ya est\u00e1 la versi\u00f3n completa de Mendoza hace Matem\u00e1tica 2!!\">[+]<\/a><\/p>\n","protected":false},"author":1090,"featured_media":0,"comment_status":"open","ping_status":"open","sticky":false,"template":"","format":"standard","meta":[],"categories":[19,6],"tags":[],"acf":[],"_links":{"self":[{"href":"https:\/\/superior-infd.mendoza.edu.ar\/sitio\/wp-json\/wp\/v2\/posts\/12868"}],"collection":[{"href":"https:\/\/superior-infd.mendoza.edu.ar\/sitio\/wp-json\/wp\/v2\/posts"}],"about":[{"href":"https:\/\/superior-infd.mendoza.edu.ar\/sitio\/wp-json\/wp\/v2\/types\/post"}],"author":[{"embeddable":true,"href":"https:\/\/superior-infd.mendoza.edu.ar\/sitio\/wp-json\/wp\/v2\/users\/1090"}],"replies":[{"embeddable":true,"href":"https:\/\/superior-infd.mendoza.edu.ar\/sitio\/wp-json\/wp\/v2\/comments?post=12868"}],"version-history":[{"count":0,"href":"https:\/\/superior-infd.mendoza.edu.ar\/sitio\/wp-json\/wp\/v2\/posts\/12868\/revisions"}],"wp:attachment":[{"href":"https:\/\/superior-infd.mendoza.edu.ar\/sitio\/wp-json\/wp\/v2\/media?parent=12868"}],"wp:term":[{"taxonomy":"category","embeddable":true,"href":"https:\/\/superior-infd.mendoza.edu.ar\/sitio\/wp-json\/wp\/v2\/categories?post=12868"},{"taxonomy":"post_tag","embeddable":true,"href":"https:\/\/superior-infd.mendoza.edu.ar\/sitio\/wp-json\/wp\/v2\/tags?post=12868"}],"curies":[{"name":"wp","href":"https:\/\/api.w.org\/{rel}","templated":true}]}}