{"id":12577,"date":"2014-10-03T00:00:00","date_gmt":"2014-10-03T00:00:00","guid":{"rendered":"https:\/\/des-mza.infd.edu.ar\/sitio\/los-equipos-de-orientacion-en-el-sistema-educativo-la-dimension-institucional-de-la-intervencion\/"},"modified":"2014-10-03T00:00:00","modified_gmt":"2014-10-03T00:00:00","slug":"los-equipos-de-orientacion-en-el-sistema-educativo-la-dimension-institucional-de-la-intervencion","status":"publish","type":"post","link":"https:\/\/superior-infd.mendoza.edu.ar\/sitio\/los-equipos-de-orientacion-en-el-sistema-educativo-la-dimension-institucional-de-la-intervencion\/","title":{"rendered":"Los Equipos de Orientaci\u00f3n en el Sistema Educativo. La dimensi\u00f3n institucional de la intervenci\u00f3n"},"content":{"rendered":"<p class=\"sitio_noticia_volanta\" >\n<h3>Los Equipos de Orientaci\u00f3n en el Sistema Educativo. La dimensi\u00f3n institucional de la intervenci\u00f3n<\/h3>\n<p class=\"sitio_noticia_copete\" >\n<hr class=\"sitio_noticia_contenido\" \/>\n<p >\n<p><span style=\"font-size: 10pt; font-family: verdana, geneva;\"><img decoding=\"async\" loading=\"lazy\" class=\"alignnone size-medium wp-image-3211\" style=\"border: 0; float: right;\" src=\"http:\/\/nuestraescuela.educacion.gov.ar\/wp-content\/uploads\/2014\/09\/Gr%C3%A1fica-Gu%C3%ADa-de-orientacion-289x300.jpg\" border=\"0\" alt=\"Gr&aacute;fica Gu&iacute;a de orientacion\" width=\"289\" height=\"300\"><\/span><\/p>\n<p><span style=\"font-size: 10pt; font-family: verdana, geneva;\">&nbsp;<\/span><\/p>\n<p><span style=\"font-size: 10pt; font-family: verdana, geneva;\">Se encuentra abierta la inscripci&oacute;n para el curso de formaci&oacute;n para Equipos de Orientaci&oacute;n Escolar. Este curso tiene el prop&oacute;sito de brindar herramientas a los profesionales que trabajan en estos equipos con el objetivo de analizar situaciones y construir intervenciones desde una perspectiva institucional.<\/span><br \/><span style=\"font-size: 10pt; font-family: verdana, geneva;\">La propuesta est&aacute; destinada a integrantes de los Equipos de Orientaci&oacute;n Escolar.<\/span><\/p>\n<div>\n<p><span style=\"font-size: 10pt; font-family: verdana, geneva;\">En esta oportunidad, participar&aacute;n los equipos de las provincias de Mendoza y Buenos Aires convocados por sus respectivas jurisdicciones.<\/span><\/p>\n<p><span style=\"font-size: 10pt; font-family: verdana, geneva;\">El curso tiene una duraci&oacute;n de dos meses equivalente a 50 horas, bajo una modalidad virtual y una instancia presencial final que contar&aacute; con acompa&ntilde;amiento tutorial.<\/span><\/p>\n<p><span style=\"font-size: 10pt; font-family: verdana, geneva;\">Por cualquier duda e inconveniente cont&aacute;ctese con nuestro equipo:<\/span><br \/><span style=\"font-size: 10pt; font-family: verdana, geneva;\">E-mail:&nbsp;<a href=\"mailto:orientacionescolar@infd.edu.ar\">orientacionescolar@infd.edu.ar<\/a><\/span><\/p>\n<p>&nbsp;<\/p>\n<p><span style=\"font-size: 10pt; font-family: verdana, geneva;\">Este curso recupera los aportes realizados por distintas jurisdicciones a partir del trabajo conjunto realizado en el marco del Ciclo de Desarrollo Profesional para Equipos de Apoyo y Orientaci&oacute;n &ndash;actualmente Programa Nacional de Fortalecimiento y Desarrollo Profesional de Equipos de Orientaci&oacute;n- que forma parte de la Coordinaci&oacute;n de Programas para la Inclusi&oacute;n Democr&aacute;tica en las Escuelas del Ministerio de Educaci&oacute;n de la Naci&oacute;n.<\/span><\/p>\n<p><span style=\"font-size: 10pt; font-family: verdana, geneva;\">La intencionalidad del ciclo es la de superar la fragmentaci&oacute;n y reconstruir anal&iacute;ticamente tramas, contextos y posibles intervenciones en la relaci&oacute;n con otros: los directivos y docentes y la ense&ntilde;anza, los estudiantes y sus trayectorias, las escuelas y sus requerimientos, las familias y las comunidades y sus situaciones particulares, las pol&iacute;ticas nacionales y jurisdiccionales. La propuesta ofrece espacios de acompa&ntilde;amiento espec&iacute;ficamente dise&ntilde;ados para profundizar el an&aacute;lisis de las situaciones de intervenci&oacute;n desde diversas perspectivas &ndash;filos&oacute;ficas, pol&iacute;ticas, pedag&oacute;gicas, psicol&oacute;gicas, organizacionales.<\/span><\/p>\n<p><span style=\"font-size: 10pt; font-family: verdana, geneva;\">El curso tiene una duraci&oacute;n de dos meses, equivalente a 50 horas, bajo una modalidad virtual y una instancia presencial final que contar&aacute; con acompa&ntilde;amiento tutorial.<\/span><\/p>\n<p><strong><span style=\"font-size: 10pt; font-family: verdana, geneva;\">El curso se propone:<\/span><\/strong><\/p>\n<p><span style=\"font-size: 10pt; font-family: verdana, geneva;\">&bull; Facilitar herramientas para el an&aacute;lisis de las demandas que reciben o generan los equipos de orientaci&oacute;n escolar y los modos posibles de construir los &ldquo;objetos&rdquo; de la intervenci&oacute;n.<\/span><\/p>\n<p><span style=\"font-size: 10pt; font-family: verdana, geneva;\">&bull; Abordar, desde una dimensi&oacute;n institucional, la construcci&oacute;n de intervenciones locales y situadas en relaci&oacute;n a las diferentes problem&aacute;ticas que se presentan en las escuelas.<\/span><\/p>\n<p><span style=\"font-size: 10pt; font-family: verdana, geneva;\">&bull; Reflexionar acerca de las condiciones de &eacute;poca que hacen al trabajo actual de todos los actores del sistema educativo y, fundamentalmente, de los equipos de orientaci&oacute;n escolar.<\/span><\/p>\n<p>&nbsp;<\/p>\n<p>&nbsp;<\/p>\n<div>\n<p style=\"text-align: center;\"><span style=\"font-size: 12pt; font-family: verdana, geneva;\"><a class=\"suscripcion_boton \" href=\"http:\/\/red.infd.edu.ar\/formacion_requisitos.php?id=201406&amp;tar=1\">Inscripci&oacute;n en l&iacute;nea<\/a><\/span><\/p>\n<p><span style=\"font-size: 10pt; font-family: verdana, geneva;\">&nbsp;<\/span><\/p>\n<\/div>\n<\/div><\/p>\n","protected":false},"excerpt":{"rendered":"<p>Los Equipos de Orientaci\u00f3n en el Sistema Educativo. La dimensi\u00f3n institucional de la intervenci\u00f3n &nbsp; Se encuentra abierta la inscripci&oacute;n para el curso de formaci&oacute;n para Equipos de Orientaci&oacute;n Escolar. Este curso tiene el prop&oacute;sito de brindar herramientas a los profesionales que trabajan en estos equipos con el objetivo de analizar situaciones y construir intervenciones &#8230; <a title=\"Los Equipos de Orientaci\u00f3n en el Sistema Educativo. La dimensi\u00f3n institucional de la intervenci\u00f3n\" class=\"read-more\" href=\"https:\/\/superior-infd.mendoza.edu.ar\/sitio\/los-equipos-de-orientacion-en-el-sistema-educativo-la-dimension-institucional-de-la-intervencion\/\" aria-label=\"More on Los Equipos de Orientaci\u00f3n en el Sistema Educativo. La dimensi\u00f3n institucional de la intervenci\u00f3n\">[+]<\/a><\/p>\n","protected":false},"author":1090,"featured_media":0,"comment_status":"open","ping_status":"open","sticky":false,"template":"","format":"standard","meta":[],"categories":[6,29],"tags":[],"acf":[],"_links":{"self":[{"href":"https:\/\/superior-infd.mendoza.edu.ar\/sitio\/wp-json\/wp\/v2\/posts\/12577"}],"collection":[{"href":"https:\/\/superior-infd.mendoza.edu.ar\/sitio\/wp-json\/wp\/v2\/posts"}],"about":[{"href":"https:\/\/superior-infd.mendoza.edu.ar\/sitio\/wp-json\/wp\/v2\/types\/post"}],"author":[{"embeddable":true,"href":"https:\/\/superior-infd.mendoza.edu.ar\/sitio\/wp-json\/wp\/v2\/users\/1090"}],"replies":[{"embeddable":true,"href":"https:\/\/superior-infd.mendoza.edu.ar\/sitio\/wp-json\/wp\/v2\/comments?post=12577"}],"version-history":[{"count":0,"href":"https:\/\/superior-infd.mendoza.edu.ar\/sitio\/wp-json\/wp\/v2\/posts\/12577\/revisions"}],"wp:attachment":[{"href":"https:\/\/superior-infd.mendoza.edu.ar\/sitio\/wp-json\/wp\/v2\/media?parent=12577"}],"wp:term":[{"taxonomy":"category","embeddable":true,"href":"https:\/\/superior-infd.mendoza.edu.ar\/sitio\/wp-json\/wp\/v2\/categories?post=12577"},{"taxonomy":"post_tag","embeddable":true,"href":"https:\/\/superior-infd.mendoza.edu.ar\/sitio\/wp-json\/wp\/v2\/tags?post=12577"}],"curies":[{"name":"wp","href":"https:\/\/api.w.org\/{rel}","templated":true}]}}