{"id":12574,"date":"2014-10-03T00:00:00","date_gmt":"2014-10-03T00:00:00","guid":{"rendered":"https:\/\/des-mza.infd.edu.ar\/sitio\/inmigracion-diversidad-y-derechos-humanos-una-introduccion-a-la-tematica\/"},"modified":"2014-10-03T00:00:00","modified_gmt":"2014-10-03T00:00:00","slug":"inmigracion-diversidad-y-derechos-humanos-una-introduccion-a-la-tematica","status":"publish","type":"post","link":"https:\/\/superior-infd.mendoza.edu.ar\/sitio\/inmigracion-diversidad-y-derechos-humanos-una-introduccion-a-la-tematica\/","title":{"rendered":"Inmigraci\u00f3n, diversidad y derechos humanos. Una introducci\u00f3n a la tem\u00e1tica"},"content":{"rendered":"<p class=\"sitio_noticia_volanta\" >\n<h3>Inmigraci\u00f3n, diversidad y derechos humanos. Una introducci\u00f3n a la tem\u00e1tica<\/h3>\n<p class=\"sitio_noticia_copete\" >\n<hr class=\"sitio_noticia_contenido\" \/>\n<p >\n<div><img decoding=\"async\" loading=\"lazy\" class=\"alignnone size-medium wp-image-3134\" style=\"border: 0; float: right;\" src=\"http:\/\/nuestraescuela.educacion.gov.ar\/wp-content\/uploads\/2014\/09\/INMIGRACION-Y-DDHH-296x300.jpg\" border=\"0\" alt=\"Postis flyers ok\" width=\"296\" height=\"300\"><\/p>\n<p><span style=\"font-size: 10pt; font-family: verdana, geneva;\">Se encuentra abierta la inscripci&oacute;n para este espacio de formaci&oacute;n virtual donde compartiremos reflexiones y perspectivas sobre los v&iacute;nculos entre migraci&oacute;n y diversidad a trav&eacute;s de un enfoque de derechos humanos.<\/span><br \/><span style=\"font-size: 10pt; font-family: verdana, geneva;\">El fin de estos encuentros es desarmar los discursos, las creencias y las pr&aacute;cticas xen&oacute;fobas, a la vez de materializar un concepto amplio e inclusivo de igualdad, contribuyendo as&iacute; a la integraci&oacute;n social.<\/span><\/p>\n<div>\n<p><span style=\"font-size: 10pt; font-family: verdana, geneva;\">La propuesta est&aacute; destinada a directivos\/as, docentes, tutores\/as y auxiliares de segundo ciclo de nivel primario y de nivel secundario.<\/span><br \/><span style=\"font-size: 10pt; font-family: verdana, geneva;\">El curso tiene una duraci&oacute;n de dos meses y prev&eacute; instancias virtuales y una presencial.<\/span><\/p>\n<p><span style=\"font-size: 10pt; font-family: verdana, geneva;\">Por cualquier duda cont&aacute;ctese con nuestro equipo:<\/span><br \/><span style=\"font-size: 10pt; font-family: verdana, geneva;\">E-mail:&nbsp;<a href=\"mailto:seminarioinmigracion@infd.edu.ar\">seminarioinmigracion@infd.edu.ar<\/a><\/span><\/p>\n<p>&nbsp;<\/p>\n<h4><span style=\"font-size: 10pt; font-family: verdana, geneva;\">Presentaci&oacute;n<\/span><\/h4>\n<p><span style=\"font-size: 10pt; font-family: verdana, geneva;\">En el marco del Programa Nacional de Formaci&oacute;n Permanente Nuestra Escuela, el Ministerio de Educaci&oacute;n de la Naci&oacute;n, en conjunto con el Programa Migraci&oacute;n y Asilo del Centro de Justicia y Derechos Humanos de la Universidad Nacional de Lan&uacute;s, comunican que a partir del 29 de septiembre se encuentra abierta la inscripci&oacute;n para el curso&nbsp;&ldquo;Inmigraci&oacute;n, diversidad y derechos humanos. Una introducci&oacute;n a la tem&aacute;tica&rdquo;.<\/span><\/p>\n<p><span style=\"font-size: 10pt; font-family: verdana, geneva;\">Nuestra Escuela se inscribe en el marco de la ampliaci&oacute;n de derechos que el Estado Nacional viene desarrollando en materia de pol&iacute;ticas p&uacute;blicas y que reconoce el derecho a la formaci&oacute;n permanente de todos y todas los docentes del pa&iacute;s.<\/span><\/p>\n<p><span style=\"font-size: 10pt; font-family: verdana, geneva;\">La dimensi&oacute;n migratoria ha estado siempre presente en la escuela, encarnada en las trayectorias de alumnos, alumnas, docentes y familias. Aunque no siempre hayan encontrado maneras de expresarse y legitimarse, sus singularidades &eacute;tnicas, nacionales o ling&uuml;&iacute;sticas han atravesado las aulas desde el siglo XIX hasta nuestros d&iacute;as. Por ello, pensar contempor&aacute;neamente los cruces entre inmigraci&oacute;n, diversidad y derechos humanos en la escuela implica pensarnos como una sociedad heterog&eacute;nea, din&aacute;mica y cambiante en el concierto com&uacute;n de la democracia.<\/span><\/p>\n<p><span style=\"font-size: 10pt; font-family: verdana, geneva;\">La propuesta est&aacute; destinada a&nbsp;directivos\/as, docentes, tutores\/as y auxiliares de segundo ciclo de nivel primario y de nivel secundario, y tiene como objetivos:<\/span><\/p>\n<p><span style=\"font-size: 10pt; font-family: verdana, geneva;\">&bull; Revisar la construcci&oacute;n de las im&aacute;genes de &ldquo;inmigrante&rdquo; y de &ldquo;extranjero&rdquo; desde el siglo XIX hasta el presente, y contextualizarlas en relaci&oacute;n con la din&aacute;mica de los flujos migratorios y el conjunto de pol&iacute;ticas y leyes en Argentina.<\/span><br \/><span style=\"font-size: 10pt; font-family: verdana, geneva;\">&bull; Analizar cr&iacute;ticamente los discursos, las creencias y las pr&aacute;cticas xen&oacute;fobas, con el fin de desarmarlos y prevenir su difusi&oacute;n, lo que a su vez nos permitir&aacute; reflexionar acerca del lazo entre inmigraci&oacute;n, diversidad y derechos, en tanto parte constitutiva de un modelo democr&aacute;tico, equitativo e inclusivo de desarrollo humano.<\/span><br \/><span style=\"font-size: 10pt; font-family: verdana, geneva;\">&bull; Contribuir colectivamente a la elaboraci&oacute;n de un concepto de igualdad, capaz de contener y reconocer las diferencias (nacionales, &eacute;tnicas, culturales, de g&eacute;nero, etc.), pero sin esgrimirlas como razones &ldquo;naturales&rdquo; para denegar u obstaculizar el acceso a derechos.<\/span><\/p>\n<p><span style=\"font-size: 10pt; font-family: verdana, geneva;\">El curso tiene una duraci&oacute;n de dos meses, equivalente a 50 horas, bajo una modalidad virtual y una instancia presencial final que contar&aacute; con acompa&ntilde;amiento tutorial.<\/span><\/p>\n<h4><span style=\"font-size: 10pt; font-family: verdana, geneva;\">Caracter&iacute;sticas de la Cursada<\/span><\/h4>\n<p><span style=\"font-size: 10pt; font-family: verdana, geneva;\">Cobertura:<\/span><br \/><span style=\"font-size: 10pt; font-family: verdana, geneva;\">El curso es de car&aacute;cter gratuito para los actores del sistema educativo de todo el pa&iacute;s.<\/span><\/p>\n<p><span style=\"font-size: 10pt; font-family: verdana, geneva;\">Duraci&oacute;n<\/span><br \/><span style=\"font-size: 10pt; font-family: verdana, geneva;\">La duraci&oacute;n de la cursada ser&aacute; de dos meses, equivalente a 50 horas, bajo una modalidad virtual y una instancia presencial final que contar&aacute; con acompa&ntilde;amiento tutorial.<\/span><\/p>\n<p><span style=\"font-size: 10pt; font-family: verdana, geneva;\">Modalidad de cursada<\/span><br \/><span style=\"font-size: 10pt; font-family: verdana, geneva;\">&bull; 4 clases virtuales.<\/span><br \/><span style=\"font-size: 10pt; font-family: verdana, geneva;\">&bull; Encuentro provincial de cierre y evaluaci&oacute;n.<\/span><br \/><span style=\"font-size: 10pt; font-family: verdana, geneva;\">&bull; Las instancias virtuales consisten en la lectura de las clases y bibliograf&iacute;a, actividades de producci&oacute;n de textos y materiales en diversos formatos, interacci&oacute;n con pares y profesores en el campus virtual.<\/span><br \/><span style=\"font-size: 10pt; font-family: verdana, geneva;\">&bull; La actividad presencial final contar&aacute; con acompa&ntilde;amiento tutorial y estar&aacute; destinada a la evaluaci&oacute;n y cierre del curso. Los encuentros se realizar&aacute;n en cada una de las provincias participantes.<\/span><\/p>\n<h4><span style=\"font-size: 10pt; font-family: verdana, geneva;\">Requisitos de Admisi&oacute;n<\/span><\/h4>\n<p><span style=\"font-size: 10pt; font-family: verdana, geneva;\">&bull; Fotocopia de DNI.<\/span><br \/><span style=\"font-size: 10pt; font-family: verdana, geneva;\">&bull; Constancia de ejercicio de la docencia como profesor o constancia de inscripci&oacute;n en junta de calificaci&oacute;n como aspirante al cargo de profesor en el sistema educativo argentino.<\/span><br \/><span style=\"font-size: 10pt; font-family: verdana, geneva;\">&bull; Poseer una cuenta de correo electr&oacute;nico de uso frecuente y acceso a Internet<\/span><br \/><span style=\"font-size: 10pt; font-family: verdana, geneva;\">&bull; La fotocopia del DNI y la constancia de la escuela donde trabaja y\/o la constancia de Inscripci&oacute;n en Junta se entrega en el encuentro provincial al finalizar el curso. En caso de no poder asistir deber&aacute;n enviar la documentaci&oacute;n digitalizada al correo que ser&aacute; informado oportunamente.<\/span><\/p>\n<h4><span style=\"font-size: 10pt; font-family: verdana, geneva;\">Preguntas frecuentes<\/span><\/h4>\n<p><span style=\"font-size: 10pt; font-family: verdana, geneva;\">&#9679; &iquest;A qui&eacute;n est&aacute; dirigido el Curso?<\/span><br \/><span style=\"font-size: 10pt; font-family: verdana, geneva;\">La propuesta est&aacute; destinada a directivos\/as, docentes, tutores\/as y auxiliares de segundo ciclo de nivel primario y de nivel secundario.<\/span><\/p>\n<p><span style=\"font-size: 10pt; font-family: verdana, geneva;\">&#9679; &iquest;Cu&aacute;l es la modalidad de cursada?<\/span><\/p>\n<p><span style=\"font-size: 10pt; font-family: verdana, geneva;\">Para el desarrollo de los contenidos se prev&eacute; una duraci&oacute;n de dos meses, equivalente a 50 horas, bajo una modalidad virtual y una instancia final presencial que contara con un acompa&ntilde;amiento tutorial en cada provincia participante del curso. La misma estar&aacute; destinada a la evaluaci&oacute;n y cierre del mismo. En caso de gestarse encuentros regionales se cubrir&aacute;n los gastos de traslado de los participantes.<\/span><\/p>\n<p><span style=\"font-size: 10pt; font-family: verdana, geneva;\">&#9679; &iquest;Cu&aacute;ndo se realiza el encuentro provincial de cierre y evaluaci&oacute;n?<\/span><br \/><span style=\"font-size: 10pt; font-family: verdana, geneva;\">La fecha y hora del encuentro provincial ser&aacute; comunicada por correo electr&oacute;nico.<\/span><\/p>\n<p><span style=\"font-size: 10pt; font-family: verdana, geneva;\">&#9679; &iquest;D&oacute;nde entrego la documentaci&oacute;n?<\/span><br \/><span style=\"font-size: 10pt; font-family: verdana, geneva;\">La fotocopia del DNI y la constancia de la escuela donde trabaja y\/o la constancia de Inscripci&oacute;n en Junta se entrega en el encuentro provincial al finalizar el curso. En caso de no poder asistir deber&aacute;n enviar la documentaci&oacute;n digitalizada al correo que ser&aacute; informado oportunamente.<\/span><\/p>\n<p>&nbsp;<\/p>\n<div class=\"Titulo_principal_home\" style=\"text-align: center;\"><span style=\"font-size: 10pt; font-family: verdana, geneva;\">&#8212; <a class=\"suscripcion_boton \" href=\"http:\/\/red.infd.edu.ar\/formacion_requisitos.php?id=201415&amp;tar=1\">Inscribirse en l&iacute;nea<\/a>&#8212;&nbsp;<\/span><\/p>\n<p style=\"text-align: center;\"><span style=\"font-size: 10pt; font-family: verdana, geneva;\">&nbsp;<\/span><\/p>\n<\/div>\n<\/div>\n<\/div>\n","protected":false},"excerpt":{"rendered":"<p>Inmigraci\u00f3n, diversidad y derechos humanos. Una introducci\u00f3n a la tem\u00e1tica Se encuentra abierta la inscripci&oacute;n para este espacio de formaci&oacute;n virtual donde compartiremos reflexiones y perspectivas sobre los v&iacute;nculos entre migraci&oacute;n y diversidad a trav&eacute;s de un enfoque de derechos humanos.El fin de estos encuentros es desarmar los discursos, las creencias y las pr&aacute;cticas xen&oacute;fobas, &#8230; <a title=\"Inmigraci\u00f3n, diversidad y derechos humanos. Una introducci\u00f3n a la tem\u00e1tica\" class=\"read-more\" href=\"https:\/\/superior-infd.mendoza.edu.ar\/sitio\/inmigracion-diversidad-y-derechos-humanos-una-introduccion-a-la-tematica\/\" aria-label=\"More on Inmigraci\u00f3n, diversidad y derechos humanos. Una introducci\u00f3n a la tem\u00e1tica\">[+]<\/a><\/p>\n","protected":false},"author":1090,"featured_media":0,"comment_status":"open","ping_status":"open","sticky":false,"template":"","format":"standard","meta":[],"categories":[6,29],"tags":[],"acf":[],"_links":{"self":[{"href":"https:\/\/superior-infd.mendoza.edu.ar\/sitio\/wp-json\/wp\/v2\/posts\/12574"}],"collection":[{"href":"https:\/\/superior-infd.mendoza.edu.ar\/sitio\/wp-json\/wp\/v2\/posts"}],"about":[{"href":"https:\/\/superior-infd.mendoza.edu.ar\/sitio\/wp-json\/wp\/v2\/types\/post"}],"author":[{"embeddable":true,"href":"https:\/\/superior-infd.mendoza.edu.ar\/sitio\/wp-json\/wp\/v2\/users\/1090"}],"replies":[{"embeddable":true,"href":"https:\/\/superior-infd.mendoza.edu.ar\/sitio\/wp-json\/wp\/v2\/comments?post=12574"}],"version-history":[{"count":0,"href":"https:\/\/superior-infd.mendoza.edu.ar\/sitio\/wp-json\/wp\/v2\/posts\/12574\/revisions"}],"wp:attachment":[{"href":"https:\/\/superior-infd.mendoza.edu.ar\/sitio\/wp-json\/wp\/v2\/media?parent=12574"}],"wp:term":[{"taxonomy":"category","embeddable":true,"href":"https:\/\/superior-infd.mendoza.edu.ar\/sitio\/wp-json\/wp\/v2\/categories?post=12574"},{"taxonomy":"post_tag","embeddable":true,"href":"https:\/\/superior-infd.mendoza.edu.ar\/sitio\/wp-json\/wp\/v2\/tags?post=12574"}],"curies":[{"name":"wp","href":"https:\/\/api.w.org\/{rel}","templated":true}]}}