{"id":12573,"date":"2014-10-03T00:00:00","date_gmt":"2014-10-03T00:00:00","guid":{"rendered":"https:\/\/des-mza.infd.edu.ar\/sitio\/la-funcion-pedagogica-del-preceptor-y-el-acompanamiento-de-las-trayectorias-escolares\/"},"modified":"2014-10-03T00:00:00","modified_gmt":"2014-10-03T00:00:00","slug":"la-funcion-pedagogica-del-preceptor-y-el-acompanamiento-de-las-trayectorias-escolares","status":"publish","type":"post","link":"https:\/\/superior-infd.mendoza.edu.ar\/sitio\/la-funcion-pedagogica-del-preceptor-y-el-acompanamiento-de-las-trayectorias-escolares\/","title":{"rendered":"La funci\u00f3n pedag\u00f3gica del preceptor y el acompa\u00f1amiento de las trayectorias escolares"},"content":{"rendered":"<p class=\"sitio_noticia_volanta\" >\n<h3>La funci\u00f3n pedag\u00f3gica del preceptor y el acompa\u00f1amiento de las trayectorias escolares<\/h3>\n<p class=\"sitio_noticia_copete\" >\n<hr class=\"sitio_noticia_contenido\" \/>\n<p >\n<p><span style=\"font-family: verdana, geneva; font-size: 10pt;\">Se encuentra abierta la inscripci&oacute;n para el curso para preceptores de nivel secundario. El mismo tiene el prop&oacute;sito de brindar herramientas te&oacute;ricas y pr&aacute;cticas en el &aacute;mbito de las instituciones educativas con el objetivo de garantizar la inclusi&oacute;n educativa para todos los j&oacute;venes de nuestro pa&iacute;s en el nivel secundario.<\/span><\/p>\n<p><span style=\"font-family: verdana, geneva; font-size: 10pt;\">La propuesta est&aacute; dirigida a preceptores de nivel secundario de todo el pa&iacute;s.<\/span><\/p>\n<p><span style=\"font-family: verdana, geneva; font-size: 10pt;\">El curso tiene una duraci&oacute;n de 2 meses y prev&eacute; instancias de trabajo virtual y presencial.<\/span><\/p>\n<p><span style=\"font-family: verdana, geneva; font-size: 10pt;\">Por cualquier duda e inconveniente cont&aacute;ctese con nuestro equipo:<\/span><br \/><span style=\"font-family: verdana, geneva; font-size: 10pt;\">E-mail:&nbsp;<a href=\"mailto:preceptores@infd.edu.ar\">preceptores@infd.edu.ar<\/a><\/span><\/p>\n<p><span style=\"font-family: verdana, geneva; font-size: 10pt;\"><strong>Modalidad de cursado&nbsp;<\/strong><\/span><br \/><span style=\"font-family: verdana, geneva; font-size: 10pt;\">El Curso tiene una duraci&oacute;n de dos meses,&nbsp;equivalente a 50 horas, bajo una modalidad virtual y una instancia presencial final que contar&aacute; con acompa&ntilde;amiento tutorial.<\/span><\/p>\n<p><span style=\"font-family: verdana, geneva; font-size: 10pt;\">&nbsp;<\/span><\/p>\n<div class=\"titulo_grande\"><span style=\"font-family: verdana, geneva; font-size: 10pt;\">Contenidos<\/span><\/div>\n<p class=\"texto cuerpo_news formacion_ver\">&nbsp;<\/p>\n<p><span style=\"font-family: verdana, geneva; font-size: 10pt;\">El curso se encuentra estructurado en cuatro clases que configuran una secuencia did&aacute;ctica en la que los contenidos trabajados en cada una de ellas son retomados y complejizados en las clases subsiguientes, presentando cada una de ellas un eje problem&aacute;tico.<\/span><\/p>\n<p class=\"texto cuerpo_news formacion_ver\">&nbsp;<\/p>\n<p><span style=\"font-family: verdana, geneva; font-size: 10pt;\"><strong>Clase 1:<\/strong>&nbsp;<\/span><\/p>\n<p><span style=\"font-family: verdana, geneva; font-size: 10pt;\">En esta primera clase reflexionaremos acerca de lo que implica ser joven en el siglo XXI. Problematizaremos la idea de que existe una sola forma de ser joven, teniendo en cuenta la multiplicidad de formas identitarias que se presentan en la actualidad y algunos de sus determinantes. Luego analizaremos las distintas miradas que la sociedad ha construido sobre los adolescentes y los j&oacute;venes en distintos per&iacute;odos hist&oacute;ricos. Finalmente, abordaremos la problem&aacute;tica de la juventud desde la perspectiva de la construcci&oacute;n de ciudadan&iacute;a en la escuela.&nbsp;<\/span><\/p>\n<p class=\"texto cuerpo_news formacion_ver\">&nbsp;<\/p>\n<p><span style=\"font-family: verdana, geneva; font-size: 10pt;\"><strong>Clase 2:<\/strong><\/span><\/p>\n<p><span style=\"font-family: verdana, geneva; font-size: 10pt;\">En esta segunda clase proponemos un breve recorrido hist&oacute;rico por la escuela secundaria tendiente a reflexionar sobre la relaci&oacute;n entre su car&aacute;cter restrictivo y el rol preceptor. En funci&oacute;n de este recorrido nos adentraremos en la modificaci&oacute;n del marco jur&iacute;dico impulsado en nuestro pa&iacute;s a partir de la Ley de Educaci&oacute;n Nacional (N&deg; 26.206). Posteriormente, analizaremos como este marco jur&iacute;dico plantea el desaf&iacute;o de re-configurar nuestro rol de adultos en relaci&oacute;n al acompa&ntilde;amiento de las juventudes. Para finalizar, plantearemos la necesidad de profundizar la construcci&oacute;n de pr&aacute;cticas pedag&oacute;gicas y mecanismos institucionales que tornen habitable esta escuela para todos y todas, en t&eacute;rminos de convivencia democr&aacute;tica.<\/span><\/p>\n<p class=\"texto cuerpo_news formacion_ver\">&nbsp;<\/p>\n<p><span style=\"font-family: verdana, geneva; font-size: 10pt;\"><strong>Clase 3:<\/strong><\/span><\/p>\n<p><span style=\"font-family: verdana, geneva; font-size: 10pt;\">En esta clase nos enfocaremos en las distintas trayectorias escolares de esos j&oacute;venes que habitan nuestras escuelas en funci&oacute;n de sus condiciones juveniles, es decir, sus diversas formas de ser j&oacute;venes. Luego reflexionaremos acerca de lo que la escuela puede hacer para acompa&ntilde;arlos a desarrollar sus potencialidades en el aprendizaje, ejerciendo as&iacute; su derecho a una educaci&oacute;n de calidad. Finalmente analizaremos nuestro rol como preceptores y los cambios que &eacute;ste presenta en ese marco, atendiendo especialmente a nuestra funci&oacute;n pedag&oacute;gica en el acompa&ntilde;amiento de nuestros estudiantes.<\/span><\/p>\n<p class=\"texto cuerpo_news formacion_ver\">&nbsp;<\/p>\n<p><span style=\"font-family: verdana, geneva; font-size: 10pt;\"><strong>Clase 4:<\/strong><\/span><\/p>\n<p class=\"texto cuerpo_news formacion_ver\"><span style=\"font-family: verdana, geneva; font-size: 10pt;\">En esta &uacute;ltima etapa de nuestro trayecto y en consideraci&oacute;n con lo propuesto por la Gu&iacute;a Federal de Orientaciones, analizaremos nuestro rol como preceptores\/as en relaci&oacute;n al antes, al durante y al despu&eacute;s, tanto de situaciones complejas que afectan la convivencia en la escuela, como tambi&eacute;n de aquellas situaciones donde son vulnerados los derechos de los\/las adolescentes. Posteriormente, reflexionaremos acerca del tratamiento de estas situaciones en los medios de comunicaci&oacute;n. Para finalizar, invitaremos a profundizar la lectura de la gu&iacute;a en relaci&oacute;n a diversas problem&aacute;ticas.<\/span><\/p>\n<p><span style=\"font-family: verdana, geneva; font-size: 10pt;\">&nbsp;<\/span><span style=\"font-family: verdana, geneva; font-size: 10pt;\">&nbsp;<\/span><\/p>\n<p><strong><span style=\"font-family: verdana, geneva; font-size: 12pt;\"><a class=\"suscripcion_boton \" href=\"http:\/\/red.infd.edu.ar\/formacion_requisitos.php?id=201413&amp;tar=1\">Inscripci&oacute;n en l&iacute;nea<\/a><\/span><\/strong><\/p>\n<p><span style=\"font-size: 10pt; font-family: verdana, geneva;\">&nbsp;<\/span><\/p>\n<div class=\"logoteca\"><a href=\"http:\/\/portal.educacion.gov.ar\/\" target=\"_blank\"><img decoding=\"async\" title=\"Ministerio de Educaci&oacute;n - Presidencia de la Naci&oacute;n\" src=\"http:\/\/red.infd.edu.ar\/images\/logo_ministerio.png\" border=\"0\" alt=\"Ministerio de Educaci&oacute;n - Presidencia de la Naci&oacute;n\"><\/a>&nbsp;<a href=\"http:\/\/www.presidencia.gob.ar\/\" target=\"_blank\"><img decoding=\"async\" title=\"Argentina, un pa&iacute;s con buena gente\" src=\"http:\/\/red.infd.edu.ar\/images\/logo_argentina.png\" border=\"0\" alt=\"Argentina nos incluye\"><\/a>&nbsp;<\/div>\n<p>&nbsp;<\/p>\n<p><img decoding=\"async\" style=\"border: 0;\" src=\"https:\/\/fbcdn-sphotos-e-a.akamaihd.net\/hphotos-ak-xaf1\/t31.0-8\/s843x403\/1909132_693426977410361_5215222311939840432_o.jpg\" border=\"0\" width=\"700\"><\/p><\/p>\n","protected":false},"excerpt":{"rendered":"<p>La funci\u00f3n pedag\u00f3gica del preceptor y el acompa\u00f1amiento de las trayectorias escolares Se encuentra abierta la inscripci&oacute;n para el curso para preceptores de nivel secundario. El mismo tiene el prop&oacute;sito de brindar herramientas te&oacute;ricas y pr&aacute;cticas en el &aacute;mbito de las instituciones educativas con el objetivo de garantizar la inclusi&oacute;n educativa para todos los j&oacute;venes &#8230; <a title=\"La funci\u00f3n pedag\u00f3gica del preceptor y el acompa\u00f1amiento de las trayectorias escolares\" class=\"read-more\" href=\"https:\/\/superior-infd.mendoza.edu.ar\/sitio\/la-funcion-pedagogica-del-preceptor-y-el-acompanamiento-de-las-trayectorias-escolares\/\" aria-label=\"More on La funci\u00f3n pedag\u00f3gica del preceptor y el acompa\u00f1amiento de las trayectorias escolares\">[+]<\/a><\/p>\n","protected":false},"author":1090,"featured_media":0,"comment_status":"open","ping_status":"open","sticky":false,"template":"","format":"standard","meta":[],"categories":[6,29],"tags":[],"acf":[],"_links":{"self":[{"href":"https:\/\/superior-infd.mendoza.edu.ar\/sitio\/wp-json\/wp\/v2\/posts\/12573"}],"collection":[{"href":"https:\/\/superior-infd.mendoza.edu.ar\/sitio\/wp-json\/wp\/v2\/posts"}],"about":[{"href":"https:\/\/superior-infd.mendoza.edu.ar\/sitio\/wp-json\/wp\/v2\/types\/post"}],"author":[{"embeddable":true,"href":"https:\/\/superior-infd.mendoza.edu.ar\/sitio\/wp-json\/wp\/v2\/users\/1090"}],"replies":[{"embeddable":true,"href":"https:\/\/superior-infd.mendoza.edu.ar\/sitio\/wp-json\/wp\/v2\/comments?post=12573"}],"version-history":[{"count":0,"href":"https:\/\/superior-infd.mendoza.edu.ar\/sitio\/wp-json\/wp\/v2\/posts\/12573\/revisions"}],"wp:attachment":[{"href":"https:\/\/superior-infd.mendoza.edu.ar\/sitio\/wp-json\/wp\/v2\/media?parent=12573"}],"wp:term":[{"taxonomy":"category","embeddable":true,"href":"https:\/\/superior-infd.mendoza.edu.ar\/sitio\/wp-json\/wp\/v2\/categories?post=12573"},{"taxonomy":"post_tag","embeddable":true,"href":"https:\/\/superior-infd.mendoza.edu.ar\/sitio\/wp-json\/wp\/v2\/tags?post=12573"}],"curies":[{"name":"wp","href":"https:\/\/api.w.org\/{rel}","templated":true}]}}