{"id":12525,"date":"2014-09-19T00:00:00","date_gmt":"2014-09-19T00:00:00","guid":{"rendered":"https:\/\/des-mza.infd.edu.ar\/sitio\/encuentro-con-referentes-nacionales-del-pnfp\/"},"modified":"2014-09-19T00:00:00","modified_gmt":"2014-09-19T00:00:00","slug":"encuentro-con-referentes-nacionales-del-pnfp","status":"publish","type":"post","link":"https:\/\/superior-infd.mendoza.edu.ar\/sitio\/encuentro-con-referentes-nacionales-del-pnfp\/","title":{"rendered":"Encuentro con referentes nacionales del PNFP"},"content":{"rendered":"<p class=\"sitio_noticia_volanta\" >\n<h3>Encuentro con referentes nacionales del PNFP<\/h3>\n<p class=\"sitio_noticia_copete\" >El d\u00eda lunes 15 de setiembre se realiz\u00f3 un encuentro de acompa\u00f1antes del Programa Nuestra Escuela de todos los niveles educativos con formadoras del equipo nacional.<\/p>\n<hr class=\"sitio_noticia_contenido\" \/>\n<p >\n<p><span style=\"font-family: verdana, geneva; font-size: 10pt;\" data-mce-mark=\"1\">Con la presencia de la Coordinadora provincial del programa, Nora Miranda y las formadoras nacionales, Daniela Salip, Paola Ramos, Isabel Asquini y Alejandra De Franceschi se congregaron 85 acompa&ntilde;antes del PNFP.<\/span><\/p>\n<p class=\"Titulo_nota_interna\"><span style=\"font-family: verdana, geneva; font-size: 10pt;\" data-mce-mark=\"1\"><strong><span style=\"color: #3366ff;\" data-mce-mark=\"1\">Los objetivos del encuentro fueron:<\/span><\/strong><\/span><\/p>\n<ul>\n<li><span style=\"font-family: verdana, geneva; font-size: 10pt;\">Relevar informaci&oacute;n sobre el estado de situaci&oacute;n del Programa Nuestra Escuela en la jurisdicci&oacute;n.&nbsp;<\/span><\/li>\n<li><span style=\"font-family: verdana, geneva; font-size: 10pt;\">Relevar informaci&oacute;n ajustada acerca de los capacitadores de las Aulas y de los directivos que conformar&aacute;n el Aula de cada capacitador.<\/span><\/li>\n<li><span style=\"font-family: verdana, geneva; font-size: 10pt;\">Fortalecer el trabajo del capacitador en las Aulas de directivos.<\/span><\/li>\n<li><span style=\"font-family: verdana, geneva; font-size: 10pt;\">Clarificar&nbsp; cuestiones referidas al&nbsp; uso de la plataforma virtual.<\/span><\/li>\n<li><span style=\"font-family: verdana, geneva; font-size: 10pt;\">Fortalecer el trabajo que concretice los objetivos del&nbsp; Programa en los territorios.<\/span><\/li>\n<\/ul>\n<p><span style=\"font-family: verdana, geneva; font-size: 10pt;\"><img decoding=\"async\" title=\"\" src=\"https:\/\/superior-infd.mendoza.edu.ar\/sitio\/wp-content\/uploads\/2018\/08\/15del9.jpg\" border=\"0\" alt=\"\"><\/span><\/p>\n<p><span style=\"font-family: verdana, geneva; font-size: 10pt;\">Se desarrollaron distintas instancias de reflexi&oacute;n, di&aacute;logo y estudio sobre los avances y el estado de situaci&oacute;n del programa en la jurisdicci&oacute;n, la importancia del aula virtual como un dispositivo de acompa&ntilde;amiento que complementa las instancias presenciales. Adem&aacute;s se profundiz&oacute; en el desarrollo tem&aacute;tico de la Evaluaci&oacute;n Institucional Participativa y Formativa.<\/span><\/p>\n<p><span style=\"font-family: verdana, geneva; font-size: 10pt;\">&nbsp;<\/span><\/p>\n<p><object width=\"600\" height=\"400\" data=\"https:\/\/photos.gstatic.com\/media\/slideshow.swf\" type=\"application\/x-shockwave-flash\"><param name=\"src\" value=\"https:\/\/photos.gstatic.com\/media\/slideshow.swf\"><param name=\"flashvars\" value=\"host=picasaweb.google.com&amp;hl=es&amp;feat=flashalbum&amp;RGB=0x000000&amp;feed=https%3A%2F%2Fpicasaweb.google.com%2Fdata%2Ffeed%2Fapi%2Fuser%2F106778818178317723604%2Falbumid%2F6060791395633002817%3Falt%3Drss%26kind%3Dphoto%26hl%3Des\"><param name=\"pluginspage\" value=\"http:\/\/www.macromedia.com\/go\/getflashplayer\"><\/object><\/p>\n<p>&nbsp;<\/p>\n<p class=\"Titulo_nota_interna\"><span>&nbsp;<\/span><\/p>\n<p><span><a title=\"Plan Nacional de Formaci&oacute;n Permanente\" href=\"index.cgi?wid_grupo_news=24&amp;wAccion=news\"><img decoding=\"async\" loading=\"lazy\" style=\"border: 0; float: left;\" src=\"http:\/\/4.bp.blogspot.com\/-kyHow8Wlvvk\/Uwsul8_S4qI\/AAAAAAAACFM\/ttYU5NdiY98\/s1600\/formacionpermanente.png\" border=\"0\" width=\"179\" height=\"70\"><\/a><\/span><\/p>\n<p>&nbsp;<\/p>\n<p><span>&#8211;&nbsp;<a href=\"index.cgi?wid_seccion=7&amp;wid_item=711\">BANCO DE RECURSOS DEL PNFP<\/a><\/span><\/p>\n<p><span>&#8211;&nbsp;<a title=\"Plan Nacional de Formaci&oacute;n Permanente\" href=\"index.cgi?wid_grupo_news=24&amp;wAccion=news\">TODAS LAS NOTICIAS Y RECURSOS VINCULADOS DEL&nbsp; PNFP<\/a><\/span><\/p>\n<p><span>&nbsp;<\/span><\/p>\n<p><span data-mce-mark=\"1\">&nbsp;<\/span><\/p>\n<p><span><strong>&nbsp;<\/strong><\/span><\/p><\/p>\n","protected":false},"excerpt":{"rendered":"<p>Encuentro con referentes nacionales del PNFP El d\u00eda lunes 15 de setiembre se realiz\u00f3 un encuentro de acompa\u00f1antes del Programa Nuestra Escuela de todos los niveles educativos con formadoras del equipo nacional. Con la presencia de la Coordinadora provincial del programa, Nora Miranda y las formadoras nacionales, Daniela Salip, Paola Ramos, Isabel Asquini y Alejandra &#8230; <a title=\"Encuentro con referentes nacionales del PNFP\" class=\"read-more\" href=\"https:\/\/superior-infd.mendoza.edu.ar\/sitio\/encuentro-con-referentes-nacionales-del-pnfp\/\" aria-label=\"More on Encuentro con referentes nacionales del PNFP\">[+]<\/a><\/p>\n","protected":false},"author":1090,"featured_media":0,"comment_status":"open","ping_status":"open","sticky":false,"template":"","format":"standard","meta":[],"categories":[6,29],"tags":[],"acf":[],"_links":{"self":[{"href":"https:\/\/superior-infd.mendoza.edu.ar\/sitio\/wp-json\/wp\/v2\/posts\/12525"}],"collection":[{"href":"https:\/\/superior-infd.mendoza.edu.ar\/sitio\/wp-json\/wp\/v2\/posts"}],"about":[{"href":"https:\/\/superior-infd.mendoza.edu.ar\/sitio\/wp-json\/wp\/v2\/types\/post"}],"author":[{"embeddable":true,"href":"https:\/\/superior-infd.mendoza.edu.ar\/sitio\/wp-json\/wp\/v2\/users\/1090"}],"replies":[{"embeddable":true,"href":"https:\/\/superior-infd.mendoza.edu.ar\/sitio\/wp-json\/wp\/v2\/comments?post=12525"}],"version-history":[{"count":0,"href":"https:\/\/superior-infd.mendoza.edu.ar\/sitio\/wp-json\/wp\/v2\/posts\/12525\/revisions"}],"wp:attachment":[{"href":"https:\/\/superior-infd.mendoza.edu.ar\/sitio\/wp-json\/wp\/v2\/media?parent=12525"}],"wp:term":[{"taxonomy":"category","embeddable":true,"href":"https:\/\/superior-infd.mendoza.edu.ar\/sitio\/wp-json\/wp\/v2\/categories?post=12525"},{"taxonomy":"post_tag","embeddable":true,"href":"https:\/\/superior-infd.mendoza.edu.ar\/sitio\/wp-json\/wp\/v2\/tags?post=12525"}],"curies":[{"name":"wp","href":"https:\/\/api.w.org\/{rel}","templated":true}]}}