{"id":12522,"date":"2014-09-19T00:00:00","date_gmt":"2014-09-19T00:00:00","guid":{"rendered":"https:\/\/des-mza.infd.edu.ar\/sitio\/conectar-igualdad-en-los-profesorados-de-educacion-inicial-y-primaria\/"},"modified":"2014-09-19T00:00:00","modified_gmt":"2014-09-19T00:00:00","slug":"conectar-igualdad-en-los-profesorados-de-educacion-inicial-y-primaria","status":"publish","type":"post","link":"https:\/\/superior-infd.mendoza.edu.ar\/sitio\/conectar-igualdad-en-los-profesorados-de-educacion-inicial-y-primaria\/","title":{"rendered":"Conectar Igualdad en los Profesorados de Educaci\u00f3n Inicial y Primaria"},"content":{"rendered":"<p class=\"sitio_noticia_volanta\" >\n<h3>Conectar Igualdad en los Profesorados de Educaci\u00f3n Inicial y Primaria<\/h3>\n<p class=\"sitio_noticia_copete\" >Comenz\u00f3 la entrega de net para los profesorados de Educaci\u00f3n Inicial y Primaria<\/p>\n<hr class=\"sitio_noticia_contenido\" \/>\n<p >\n<p style=\"text-align: justify;\"><span style=\"font-family: verdana, geneva; font-size: 10pt;\"><span style=\"font-family: verdana, geneva; font-size: 10pt;\"><img decoding=\"async\" title=\"\" src=\"https:\/\/superior-infd.mendoza.edu.ar\/sitio\/wp-content\/uploads\/2018\/08\/entreganet2.jpg\" border=\"0\" alt=\"\"><\/span><\/span><\/p>\n<p style=\"text-align: justify;\">&nbsp;<\/p>\n<p style=\"text-align: justify;\"><span style=\"font-size: 10pt;\">El 3 de julio fue aprobada, por el Consejo Federal de Educaci&oacute;n, la Resoluci&oacute;n 277. La misma incorpora modificaciones al Manual Operativo para la Gesti&oacute;n Institucional del&nbsp;Programa Conectar Igualdad que formaba parte de la Resoluci&oacute;n CFE N&deg;139\/11. Esta resoluci&oacute;n tiene nuevos criterios y&nbsp;procedimientos de regulaci&oacute;n del funcionamiento operativo de los siguientes aspectos&nbsp;que integran los componentes del Programa:&nbsp;<\/span><\/p>\n<p><span style=\"font-family: verdana, geneva; font-size: 10pt;\" data-mce-mark=\"1\"><img decoding=\"async\" loading=\"lazy\" style=\"border: 0; vertical-align: middle; margin: 2px;\" src=\"http:\/\/www.laligadelaleche.es\/gifs\/flechita.gif\" border=\"0\" width=\"14\" height=\"14\">Incorporaci&oacute;n de procedimientos para entrega de netbooks.<\/span><\/p>\n<p><span style=\"font-family: verdana, geneva; font-size: 10pt;\"><img decoding=\"async\" loading=\"lazy\" style=\"border: 0; vertical-align: middle; margin: 2px;\" src=\"http:\/\/www.laligadelaleche.es\/gifs\/flechita.gif\" border=\"0\" width=\"14\" height=\"14\">Incorporaci&oacute;n de la modalidad de domiciliaria y hospitalaria.&nbsp;<\/span><\/p>\n<p style=\"text-align: justify;\"><span style=\"font-family: verdana, geneva; font-size: 10pt;\"><img decoding=\"async\" loading=\"lazy\" style=\"border: 0; vertical-align: middle; margin: 2px;\" src=\"http:\/\/www.laligadelaleche.es\/gifs\/flechita.gif\" border=\"0\" width=\"14\" height=\"14\">Actualizaci&oacute;n de criterios para la reposici&oacute;n y ampliaci&oacute;n de la dotaci&oacute;n de equipamiento, listados y cargas complementarias. Modificaci&oacute;n de los criterios para la&nbsp;asignaci&oacute;n de netbooks adicionales.&nbsp;<\/span><\/p>\n<p style=\"text-align: justify;\"><span style=\"font-family: verdana, geneva; font-size: 10pt;\"><img decoding=\"async\" loading=\"lazy\" style=\"border: 0; vertical-align: middle; margin: 2px;\" src=\"http:\/\/www.laligadelaleche.es\/gifs\/flechita.gif\" border=\"0\" width=\"14\" height=\"14\">Actualizaci&oacute;n de la implementaci&oacute;n de la Resoluci&oacute;n 147\/10 de la SECRETAR&Iacute;A DE&nbsp;COMUNICACIONES DEL MINISTERIO DE PLANIFICACI&Oacute;N FEDERAL, INVERSI&Oacute;N&nbsp;P&Uacute;BLICA Y SERVICIOS sobre dotaci&oacute;n de conectividad a las escuelas.&nbsp;<\/span><\/p>\n<p><span style=\"font-family: verdana, geneva; font-size: 10pt;\"><img decoding=\"async\" loading=\"lazy\" style=\"border: 0; vertical-align: middle; margin: 2px;\" src=\"http:\/\/www.laligadelaleche.es\/gifs\/flechita.gif\" border=\"0\" width=\"14\" height=\"14\">Incorporaci&oacute;n de las funciones de los equipos t&eacute;cnicos territoriales, jurisdiccionales,&nbsp;referentes t&eacute;cnicos y coordinadores.&nbsp;<\/span><\/p>\n<p><span style=\"font-family: verdana, geneva; font-size: 10pt;\"><img decoding=\"async\" loading=\"lazy\" style=\"border: 0; vertical-align: middle; margin: 2px;\" src=\"http:\/\/www.laligadelaleche.es\/gifs\/flechita.gif\" border=\"0\" width=\"14\" height=\"14\">Modificaci&oacute;n de la cesi&oacute;n definitiva en caso de alumnos con discapacidad.&nbsp;<\/span><\/p>\n<p style=\"text-align: justify;\"><span style=\"font-family: verdana, geneva; font-size: 10pt;\"><img decoding=\"async\" loading=\"lazy\" style=\"border: 0; vertical-align: middle; margin: 2px;\" src=\"http:\/\/www.laligadelaleche.es\/gifs\/flechita.gif\" border=\"0\" width=\"14\" height=\"14\">Modificaci&oacute;n del proceso para realizar pases entre escuelas o jurisdicciones.&nbsp;<\/span><\/p>\n<p style=\"text-align: justify;\"><span style=\"font-family: verdana, geneva; font-size: 10pt;\"><img decoding=\"async\" loading=\"lazy\" style=\"border: 0; vertical-align: middle; margin: 2px;\" src=\"http:\/\/www.laligadelaleche.es\/gifs\/flechita.gif\" border=\"0\" width=\"14\" height=\"14\">Modificaci&oacute;n de los criterios de asignaci&oacute;n para los alumnos de los Institutos de&nbsp;Formaci&oacute;n Docente que forman a profesores de Nivel Inicial y Primario.&nbsp;<\/span><\/p>\n<p><span style=\"font-family: verdana, geneva; font-size: 10pt;\">&nbsp;<img decoding=\"async\" title=\"\" src=\"https:\/\/superior-infd.mendoza.edu.ar\/sitio\/wp-content\/uploads\/2018\/08\/entreganet1.jpg\" border=\"0\" alt=\"\"><\/span><\/p>\n<p style=\"text-align: justify;\"><span style=\"font-size: 10pt;\" data-mce-mark=\"1\">En sinton&iacute;a con esta resoluci&oacute;n, la segunda quincena de setiembre comenz&oacute; en nuestra provincia la entrega de netbooks para 3&ordm; y 4&ordm; a&ntilde;o de los profesorados de Nivel Inicial y de Educaci&oacute;n Primaria.<\/span><\/p>\n<p><span style=\"font-size: 10pt;\" data-mce-mark=\"1\">Entre el 17 y 19 de setiembre recibieron sus net los IES:<\/span><\/p>\n<ul>\n<li><span style=\"font-size: 10pt;\" data-mce-mark=\"1\">9-026 de Las Heras, 136 netbooks.<\/span><\/li>\n<li><span style=\"font-size: 10pt;\" data-mce-mark=\"1\">9-010, de Eugenio Bustos, 96.<\/span><\/li>\n<li><span style=\"font-size: 10pt;\" data-mce-mark=\"1\">9-009, de Tupungato, 40,<\/span><\/li>\n<li><span style=\"font-size: 10pt;\" data-mce-mark=\"1\">9-028, de Santa Rosa, 157<\/span><\/li>\n<li><span style=\"font-size: 10pt;\" data-mce-mark=\"1\">9-006, de Rivadavia, 123.<\/span><\/li>\n<\/ul>\n<p><span style=\"font-size: 10pt;\">Adem&aacute;s, contin&uacute;an las entregas de cargas complementarias para alumnos y docentes de profesorados de ense&ntilde;anza secundaria. El IES 9-018 de Malarg&uuml;e recibi&oacute; la entrega de 63 netbooks.&nbsp;<\/span><\/p>\n<p><object width=\"600\" height=\"400\" data=\"https:\/\/photos.gstatic.com\/media\/slideshow.swf\" type=\"application\/x-shockwave-flash\"><param name=\"src\" value=\"https:\/\/photos.gstatic.com\/media\/slideshow.swf\"><param name=\"flashvars\" value=\"host=picasaweb.google.com&amp;hl=es&amp;feat=flashalbum&amp;RGB=0x000000&amp;feed=https%3A%2F%2Fpicasaweb.google.com%2Fdata%2Ffeed%2Fapi%2Fuser%2F106778818178317723604%2Falbumid%2F6060807577853505873%3Falt%3Drss%26kind%3Dphoto%26hl%3Des\"><param name=\"pluginspage\" value=\"http:\/\/www.macromedia.com\/go\/getflashplayer\"><\/object><\/p>\n<p>&nbsp;<\/p>\n<p>&nbsp;<\/p>\n<p><span><a title=\"Res. 227-CFE-14\" href=\"upload\/227-14.pdf\" target=\"_blank\"><img decoding=\"async\" loading=\"lazy\" title=\"\" src=\"https:\/\/superior-infd.mendoza.edu.ar\/sitio\/wp-content\/uploads\/2018\/08\/pdf1.jpg\" border=\"0\" alt=\"\" width=\"23\" height=\"23\">Descargar &#8211; Res. 277-CFE-2014<\/a><\/span><\/p>\n<p>&nbsp;<\/p>\n<p><span><a title=\"Res. 227-CFE-14\" href=\"upload\/227-14.pdf\" target=\"_blank\"><img decoding=\"async\" loading=\"lazy\" title=\"\" src=\"https:\/\/superior-infd.mendoza.edu.ar\/sitio\/wp-content\/uploads\/2018\/08\/pdf1.jpg\" border=\"0\" alt=\"\" width=\"23\" height=\"23\"><\/a>&nbsp;<a title=\"Anexo RES. 277-CFE-14\" href=\"upload\/227-14_01.pdf\" target=\"_blank\">Descargar &nbsp;&#8211; Anexo 1, Res. 277-CFE-2014.&nbsp;<\/a><\/span><\/p>\n<p>&nbsp;<\/p>\n<p><span>&nbsp;<\/span><\/p>\n<p>&nbsp;<\/p>\n<div>\n<div><span><a href=\"http:\/\/www.calameo.com\/books\/000227909ebf0308a8a68\" target=\"_blank\">Res. 277-CFE-14<\/a><\/span><\/div>\n<p><iframe loading=\"lazy\" frameborder=\"0\" height=\"356\" scrolling=\"no\" src=\"\/\/v.calameo.com\/?bkcode=000227909ebf0308a8a68&amp;view=book\" width=\"550\"><\/iframe><\/p>\n<div><span><a href=\"http:\/\/www.calameo.com\/\">&nbsp;<\/a><\/span><\/div>\n<div>\n<div>\n<div><span><a href=\"http:\/\/www.calameo.com\/books\/000227909114a8bf516d6\" target=\"_blank\">Res. 277-CFE-14 &#8211; Anexo<\/a><\/span><\/div>\n<p><iframe loading=\"lazy\" frameborder=\"0\" height=\"356\" scrolling=\"no\" src=\"\/\/v.calameo.com\/?bkcode=000227909114a8bf516d6&amp;mode=viewer\" width=\"550\"><\/iframe><\/div>\n<p><span>&nbsp;<\/span><\/p>\n<\/div>\n<\/div>\n<p>&nbsp;<\/p>\n<p><span style=\"font-family: verdana, geneva;\">Fuente:&nbsp;<a href=\"http:\/\/www.me.gov.ar\/consejo\/resoluciones\/cf_resoluciones.html\" target=\"_blank\">http:\/\/www.me.gov.ar\/consejo\/resoluciones\/cf_resoluciones.html<\/a><\/span><\/p>\n<p>&nbsp;<\/p><\/p>\n","protected":false},"excerpt":{"rendered":"<p>Conectar Igualdad en los Profesorados de Educaci\u00f3n Inicial y Primaria Comenz\u00f3 la entrega de net para los profesorados de Educaci\u00f3n Inicial y Primaria &nbsp; El 3 de julio fue aprobada, por el Consejo Federal de Educaci&oacute;n, la Resoluci&oacute;n 277. La misma incorpora modificaciones al Manual Operativo para la Gesti&oacute;n Institucional del&nbsp;Programa Conectar Igualdad que formaba &#8230; <a title=\"Conectar Igualdad en los Profesorados de Educaci\u00f3n Inicial y Primaria\" class=\"read-more\" href=\"https:\/\/superior-infd.mendoza.edu.ar\/sitio\/conectar-igualdad-en-los-profesorados-de-educacion-inicial-y-primaria\/\" aria-label=\"More on Conectar Igualdad en los Profesorados de Educaci\u00f3n Inicial y Primaria\">[+]<\/a><\/p>\n","protected":false},"author":1090,"featured_media":0,"comment_status":"open","ping_status":"open","sticky":false,"template":"","format":"standard","meta":[],"categories":[6,17],"tags":[],"acf":[],"_links":{"self":[{"href":"https:\/\/superior-infd.mendoza.edu.ar\/sitio\/wp-json\/wp\/v2\/posts\/12522"}],"collection":[{"href":"https:\/\/superior-infd.mendoza.edu.ar\/sitio\/wp-json\/wp\/v2\/posts"}],"about":[{"href":"https:\/\/superior-infd.mendoza.edu.ar\/sitio\/wp-json\/wp\/v2\/types\/post"}],"author":[{"embeddable":true,"href":"https:\/\/superior-infd.mendoza.edu.ar\/sitio\/wp-json\/wp\/v2\/users\/1090"}],"replies":[{"embeddable":true,"href":"https:\/\/superior-infd.mendoza.edu.ar\/sitio\/wp-json\/wp\/v2\/comments?post=12522"}],"version-history":[{"count":0,"href":"https:\/\/superior-infd.mendoza.edu.ar\/sitio\/wp-json\/wp\/v2\/posts\/12522\/revisions"}],"wp:attachment":[{"href":"https:\/\/superior-infd.mendoza.edu.ar\/sitio\/wp-json\/wp\/v2\/media?parent=12522"}],"wp:term":[{"taxonomy":"category","embeddable":true,"href":"https:\/\/superior-infd.mendoza.edu.ar\/sitio\/wp-json\/wp\/v2\/categories?post=12522"},{"taxonomy":"post_tag","embeddable":true,"href":"https:\/\/superior-infd.mendoza.edu.ar\/sitio\/wp-json\/wp\/v2\/tags?post=12522"}],"curies":[{"name":"wp","href":"https:\/\/api.w.org\/{rel}","templated":true}]}}