{"id":12453,"date":"2014-08-20T00:00:00","date_gmt":"2014-08-20T00:00:00","guid":{"rendered":"https:\/\/des-mza.infd.edu.ar\/sitio\/inclusion-digital-y-practicas-de-ensenanza\/"},"modified":"2014-08-20T00:00:00","modified_gmt":"2014-08-20T00:00:00","slug":"inclusion-digital-y-practicas-de-ensenanza","status":"publish","type":"post","link":"https:\/\/superior-infd.mendoza.edu.ar\/sitio\/inclusion-digital-y-practicas-de-ensenanza\/","title":{"rendered":"Inclusi\u00f3n digital y pr\u00e1cticas de ense\u00f1anza"},"content":{"rendered":"<p class=\"sitio_noticia_volanta\" >\n<h3>Inclusi\u00f3n digital y pr\u00e1cticas de ense\u00f1anza <\/h3>\n<p class=\"sitio_noticia_copete\" >Investigaci\u00f3n del INFD en el marco del Programa Conectar Igualdad para la formaci\u00f3n docente de Nivel Secundario<\/p>\n<hr class=\"sitio_noticia_contenido\" \/>\n<p >\n<div class=\"texto titulo_news\" style=\"text-align: justify;\"><span style=\"font-size: 10pt;\"><img decoding=\"async\" style=\"border: 0;\" title=\"Inclusion_Digital_01\" src=\"https:\/\/superior-infd.mendoza.edu.ar\/sitio\/wp-content\/uploads\/2018\/08\/Inclusion_Digital_01.jpg\" border=\"0\" alt=\"Inclusion_Digital_01\" width=\"650\"><\/span><\/p>\n<div class=\"texto titulo_news\" style=\"text-align: justify;\"><span style=\"font-size: 10pt;\">&nbsp; &nbsp;<\/span><\/div>\n<div class=\"texto titulo_news\" style=\"text-align: justify;\"><span style=\"font-size: 10pt;\">El&nbsp;&Aacute;rea de Investigaci&oacute;n del INFD ha realizado la publicaci&oacute;n del estudio&nbsp;<strong>&ldquo;Inclusi&oacute;n digital y pr&aacute;cticas de ense&ntilde;anza en el marco del Programa Conectar Igualdad para la formaci&oacute;n docente de nivel secundario&rdquo;&nbsp;<\/strong>coordinado por la Lic. Cecilia Ros.<\/span><\/div>\n<div class=\"wp_post\">\n<p><span style=\"font-size: 10pt;\" data-mce-mark=\"1\">El trabajo se inscribe en una l&iacute;nea de <strong><span style=\"color: #ff6600;\">investigaci&oacute;n y evaluaci&oacute;n sobre la inclusi&oacute;n de las&nbsp;TIC en las pr&aacute;cticas educativas de la Formaci&oacute;n Docente<\/span><\/strong>.&nbsp;<\/span><\/p>\n<p style=\"text-align: justify;\"><span style=\"font-size: 10pt;\" data-mce-mark=\"1\">En esta oportunidad, se decidi&oacute; complementar la mirada panor&aacute;mica y cuantitativa que&nbsp;arroj&oacute; la L&iacute;nea de Base con un abordaje en profundidad y de tipo cualitativo que tomara&nbsp;como objeto las pr&aacute;cticas de ense&ntilde;anza, tanto de los docentes de los ISFD como de los&nbsp;estudiantes en el contexto de sus pr&aacute;cticas de residencia. La pregunta que orient&oacute; la&nbsp;indagaci&oacute;n fue <span style=\"color: #ff6600;\"><em><strong>&iquest;C&oacute;mo se est&aacute;n incorporando las TIC y las netbook a la ense&ntilde;anza a un a&ntilde;o&nbsp;de su participaci&oacute;n en el Programa Conectar Igualdad, en un grupo de institutos de&nbsp;formaci&oacute;n docente que han mostrado iniciativas de inclusi&oacute;n de las TIC mayores que el&nbsp;resto?<\/strong><\/em><\/span><\/span><\/p>\n<p style=\"text-align: justify;\"><span style=\"font-size: 10pt;\" data-mce-mark=\"1\">El equipo de investigaci&oacute;n estuvo conformado por un grupo nacional de especialistas, junto a docentes de cinco IFD seleccionados.<\/span><\/p>\n<p style=\"text-align: justify;\"><span style=\"font-size: 10pt;\" data-mce-mark=\"1\"><strong>Por Mendoza<\/strong> participaron las profesoras <strong>Cintia Fredes, Mabel Lescano, Liliana Butti, &nbsp;y Viviana Romero<\/strong> de la <strong><a title=\"Escuela Normal Superior 9-002\" href=\"http:\/\/ens9002.mza.infd.edu.ar\/sitio\/\" target=\"_blank\">Escuela Normal Superior 9-002 Tom&aacute;s Godoy Cruz<\/a><\/strong>, enfocando la investigaci&oacute;n en el<strong> Profesorado de Matem&aacute;tica.<\/strong><\/span><\/p>\n<p style=\"text-align: justify;\"><span style=\"font-size: 10pt;\" data-mce-mark=\"1\">El objetivo central de esta experiencia fue colaborar con la consolidaci&oacute;n de la formaci&oacute;n en investigaci&oacute;n de los docentes participantes, as&iacute; como tambi&eacute;n en la producci&oacute;n de conocimientos f&eacute;rtiles para los distintos niveles del Sistema Educativo.<\/span><\/p>\n<div style=\"text-align: center;\">\n<div style=\"margin: 8px 0px 4px;\">I<a href=\"http:\/\/www.calameo.com\/books\/00022790912f439884646\" target=\"_blank\">nclusi&oacute;n digital y pr&aacute;cticas de ense&ntilde;anza en el marco del Programa Conectar Igualdad para la formaci&oacute;n docente de nivel secundario&rdquo; coordinado por la Lic. Cecilia Ros.<\/a><\/div>\n<p><iframe loading=\"lazy\" style=\"margin: 0 auto;\" frameborder=\"0\" height=\"356\" scrolling=\"no\" src=\"\/\/v.calameo.com\/?bkcode=00022790912f439884646\" width=\"550\"><\/iframe><\/p>\n<div style=\"margin: 4px 0px 8px;\"><a href=\"http:\/\/www.calameo.com\/\">Publish at Calameo<\/a> or <a href=\"http:\/\/www.calameo.com\/browse\">read more publications<\/a>.<\/div>\n<\/div>\n<p>&nbsp;<\/p>\n<p>&nbsp;<\/p>\n<p><a href=\"upload\/Inclusion_digital_y_practicas_de_ensenianza__Coord_ROS_1.pdf\" target=\"_blank\"><img decoding=\"async\" title=\"\" src=\"https:\/\/superior-infd.mendoza.edu.ar\/sitio\/wp-content\/uploads\/2018\/08\/pdf1.jpg\" border=\"0\" alt=\"\">&nbsp;<strong>&ldquo;Inclusi&oacute;n digital y pr&aacute;cticas de ense&ntilde;anza en el marco del Programa Conectar Igualdad para la formaci&oacute;n docente de nivel secundario&rdquo;&nbsp;<\/strong>coordinado por la Lic. Cecilia Ros.<\/a><\/p>\n<p><strong>fuente:<a href=\"http:\/\/red.infd.edu.ar\" target=\"_blank\">&nbsp;http:\/\/red.infd.edu.ar<\/a><\/strong><\/p>\n<p>&nbsp;<\/p>\n<\/div>\n<\/div>\n","protected":false},"excerpt":{"rendered":"<p>Inclusi\u00f3n digital y pr\u00e1cticas de ense\u00f1anza Investigaci\u00f3n del INFD en el marco del Programa Conectar Igualdad para la formaci\u00f3n docente de Nivel Secundario &nbsp; &nbsp; El&nbsp;&Aacute;rea de Investigaci&oacute;n del INFD ha realizado la publicaci&oacute;n del estudio&nbsp;&ldquo;Inclusi&oacute;n digital y pr&aacute;cticas de ense&ntilde;anza en el marco del Programa Conectar Igualdad para la formaci&oacute;n docente de nivel secundario&rdquo;&nbsp;coordinado &#8230; <a title=\"Inclusi\u00f3n digital y pr\u00e1cticas de ense\u00f1anza\" class=\"read-more\" href=\"https:\/\/superior-infd.mendoza.edu.ar\/sitio\/inclusion-digital-y-practicas-de-ensenanza\/\" aria-label=\"More on Inclusi\u00f3n digital y pr\u00e1cticas de ense\u00f1anza\">[+]<\/a><\/p>\n","protected":false},"author":1090,"featured_media":0,"comment_status":"open","ping_status":"open","sticky":false,"template":"","format":"standard","meta":[],"categories":[6,17],"tags":[],"acf":[],"_links":{"self":[{"href":"https:\/\/superior-infd.mendoza.edu.ar\/sitio\/wp-json\/wp\/v2\/posts\/12453"}],"collection":[{"href":"https:\/\/superior-infd.mendoza.edu.ar\/sitio\/wp-json\/wp\/v2\/posts"}],"about":[{"href":"https:\/\/superior-infd.mendoza.edu.ar\/sitio\/wp-json\/wp\/v2\/types\/post"}],"author":[{"embeddable":true,"href":"https:\/\/superior-infd.mendoza.edu.ar\/sitio\/wp-json\/wp\/v2\/users\/1090"}],"replies":[{"embeddable":true,"href":"https:\/\/superior-infd.mendoza.edu.ar\/sitio\/wp-json\/wp\/v2\/comments?post=12453"}],"version-history":[{"count":0,"href":"https:\/\/superior-infd.mendoza.edu.ar\/sitio\/wp-json\/wp\/v2\/posts\/12453\/revisions"}],"wp:attachment":[{"href":"https:\/\/superior-infd.mendoza.edu.ar\/sitio\/wp-json\/wp\/v2\/media?parent=12453"}],"wp:term":[{"taxonomy":"category","embeddable":true,"href":"https:\/\/superior-infd.mendoza.edu.ar\/sitio\/wp-json\/wp\/v2\/categories?post=12453"},{"taxonomy":"post_tag","embeddable":true,"href":"https:\/\/superior-infd.mendoza.edu.ar\/sitio\/wp-json\/wp\/v2\/tags?post=12453"}],"curies":[{"name":"wp","href":"https:\/\/api.w.org\/{rel}","templated":true}]}}