{"id":12345,"date":"2014-06-17T00:00:00","date_gmt":"2014-06-17T00:00:00","guid":{"rendered":"https:\/\/des-mza.infd.edu.ar\/sitio\/que-es-la-evaluacion-de-proyectos-de-inclusion-de-las-tic-en-educacion\/"},"modified":"2014-06-17T00:00:00","modified_gmt":"2014-06-17T00:00:00","slug":"que-es-la-evaluacion-de-proyectos-de-inclusion-de-las-tic-en-educacion","status":"publish","type":"post","link":"https:\/\/superior-infd.mendoza.edu.ar\/sitio\/que-es-la-evaluacion-de-proyectos-de-inclusion-de-las-tic-en-educacion\/","title":{"rendered":"\u00bfQu\u00e9 es la evaluaci\u00f3n de proyectos de inclusi\u00f3n de las TIC en educaci\u00f3n?"},"content":{"rendered":"<p class=\"sitio_noticia_volanta\" >\n<h3>\u00bfQu\u00e9 es la evaluaci\u00f3n de proyectos de inclusi\u00f3n de las TIC en educaci\u00f3n?<\/h3>\n<p class=\"sitio_noticia_copete\" >\n<hr class=\"sitio_noticia_contenido\" \/>\n<p >\n<div class=\"balloon\">\n<h3><img decoding=\"async\" loading=\"lazy\" style=\"float: right; margin: 6px;\" src=\"https:\/\/ci3.googleusercontent.com\/proxy\/sfQPQtosYIkXCe5cn_4_vQTV9caNkVSkLUvSlvTCWJrWaUX_vB6CTFgQF92KJIw3DzdpjchRkszECBCS3dotzA6al8xo3eBc2qZrqZCYJJHheqioUsjzWC4kOWqwMkJW6FJA6ALVioE=s0-d-e1-ft#http:\/\/www.ibertic.org\/novedades\/local\/cache-vignettes\/L150xH87\/arton422-7b69b.jpg\" border=\"0\" width=\"150\" height=\"87\"><span style=\"font-size: 10pt;\">El &aacute;rea de Evaluaci&oacute;n de IBERTIC ofrece a la comunidad educativa un conjunto de herramientas para el desarrollo de estrategias innovadoras de evaluaci&oacute;n que informen sobre los avances y los resultados obtenidos en los procesos de integraci&oacute;n de las TIC en el &aacute;mbito educativo.<\/span><\/h3>\n<p class=\"large_text\"><span style=\"font-size: 10pt;\">Equipos de supervisi&oacute;n, conducci&oacute;n y docentes disponen de instrumentos y desarrollos metodol&oacute;gicos que brindan asistencia t&eacute;cnica en la auto-evaluaci&oacute;n de programas y proyectos que incorporan las TIC en las escuelas. Este material ha sido dise&ntilde;ado especialmente para ayudarlos a comprender mejor, desde cada una de sus funciones, el grado de avance que la instituci&oacute;n ha logrado en la apropiaci&oacute;n pedag&oacute;gica de las TIC y a partir de ello definir qu&eacute; estrategias de trabajo desarrollar.<\/span><\/p>\n<h2><span style=\"font-size: 10pt; color: #339966;\">&iquest;Qu&eacute; hacemos?<\/span><\/h2>\n<p class=\"large_text\"><span style=\"font-size: 10pt;\">IBERTIC\/Evaluaci&oacute;n es una iniciativa de la OEI que pone a disposici&oacute;n de la comunidad educativa un conjunto de herramientas que facilitan y acompa&ntilde;an el seguimiento y la evaluaci&oacute;n de proyectos orientados a la incorporaci&oacute;n de las TIC en el &aacute;mbito educativo.<\/span><\/p>\n<div class=\"span4 alpha\">\n<ul class=\"ic-balloon\">\n<li><span style=\"font-size: 10pt;\"><strong>&iquest;Qu&eacute; es un proyecto de incorporaci&oacute;n de TIC en el &aacute;mbito educativo?<\/strong><\/span><\/li>\n<li><span style=\"font-size: 10pt;\"><strong>&iquest;Qu&eacute; supone la evaluaci&oacute;n de un proyecto de incorporaci&oacute;n de las TIC?<\/strong><\/span><\/li>\n<li><span style=\"font-size: 10pt;\"><strong>&iquest;Qu&eacute; aspectos se valoran en un proyecto de integraci&oacute;n de las TIC en la escuela?<\/strong><\/span><\/li>\n<\/ul>\n<\/div>\n<div class=\"span4 omega\">\n<ul class=\"ic-balloon\">\n<li><span style=\"font-size: 10pt;\"><strong>&iquest;Qui&eacute;nes eval&uacute;an?<\/strong><\/span><\/li>\n<li><span style=\"font-size: 10pt;\"><strong>&iquest;Para qu&eacute; se eval&uacute;a?<\/strong><\/span><\/li>\n<li><span style=\"font-size: 10pt;\"><strong>&iquest;C&oacute;mo se eval&uacute;a?<\/strong><\/span><\/li>\n<li><span style=\"font-size: 10pt;\"><strong>&iquest;Cu&aacute;les son las dimensiones de an&aacute;lisis?<\/strong><\/span><\/li>\n<\/ul>\n<p style=\"text-align: center;\"><span style=\"font-size: 10pt;\"><strong><a title=\"Ver m&aacute;s\" href=\"http:\/\/www.ibertic.org\/evaluacion\/biblioteca\/eje\/5\/evaluacion_tic\" target=\"_blank\"><img decoding=\"async\" loading=\"lazy\" style=\"vertical-align: middle;\" src=\"http:\/\/www.ibertic.org\/evaluacion\/sites\/all\/themes\/ibertic\/img\/lg_ibertic_small.png\" border=\"0\" width=\"47\" height=\"44\">&nbsp;Ver m&aacute;s<\/a><\/strong><\/span><\/p>\n<p>&nbsp;<\/p>\n<\/div>\n<\/div>\n","protected":false},"excerpt":{"rendered":"<p>\u00bfQu\u00e9 es la evaluaci\u00f3n de proyectos de inclusi\u00f3n de las TIC en educaci\u00f3n? El &aacute;rea de Evaluaci&oacute;n de IBERTIC ofrece a la comunidad educativa un conjunto de herramientas para el desarrollo de estrategias innovadoras de evaluaci&oacute;n que informen sobre los avances y los resultados obtenidos en los procesos de integraci&oacute;n de las TIC en el &#8230; <a title=\"\u00bfQu\u00e9 es la evaluaci\u00f3n de proyectos de inclusi\u00f3n de las TIC en educaci\u00f3n?\" class=\"read-more\" href=\"https:\/\/superior-infd.mendoza.edu.ar\/sitio\/que-es-la-evaluacion-de-proyectos-de-inclusion-de-las-tic-en-educacion\/\" aria-label=\"More on \u00bfQu\u00e9 es la evaluaci\u00f3n de proyectos de inclusi\u00f3n de las TIC en educaci\u00f3n?\">[+]<\/a><\/p>\n","protected":false},"author":1090,"featured_media":0,"comment_status":"open","ping_status":"open","sticky":false,"template":"","format":"standard","meta":[],"categories":[6,17],"tags":[],"acf":[],"_links":{"self":[{"href":"https:\/\/superior-infd.mendoza.edu.ar\/sitio\/wp-json\/wp\/v2\/posts\/12345"}],"collection":[{"href":"https:\/\/superior-infd.mendoza.edu.ar\/sitio\/wp-json\/wp\/v2\/posts"}],"about":[{"href":"https:\/\/superior-infd.mendoza.edu.ar\/sitio\/wp-json\/wp\/v2\/types\/post"}],"author":[{"embeddable":true,"href":"https:\/\/superior-infd.mendoza.edu.ar\/sitio\/wp-json\/wp\/v2\/users\/1090"}],"replies":[{"embeddable":true,"href":"https:\/\/superior-infd.mendoza.edu.ar\/sitio\/wp-json\/wp\/v2\/comments?post=12345"}],"version-history":[{"count":0,"href":"https:\/\/superior-infd.mendoza.edu.ar\/sitio\/wp-json\/wp\/v2\/posts\/12345\/revisions"}],"wp:attachment":[{"href":"https:\/\/superior-infd.mendoza.edu.ar\/sitio\/wp-json\/wp\/v2\/media?parent=12345"}],"wp:term":[{"taxonomy":"category","embeddable":true,"href":"https:\/\/superior-infd.mendoza.edu.ar\/sitio\/wp-json\/wp\/v2\/categories?post=12345"},{"taxonomy":"post_tag","embeddable":true,"href":"https:\/\/superior-infd.mendoza.edu.ar\/sitio\/wp-json\/wp\/v2\/tags?post=12345"}],"curies":[{"name":"wp","href":"https:\/\/api.w.org\/{rel}","templated":true}]}}