{"id":12332,"date":"2014-06-13T00:00:00","date_gmt":"2014-06-13T00:00:00","guid":{"rendered":"https:\/\/des-mza.infd.edu.ar\/sitio\/publicacion-unesco-documento-de-posicion-sobre-la-educacion-despues-de-2015\/"},"modified":"2014-06-13T00:00:00","modified_gmt":"2014-06-13T00:00:00","slug":"publicacion-unesco-documento-de-posicion-sobre-la-educacion-despues-de-2015","status":"publish","type":"post","link":"https:\/\/superior-infd.mendoza.edu.ar\/sitio\/publicacion-unesco-documento-de-posicion-sobre-la-educacion-despues-de-2015\/","title":{"rendered":"Publicaci\u00f3n UNESCO: Documento de posici\u00f3n sobre la educaci\u00f3n despu\u00e9s de 2015"},"content":{"rendered":"<p class=\"sitio_noticia_volanta\" >\n<h3>Publicaci\u00f3n UNESCO: Documento de posici\u00f3n sobre la educaci\u00f3n despu\u00e9s de 2015<\/h3>\n<p class=\"sitio_noticia_copete\" >\n<hr class=\"sitio_noticia_contenido\" \/>\n<p >\n<div class=\"pane-content content\">\n<div id=\"node-989\" class=\"node node-contenido odd full-node clearfix\">\n<div class=\"content\">\n<div class=\"field field-name-field-imagen field-type-image field-label-hidden\">\n<div class=\"field-items\">\n<div class=\"field-item even\"><img decoding=\"async\" loading=\"lazy\" style=\"border: 0; float: left; margin: 3px;\" src=\"http:\/\/www.buenosaires.iipe.unesco.org\/sites\/default\/files\/styles\/imagen_contenido\/public\/documento%20posicion%20sobre%20la%20educac%20des%202015.JPG?itok=tTG6czo5\" border=\"0\" width=\"250\" height=\"187\"><\/div>\n<\/div>\n<\/div>\n<div class=\"field field-name-body field-type-text-with-summary field-label-hidden\">\n<div class=\"field-items\">\n<div class=\"field-item even\">\n<p style=\"text-align: justify;\"><span style=\"font-size: 10pt; font-family: verdana, geneva;\">En este documento de posici&oacute;n de la UNESCO, se toman en consideraci&oacute;n las tendencias incipientes y el desarrollo y los retos socioecon&oacute;micos m&aacute;s amplios que afectan por igual a los pa&iacute;ses desarrollados y en desarrollo en&nbsp;un mundo globalizado e interconectado, y sus consecuencias para la educaci&oacute;n. Entre estas tendencias y&nbsp;retos figuran el r&aacute;pido crecimiento econ&oacute;mico de algunos pa&iacute;ses y la transformaci&oacute;n de los mercados&nbsp;laborales, las variaciones en la situaci&oacute;n geopol&iacute;tica, los avances tecnol&oacute;gicos, los cambios demogr&aacute;ficos y&nbsp;la creciente urbanizaci&oacute;n, y el mayor del consumo de energ&iacute;a que conlleva un incremento de la presi&oacute;n&nbsp;sobre los recursos naturales, todo ello en un contexto de aumento del desempleo, en particular entre los&nbsp;j&oacute;venes&nbsp;y de creciente desigualdad.<\/span><\/p>\n<p><span style=\"font-size: 10pt; font-family: verdana, geneva;\"><a title=\"UNESCO posici&oacute;n sobre la educaci&oacute;n despu&eacute;s del 2015\" href=\"upload\/posici%F3n_sobre_la_educacion_despues_del_2015.pdf.crdownload\" target=\"_blank\"><img decoding=\"async\" loading=\"lazy\" title=\"\" src=\"https:\/\/superior-infd.mendoza.edu.ar\/sitio\/wp-content\/uploads\/2018\/08\/pdf1.jpg\" border=\"0\" alt=\"\" width=\"27\" height=\"27\">Descargue la publicaci&oacute;n en el siguiente&nbsp;enlace<\/a><\/span><\/p>\n<p>&nbsp;<\/p>\n<div style=\"text-align: center;\">\n<div style=\"margin: 8px 0px 4px;\"><a href=\"http:\/\/www.calameo.com\/books\/00022790946c13235e3d3\" target=\"_blank\">Publicaci&oacute;n UNESCO: Documento de posici&oacute;n sobre la educaci&oacute;n despu&eacute;s de 2015<\/a><\/div>\n<p><iframe loading=\"lazy\" style=\"margin: 0 auto;\" frameborder=\"0\" height=\"356\" scrolling=\"no\" src=\"\/\/v.calameo.com\/?bkcode=00022790946c13235e3d3\" width=\"550\"><\/iframe><\/p>\n<div style=\"margin: 4px 0px 8px;\"><a href=\"http:\/\/www.calameo.com\/\">Publish at Calameo<\/a> or <a href=\"http:\/\/www.calameo.com\/browse\">read more publications<\/a>.<\/div>\n<\/div>\n<p>&nbsp;<\/p>\n<\/div>\n<\/div>\n<\/div>\n<\/div>\n<\/div>\n<\/div>\n","protected":false},"excerpt":{"rendered":"<p>Publicaci\u00f3n UNESCO: Documento de posici\u00f3n sobre la educaci\u00f3n despu\u00e9s de 2015 En este documento de posici&oacute;n de la UNESCO, se toman en consideraci&oacute;n las tendencias incipientes y el desarrollo y los retos socioecon&oacute;micos m&aacute;s amplios que afectan por igual a los pa&iacute;ses desarrollados y en desarrollo en&nbsp;un mundo globalizado e interconectado, y sus consecuencias para &#8230; <a title=\"Publicaci\u00f3n UNESCO: Documento de posici\u00f3n sobre la educaci\u00f3n despu\u00e9s de 2015\" class=\"read-more\" href=\"https:\/\/superior-infd.mendoza.edu.ar\/sitio\/publicacion-unesco-documento-de-posicion-sobre-la-educacion-despues-de-2015\/\" aria-label=\"More on Publicaci\u00f3n UNESCO: Documento de posici\u00f3n sobre la educaci\u00f3n despu\u00e9s de 2015\">[+]<\/a><\/p>\n","protected":false},"author":1090,"featured_media":0,"comment_status":"open","ping_status":"open","sticky":false,"template":"","format":"standard","meta":[],"categories":[19,6],"tags":[],"acf":[],"_links":{"self":[{"href":"https:\/\/superior-infd.mendoza.edu.ar\/sitio\/wp-json\/wp\/v2\/posts\/12332"}],"collection":[{"href":"https:\/\/superior-infd.mendoza.edu.ar\/sitio\/wp-json\/wp\/v2\/posts"}],"about":[{"href":"https:\/\/superior-infd.mendoza.edu.ar\/sitio\/wp-json\/wp\/v2\/types\/post"}],"author":[{"embeddable":true,"href":"https:\/\/superior-infd.mendoza.edu.ar\/sitio\/wp-json\/wp\/v2\/users\/1090"}],"replies":[{"embeddable":true,"href":"https:\/\/superior-infd.mendoza.edu.ar\/sitio\/wp-json\/wp\/v2\/comments?post=12332"}],"version-history":[{"count":0,"href":"https:\/\/superior-infd.mendoza.edu.ar\/sitio\/wp-json\/wp\/v2\/posts\/12332\/revisions"}],"wp:attachment":[{"href":"https:\/\/superior-infd.mendoza.edu.ar\/sitio\/wp-json\/wp\/v2\/media?parent=12332"}],"wp:term":[{"taxonomy":"category","embeddable":true,"href":"https:\/\/superior-infd.mendoza.edu.ar\/sitio\/wp-json\/wp\/v2\/categories?post=12332"},{"taxonomy":"post_tag","embeddable":true,"href":"https:\/\/superior-infd.mendoza.edu.ar\/sitio\/wp-json\/wp\/v2\/tags?post=12332"}],"curies":[{"name":"wp","href":"https:\/\/api.w.org\/{rel}","templated":true}]}}