{"id":12326,"date":"2014-06-13T00:00:00","date_gmt":"2014-06-13T00:00:00","guid":{"rendered":"https:\/\/des-mza.infd.edu.ar\/sitio\/inmersion-en-un-idioma-2\/"},"modified":"2014-06-13T00:00:00","modified_gmt":"2014-06-13T00:00:00","slug":"inmersion-en-un-idioma-2","status":"publish","type":"post","link":"https:\/\/superior-infd.mendoza.edu.ar\/sitio\/inmersion-en-un-idioma-2\/","title":{"rendered":"Inmersi\u00f3n en un idioma"},"content":{"rendered":"<p class=\"sitio_noticia_volanta\" >\n<h3>Inmersi\u00f3n en un idioma<\/h3>\n<p class=\"sitio_noticia_copete\" >3 d\u00edas y 2 noches en Malarg\u00fce con actividades -todas de car\u00e1cter l\u00fadicas, recreativas, sociales y cotidianas para lograr la m\u00e1xima fluidez y confianza posible para la comunicaci\u00f3n oral en ingl\u00e9s en breve tiempo.<\/p>\n<hr class=\"sitio_noticia_contenido\" \/>\n<p >\n<p><strong><span style=\"font-size: 10pt; font-family: verdana, geneva; color: #ff0000;\">INMERSI&Oacute;N EN MALARG&Uuml;E: FORMACI&Oacute;N EN LENGUAS EXTRANJERAS<\/span><\/strong><\/p>\n<p><img decoding=\"async\" style=\"border: 0; float: right;\" title=\"\" src=\"https:\/\/superior-infd.mendoza.edu.ar\/sitio\/wp-content\/uploads\/2018\/08\/original_marca_intercultural.jpg\" border=\"0\" width=\"150\"><br \/><span style=\"font-size: 10pt; font-family: verdana, geneva;\">Instituto Intercultural invita a docentes y alumnos a sumarse a una propuesta diferente en Mendoza para &nbsp;aprender ingl&eacute;s. Se trata del Programa de inmersi&oacute;n en un idioma que se llevar&aacute; a cabo del 27 al 29 de junio en la localidad de Mlarg&uuml;e, Mendoza.<\/span><\/p>\n<p><span style=\"font-size: 10pt; font-family: verdana, geneva;\">El objetivo es olvidarse durante ese fin de semana de la lengua materna para comunicarse s&oacute;lo en ingl&eacute;s en un&nbsp;entorno natural inigualable y lejos del stress cotidiano. Se propondr&aacute;n actividades l&uacute;dicas y cotidianas para lograr la m&aacute;xima fluidez y confianza posible durante los 3 d&iacute;as de inmersi&oacute;n.<\/span><\/p>\n<p><strong><span style=\"font-size: 10pt; font-family: verdana, geneva; color: #ff0000;\">M&Aacute;S INFORMACI&Oacute;N:<\/span><\/strong><br \/><span style=\"font-size: 10pt; font-family: verdana, geneva;\">Intercultural &#8211; Lenguas Extranjeras &#8211; Espa&ntilde;ol<\/span><br \/><span style=\"font-size: 10pt; font-family: verdana, geneva;\">Rep&uacute;blica de Siria 241 &#8211; Mendoza &ndash; Argentina<\/span><br \/><span style=\"font-size: 10pt; font-family: verdana, geneva;\">Tel:(+54) 261 4290269 <\/span><br \/><span style=\"font-size: 10pt; font-family: verdana, geneva;\">www.intercultural.com.ar | portugues@intercultural.com.ar<\/span><br \/><span style=\"font-size: 10pt; font-family: verdana, geneva;\">Facebook.com\/intercultural.lenguas<\/span><\/p>\n<p>&nbsp;<\/p><\/p>\n","protected":false},"excerpt":{"rendered":"<p>Inmersi\u00f3n en un idioma 3 d\u00edas y 2 noches en Malarg\u00fce con actividades -todas de car\u00e1cter l\u00fadicas, recreativas, sociales y cotidianas para lograr la m\u00e1xima fluidez y confianza posible para la comunicaci\u00f3n oral en ingl\u00e9s en breve tiempo. INMERSI&Oacute;N EN MALARG&Uuml;E: FORMACI&Oacute;N EN LENGUAS EXTRANJERAS Instituto Intercultural invita a docentes y alumnos a sumarse a &#8230; <a title=\"Inmersi\u00f3n en un idioma\" class=\"read-more\" href=\"https:\/\/superior-infd.mendoza.edu.ar\/sitio\/inmersion-en-un-idioma-2\/\" aria-label=\"More on Inmersi\u00f3n en un idioma\">[+]<\/a><\/p>\n","protected":false},"author":1090,"featured_media":0,"comment_status":"open","ping_status":"open","sticky":false,"template":"","format":"standard","meta":[],"categories":[12,6],"tags":[],"acf":[],"_links":{"self":[{"href":"https:\/\/superior-infd.mendoza.edu.ar\/sitio\/wp-json\/wp\/v2\/posts\/12326"}],"collection":[{"href":"https:\/\/superior-infd.mendoza.edu.ar\/sitio\/wp-json\/wp\/v2\/posts"}],"about":[{"href":"https:\/\/superior-infd.mendoza.edu.ar\/sitio\/wp-json\/wp\/v2\/types\/post"}],"author":[{"embeddable":true,"href":"https:\/\/superior-infd.mendoza.edu.ar\/sitio\/wp-json\/wp\/v2\/users\/1090"}],"replies":[{"embeddable":true,"href":"https:\/\/superior-infd.mendoza.edu.ar\/sitio\/wp-json\/wp\/v2\/comments?post=12326"}],"version-history":[{"count":0,"href":"https:\/\/superior-infd.mendoza.edu.ar\/sitio\/wp-json\/wp\/v2\/posts\/12326\/revisions"}],"wp:attachment":[{"href":"https:\/\/superior-infd.mendoza.edu.ar\/sitio\/wp-json\/wp\/v2\/media?parent=12326"}],"wp:term":[{"taxonomy":"category","embeddable":true,"href":"https:\/\/superior-infd.mendoza.edu.ar\/sitio\/wp-json\/wp\/v2\/categories?post=12326"},{"taxonomy":"post_tag","embeddable":true,"href":"https:\/\/superior-infd.mendoza.edu.ar\/sitio\/wp-json\/wp\/v2\/tags?post=12326"}],"curies":[{"name":"wp","href":"https:\/\/api.w.org\/{rel}","templated":true}]}}