{"id":12322,"date":"2014-06-13T00:00:00","date_gmt":"2014-06-13T00:00:00","guid":{"rendered":"https:\/\/des-mza.infd.edu.ar\/sitio\/postituloeduticmza\/"},"modified":"2014-06-13T00:00:00","modified_gmt":"2014-06-13T00:00:00","slug":"postituloeduticmza","status":"publish","type":"post","link":"https:\/\/superior-infd.mendoza.edu.ar\/sitio\/postituloeduticmza\/","title":{"rendered":"#PostituloEduTICMza"},"content":{"rendered":"<p class=\"sitio_noticia_volanta\" >\n<h3>#PostituloEduTICMza <\/h3>\n<p class=\"sitio_noticia_copete\" >Post\u00edtulo Educaci\u00f3n Primaria y TIC del Ministerio de Educaci\u00f3n de la Naci\u00f3n. Inscripciones del 16 de junio al el 6 de julio.<\/p>\n<hr class=\"sitio_noticia_contenido\" \/>\n<p >\n<p><span style=\"font-size: 10pt; font-family: verdana, geneva; color: #000000;\">Este lunes <strong><span style=\"font-size: 10pt; font-family: verdana, geneva; color: #000000;\">16 de junio<\/span><\/strong> comienza la <strong><span style=\"font-size: 10pt; font-family: verdana, geneva; color: #000000;\">inscripci&oacute;n<\/span> <\/strong>para ser parte de la <strong><span style=\"font-size: 10pt; font-family: verdana, geneva; color: #000000;\">Especializaci&oacute;n Docente de Nivel Superior en Educaci&oacute;n Primaria y TIC<\/span><\/strong>.&nbsp;<\/span><\/p>\n<p><span style=\"font-size: 10pt; font-family: verdana, geneva; color: #000000;\" data-mce-mark=\"1\">En nuestra provincia hay siete Institutos de Formaci&oacute;n Docente, ubicados en todas las regiones provinciales, que ser&aacute;n sede para las instancias presenciales.<\/span><\/p>\n<p><iframe loading=\"lazy\" frameborder=\"0\" height=\"360\" src=\"\/\/www.youtube.com\/embed\/8ZeQlqB8Mqs?rel=0&amp;wmode=transparent\" width=\"640\"><\/iframe><\/p>\n<p>&nbsp;<\/p>\n<p class=\"Normal1\" style=\"text-align: justify;\"><span style=\"font-size: 10pt; font-family: verdana, geneva;\"><strong>Esta propuesta formativa se enmarca en el Programa Nacional de Formaci&oacute;n Permanente <a href=\"upload\/201-13.pdf\">(Resoluci&oacute;n CFE 201\/13)<\/a> Componente Dos (por destinatario espec&iacute;fico). <\/strong><\/span><\/p>\n<p class=\"Normal1\" style=\"text-align: left;\"><span style=\"font-size: 10pt; font-family: verdana, geneva;\"><strong>Se propone brindar a los docentes en ejercicio una formaci&oacute;n post-inicial coherente, estructurada y que apunte a optimizar el desempe&ntilde;o docente para el mejoramiento de la calidad educativa.<\/strong><\/span><\/p>\n<p class=\"Normal1\"><span style=\"font-size: 10pt; font-family: verdana, geneva;\">&nbsp;<\/span><\/p>\n<p><span style=\"font-size: 10pt; font-family: verdana, geneva;\"><span style=\"color: #3366ff;\"><strong>Preinscripci&oacute;n:<\/strong> entre el 16 de junio y el 6 de julio de 2014&nbsp; (virtual &#8211; a trav&eacute;s de <a title=\"Ingresar a p&aacute;gina de la Especializaci&oacute;n\" href=\"http:\/\/postituloprimariatic.educacion.gov.ar\/\" target=\"_blank\"><span style=\"color: #3366ff;\">su p&aacute;gina web<\/span><\/a>)<\/span><\/span><\/p>\n<p style=\"text-align: center;\"><span style=\"font-size: 10pt; font-family: verdana, geneva;\">&nbsp;<\/span><\/p>\n<p style=\"text-align: center;\"><span style=\"font-size: 12pt; font-family: verdana, geneva;\"><strong><a title=\"Ingresar a especializaci&oacute;n\" href=\"http:\/\/postituloprimariatic.educacion.gov.ar\/\" target=\"_blank\">http:\/\/postituloprimariatic.educacion.gov.ar\/<\/a><\/strong><\/span><\/p>\n<p><span style=\"font-size: 10pt; font-family: verdana, geneva;\">&nbsp;<\/span><\/p>\n<p><span style=\"font-size: 10pt; font-family: verdana, geneva;\"><strong><span style=\"color: #3366ff;\">Inicio de cursado:<\/span><\/strong> 5 de agosto<\/span><\/p>\n<p><span style=\"font-size: 10pt; font-family: verdana, geneva;\"><strong style=\"color: #ff6600; font-family: verdana, geneva; font-size: 10pt;\">Es una propuesta gratuita y semipresencial. Con Validez Nacional.<\/strong><\/span><\/p>\n<p>&nbsp;<\/p>\n<p><span style=\"font-size: 10pt; font-family: verdana, geneva; color: #ff9900;\"><strong>Caracter&iacute;sticas de la propuesta curricular<\/strong><\/span><\/p>\n<p><span style=\"font-size: 10pt; font-family: verdana, geneva;\">En funci&oacute;n del desempe&ntilde;o laboral de los destinatarios, existen 2 especializaciones con planes de estudio diferenciados:<\/span><\/p>\n<ul>\n<li><span style=\"font-size: 10pt; font-family: verdana, geneva;\"><strong>Especializaci&oacute;n Docente de Nivel Superior en Educaci&oacute;n Primaria y TIC<\/strong><\/span><\/li>\n<li><span style=\"font-size: 10pt; font-family: verdana, geneva;\"><strong>Especializaci&oacute;n Docente de Nivel Superior en Educaci&oacute;n Primaria y TIC para docentes formadores del nivel<\/strong><\/span><\/li>\n<\/ul>\n<p><span style=\"font-size: 10pt; font-family: verdana, geneva;\"><strong>Cada carrera est&aacute; organizada en un m&oacute;dulo, siete materias y un seminario final.<\/strong><\/span><\/p>\n<p class=\"Normal1\"><span style=\"font-size: 10pt; font-family: verdana, geneva;\">&nbsp;<\/span><\/p>\n<p class=\"Normal1\"><span style=\"font-size: 10pt; font-family: verdana, geneva; color: #ff9900;\"><strong>T&iacute;tulos a otorgar <\/strong><\/span><\/p>\n<ol>\n<li><span style=\"font-size: 10pt; font-family: verdana, geneva;\">Especialista Docente de Nivel Superior en Educaci&oacute;n Primaria y TIC<\/span><\/li>\n<li><span style=\"font-size: 10pt; font-family: verdana, geneva;\">Especialista Docente de Nivel Superior en Educaci&oacute;n Primaria y TIC para docentes formadores del nivel<\/span><\/li>\n<\/ol>\n<p><span style=\"font-family: verdana, geneva; font-size: small;\">&nbsp;<\/span><\/p>\n<p class=\"Normal1\"><span style=\"font-size: 10pt; font-family: verdana, geneva;\"><strong style=\"color: #ff9900; font-family: verdana, geneva; font-size: 10pt;\">Destinatarios:<\/strong><\/span><\/p>\n<ul>\n<li><span style=\"text-decoration: underline;\"><span style=\"font-size: 10pt; font-family: verdana, geneva;\"><strong>Especializaci&oacute;n Docente de Nivel Superior en Educaci&oacute;n Primaria y TIC&nbsp;<\/strong><\/span><\/span><\/li>\n<\/ul>\n<p class=\"Normal1\"><span style=\"font-size: 10pt; font-family: verdana, geneva;\">Est&aacute; destinada a personas que posean t&iacute;tulo de <strong>Profesor\/a de Educaci&oacute;n Primaria<\/strong> o t&iacute;tulos equivalentes correspondientes a planes de estudios anteriores y que est&eacute;n:<\/span><\/p>\n<ul>\n<li><span style=\"font-size: 10pt; font-family: verdana, geneva;\">actualmente <strong>en ejercicio como maestros de grado<\/strong> a cargo de alguna\/s de las cuatro &aacute;reas b&aacute;sicas (lengua, matem&aacute;tica, ciencias naturales o ciencias sociales) en establecimientos del sistema educativo argentino;<\/span><\/li>\n<li><span style=\"font-size: 10pt; font-family: verdana, geneva;\">o actualmente <strong>en ejercicio en roles formales vinculados a la integraci&oacute;n de las TIC<\/strong> en el nivel primario del sistema educativo argentino;<\/span><\/li>\n<li><span style=\"font-size: 10pt; font-family: verdana, geneva;\">o<strong> inscriptos<\/strong> para conformar las listas de orden de m&eacute;rito <strong>para el acceso a la docencia para el cargo de maestro de grado<\/strong> en el Nivel Primario del sistema educativo argentino.<\/span><\/li>\n<\/ul>\n<p><span style=\"font-size: 10pt; font-family: verdana, geneva;\">&nbsp;<\/span><\/p>\n<ul>\n<li><span style=\"text-decoration: underline;\"><span style=\"font-size: 10pt; font-family: verdana, geneva;\"><strong>Especializaci&oacute;n Docente de Nivel Superior en Educaci&oacute;n Primaria y TIC para docentes &nbsp;formadores del nivel<\/strong><\/span><\/span><\/li>\n<\/ul>\n<p style=\"text-align: justify;\"><span style=\"font-size: 10pt; font-family: verdana, geneva;\">Est&aacute; destinada a personas que posean t&iacute;tulo de Profesor\/as o t&iacute;tulos equivalentes correspondientes a carreras de formaci&oacute;n docente inicial o de grado y que se encuentren en ejercicio en la&nbsp;<strong>formaci&oacute;n de docentes para el Nivel Primario<\/strong>&nbsp;del sistema educativo argentino.<\/span><\/p>\n<p style=\"text-align: justify;\"><span style=\"font-size: 10pt; font-family: verdana, geneva;\">&nbsp;<\/span><\/p>\n<p class=\"Normal1\"><span style=\"font-size: 10pt; font-family: verdana, geneva; color: #ff9900;\"><strong>IMPORTANTE<\/strong><\/span><\/p>\n<div>\n<p class=\"Normal1\"><span style=\"font-size: 10pt; font-family: verdana, geneva;\">Esta primera cohorte no est&aacute; destinada a maestros de m&uacute;sica, educaci&oacute;n f&iacute;sica, educaci&oacute;n pl&aacute;stica, lenguas extranjeras, tecnolog&iacute;a, teatro, maestros integradores de Educaci&oacute;n Especial, bibliotecarios, estudiantes de formaci&oacute;n docente, integrantes de los equipos directivos, de supervisi&oacute;n, t&eacute;cnicos ministeriales u otro rol que no sea exclusivamente los destinatarios indicados.<\/span><\/p>\n<\/div>\n<p class=\"Normal1\"><span style=\"font-size: 10pt; font-family: verdana, geneva;\"><strong style=\"font-family: verdana, geneva; font-size: 10pt;\"><span style=\"color: #ff9900;\">Duraci&oacute;n<\/span>:<\/strong> La duraci&oacute;n de cada carrera ser&aacute; de 400 horas reloj. Se podr&aacute;n cursar como m&iacute;nimo en cuatro (4) cuatrimestres.<\/span><\/p>\n<p class=\"Normal1\"><span style=\"font-size: 10pt; font-family: verdana, geneva;\"><span style=\"color: #ff9900;\"><strong>Modalidad de cursado<\/strong><\/span><strong><span style=\"color: #ff9900;\">:<\/span> <\/strong>semi-presencial<\/span><\/p>\n<ul>\n<li><span style=\"font-size: 10pt; font-family: verdana, geneva; color: #ff9900;\"><strong>Instancias virtuales<\/strong><\/span><\/li>\n<\/ul>\n<p class=\"Normal1\"><span style=\"font-size: 10pt; font-family: verdana, geneva;\">Las actividades virtuales desarrolladas por los alumnos consisten en la lectura de los espacios curriculares y bibliograf&iacute;a, actividades de producci&oacute;n de textos y materiales en diversos formatos, interacci&oacute;n con pares y profesores en el campus virtual.<\/span><\/p>\n<ul>\n<li><span style=\"font-size: 10pt; font-family: verdana, geneva; color: #ff9900;\"><strong>Instancias presenciales<\/strong><\/span><\/li>\n<\/ul>\n<p class=\"Normal1\"><span style=\"font-size: 10pt; font-family: verdana, geneva;\">Las actividades presenciales consisten en encuentros con la modalidad de talleres o espacios de evaluaci&oacute;n a cargo de los tutores y trabajos de campo que consistir&aacute;n en la implementaci&oacute;n de proyectos en el aula donde se desempe&ntilde;an.<\/span><\/p>\n<p>&nbsp;<\/p>\n<p><span style=\"font-size: 10pt; font-family: verdana, geneva; color: #ff9900;\"><strong>Objetivos:<\/strong><\/span><\/p>\n<p class=\"Normal1\"><span style=\"font-size: 10pt; font-family: verdana, geneva;\">Que los docentes:<\/span><\/p>\n<ul>\n<li><span style=\"font-size: 10pt; font-family: verdana, geneva;\">se apropien de las herramientas digitales a partir de su uso,<\/span><\/li>\n<li><span style=\"font-size: 10pt; font-family: verdana, geneva;\">desarrollen una cultura de trabajo con TIC,<\/span><\/li>\n<li><span style=\"font-size: 10pt; font-family: verdana, geneva;\">descubran los beneficios de trabajar en red, compartir y publicar experiencias que constituyan un capital com&uacute;n para el sistema educativo.<\/span><\/li>\n<li><span style=\"font-size: 10pt; font-family: verdana, geneva;\">apliquen en su pr&aacute;ctica diaria los conocimientos adquiridos durante la Especializaci&oacute;n.<\/span><\/li>\n<\/ul>\n<p class=\"Normal1\">&nbsp;<\/p>\n<p class=\"Normal1\"><span style=\"font-size: 10pt; font-family: verdana, geneva; color: #ff9900;\"><strong>Acreditaci&oacute;n:<\/strong><\/span><\/p>\n<p class=\"Normal1\"><span style=\"font-size: 10pt; font-family: verdana, geneva;\">La acreditaci&oacute;n de las Especializaciones requerir&aacute; de:<\/span><\/p>\n<ul>\n<li style=\"text-align: justify;\"><span style=\"font-size: 10pt; font-family: verdana, geneva;\">la aprobaci&oacute;n del 50% de los trabajos pr&aacute;cticos requeridos en forma virtual en cada espacio curricular (m&oacute;dulo, materias y seminario).<\/span><\/li>\n<li style=\"text-align: justify;\"><span style=\"font-size: 10pt; font-family: verdana, geneva;\">la aprobaci&oacute;n de un trabajo pr&aacute;ctico final requerido en forma virtual en cada espacio curricular.<\/span><\/li>\n<li style=\"text-align: justify;\"><span style=\"font-size: 10pt; font-family: verdana, geneva;\">la concurrencia a las instancias presenciales de 7 (siete) materias y la aprobaci&oacute;n de la evaluaci&oacute;n presencial de las mismas.<\/span><\/li>\n<li style=\"text-align: justify;\"><span style=\"font-size: 10pt; font-family: verdana, geneva;\">la aprobaci&oacute;n del seminario final que incluye el dise&ntilde;o individual, puesta en pr&aacute;ctica y evaluaci&oacute;n de una experiencia educativa de integraci&oacute;n de TIC y un coloquio presencial en el cual se deber&aacute; justificar y defender el trabajo final producido ante un tribunal examinador.<\/span><\/li>\n<\/ul>\n<p>&nbsp;<\/p>\n<p><span style=\"font-size: 10pt; font-family: verdana, geneva; color: #ff9900;\"><strong>Sedes provinciales:<\/strong><\/span><\/p>\n<table style=\"border: 1px solid #faaa4c; height: 577px; width: 650px;\" border=\"1\" cellspacing=\"0\" cellpadding=\"0\" align=\"center\">\n<colgroup>\n<col span=\"3\" width=\"80\">\n<col width=\"221\">\n<col width=\"120\">\n<col span=\"3\" width=\"80\">\n<col width=\"86\">\n<col width=\"80\"> <\/colgroup>\n<tbody>\n<tr align=\"center\" valign=\"middle\">\n<td style=\"background-color: #c2e0fe; height: 25px;\"><span style=\"font-size: 10pt; font-family: verdana, geneva;\"><strong>Departamento<\/strong><\/span><\/td>\n<td style=\"width: 50%; background-color: #c2e0fe;\"><span style=\"font-size: 10pt; font-family: verdana, geneva;\"><strong>Nombre<\/strong><\/span><\/td>\n<td style=\"background-color: #c2e0fe; height: 25px; width: 25%;\"><span style=\"font-size: 10pt; font-family: verdana, geneva;\"><strong>Domicilio<\/strong><\/span><\/td>\n<\/tr>\n<tr style=\"height: 30px;\">\n<td style=\"background-color: #eaf8fe;\"><span style=\"font-size: 10pt; font-family: verdana, geneva;\">SAN MARTIN<\/span><\/td>\n<td style=\"background-color: #eaf8fe;\"><span style=\"font-size: 10pt; font-family: verdana, geneva;\">E.N.S. N&ordm; 9-001 &#8211; I.S.F.D Y T. GRAL. JOS&Eacute; DE SAN MART&Iacute;N<\/span><\/td>\n<td style=\"background-color: #eaf8fe;\"><span style=\"font-size: 10pt; font-family: verdana, geneva;\">CHUBUT 110 CIRCULO MEDICO I&nbsp;<\/span><\/td>\n<\/tr>\n<tr style=\"height: 30px;\">\n<td style=\"background-color: #eaf8fe;\"><span style=\"font-size: 10pt; font-family: verdana, geneva;\">SAN CARLOS<\/span><\/td>\n<td style=\"background-color: #eaf8fe;\"><span style=\"font-size: 10pt; font-family: verdana, geneva;\">I. E.S. ROSARIO V. PE&Ntilde;ALOZA (9-010)<\/span><\/td>\n<td style=\"background-color: #eaf8fe;\"><span style=\"font-size: 10pt; font-family: verdana, geneva;\">RUTA NAC. 40 KM 3193<\/span><\/td>\n<\/tr>\n<tr style=\"height: 30px;\">\n<td style=\"background-color: #eaf8fe;\"><span style=\"font-size: 10pt; font-family: verdana, geneva;\">GODOY CRUZ<\/span><\/td>\n<td style=\"background-color: #eaf8fe;\"><span style=\"font-size: 10pt; font-family: verdana, geneva;\">I.E.S. N&ordm; 9-016 JORGE E. COLL<\/span><\/td>\n<td style=\"background-color: #eaf8fe;\"><span style=\"font-size: 10pt; font-family: verdana, geneva;\">INGENIERO HUERGO Y G&Uuml;EMES<\/span><\/td>\n<\/tr>\n<tr style=\"height: 30px;\">\n<td style=\"background-color: #eaf8fe;\"><span style=\"font-size: 10pt; font-family: verdana, geneva;\">CAPITAL<\/span><\/td>\n<td style=\"background-color: #eaf8fe;\"><span style=\"font-size: 10pt; font-family: verdana, geneva;\">E.N.S. 9-002 TOM&Aacute;S GODOY CRUZ<\/span><\/td>\n<td style=\"background-color: #eaf8fe;\"><span style=\"font-size: 10pt; font-family: verdana, geneva;\">MITRE 929 TERCERA SECCION&nbsp;<\/span><\/td>\n<\/tr>\n<tr height=\"40\">\n<td style=\"background-color: #eaf8fe;\"><span style=\"font-size: 10pt; font-family: verdana, geneva;\">SAN RAFAEL<\/span><\/td>\n<td style=\"background-color: #eaf8fe;\"><span style=\"font-size: 10pt; font-family: verdana, geneva;\">E.N.S. MERCEDES T. DE SAN MART&Iacute;N DE BALCARCE (9-003)<\/span><\/td>\n<td style=\"background-color: #eaf8fe;\"><span style=\"font-size: 10pt; font-family: verdana, geneva;\">BARCALA 14&nbsp;&nbsp;<\/span><\/td>\n<\/tr>\n<tr style=\"height: 30px;\">\n<td style=\"background-color: #eaf8fe;\"><span style=\"font-size: 10pt; font-family: verdana, geneva;\">SAN RAFAEL<\/span><\/td>\n<td style=\"background-color: #eaf8fe;\"><span style=\"font-size: 10pt; font-family: verdana, geneva;\">INSTITUTO DE ENSE&Ntilde;ANZA SUP. DEL ATUEL (9-011)<\/span><\/td>\n<td style=\"background-color: #eaf8fe;\"><span style=\"font-size: 10pt; font-family: verdana, geneva;\">MAZA 750&nbsp;&nbsp;<\/span><\/td>\n<\/tr>\n<tr style=\"height: 30px;\">\n<td style=\"background-color: #eaf8fe;\"><span style=\"font-size: 10pt; font-family: verdana, geneva;\">LAVALLE<\/span><\/td>\n<td style=\"background-color: #eaf8fe;\"><span style=\"font-size: 10pt; font-family: verdana, geneva;\">I.E.S. N&ordm; 9-024<\/span><\/td>\n<td style=\"background-color: #eaf8fe;\"><span style=\"font-size: 10pt; font-family: verdana, geneva;\">FLEMING Y DOCTOR MORENO<\/span><\/td>\n<\/tr>\n<\/tbody>\n<\/table><\/p>\n","protected":false},"excerpt":{"rendered":"<p>#PostituloEduTICMza Post\u00edtulo Educaci\u00f3n Primaria y TIC del Ministerio de Educaci\u00f3n de la Naci\u00f3n. Inscripciones del 16 de junio al el 6 de julio. Este lunes 16 de junio comienza la inscripci&oacute;n para ser parte de la Especializaci&oacute;n Docente de Nivel Superior en Educaci&oacute;n Primaria y TIC.&nbsp; En nuestra provincia hay siete Institutos de Formaci&oacute;n Docente, &#8230; <a title=\"#PostituloEduTICMza\" class=\"read-more\" href=\"https:\/\/superior-infd.mendoza.edu.ar\/sitio\/postituloeduticmza\/\" aria-label=\"More on #PostituloEduTICMza\">[+]<\/a><\/p>\n","protected":false},"author":1090,"featured_media":0,"comment_status":"open","ping_status":"open","sticky":false,"template":"","format":"standard","meta":[],"categories":[6,29],"tags":[],"acf":[],"_links":{"self":[{"href":"https:\/\/superior-infd.mendoza.edu.ar\/sitio\/wp-json\/wp\/v2\/posts\/12322"}],"collection":[{"href":"https:\/\/superior-infd.mendoza.edu.ar\/sitio\/wp-json\/wp\/v2\/posts"}],"about":[{"href":"https:\/\/superior-infd.mendoza.edu.ar\/sitio\/wp-json\/wp\/v2\/types\/post"}],"author":[{"embeddable":true,"href":"https:\/\/superior-infd.mendoza.edu.ar\/sitio\/wp-json\/wp\/v2\/users\/1090"}],"replies":[{"embeddable":true,"href":"https:\/\/superior-infd.mendoza.edu.ar\/sitio\/wp-json\/wp\/v2\/comments?post=12322"}],"version-history":[{"count":0,"href":"https:\/\/superior-infd.mendoza.edu.ar\/sitio\/wp-json\/wp\/v2\/posts\/12322\/revisions"}],"wp:attachment":[{"href":"https:\/\/superior-infd.mendoza.edu.ar\/sitio\/wp-json\/wp\/v2\/media?parent=12322"}],"wp:term":[{"taxonomy":"category","embeddable":true,"href":"https:\/\/superior-infd.mendoza.edu.ar\/sitio\/wp-json\/wp\/v2\/categories?post=12322"},{"taxonomy":"post_tag","embeddable":true,"href":"https:\/\/superior-infd.mendoza.edu.ar\/sitio\/wp-json\/wp\/v2\/tags?post=12322"}],"curies":[{"name":"wp","href":"https:\/\/api.w.org\/{rel}","templated":true}]}}