{"id":11829,"date":"2013-09-13T00:00:00","date_gmt":"2013-09-13T00:00:00","guid":{"rendered":"https:\/\/des-mza.infd.edu.ar\/sitio\/i-jornadas-de-practicas-profesionales-para-la-formacion-docente-y-tecnica\/"},"modified":"2013-09-13T00:00:00","modified_gmt":"2013-09-13T00:00:00","slug":"i-jornadas-de-practicas-profesionales-para-la-formacion-docente-y-tecnica","status":"publish","type":"post","link":"https:\/\/superior-infd.mendoza.edu.ar\/sitio\/i-jornadas-de-practicas-profesionales-para-la-formacion-docente-y-tecnica\/","title":{"rendered":"I Jornadas de Pr\u00e1cticas Profesionales para la Formaci\u00f3n Docente y T\u00e9cnica"},"content":{"rendered":"<p class=\"sitio_noticia_volanta\" >\n<h3>I Jornadas de Pr\u00e1cticas Profesionales para la Formaci\u00f3n Docente y T\u00e9cnica<\/h3>\n<p class=\"sitio_noticia_copete\" >\n<hr class=\"sitio_noticia_contenido\" \/>\n<p >\n<p style=\"text-align: justify;\"><span style=\"font-size: 10pt; font-family: verdana, geneva;\"><span style=\"text-decoration: underline;\"><strong>Objetivos<\/strong><\/span>: <\/span><\/p>\n<p style=\"text-align: justify;\"><span style=\"font-size: 10pt; font-family: verdana, geneva;\">Promover el encuentro e intercambio entre docentes y estudiantes de espacios curriculares de Pr&aacute;cticas y Residencia de Institutos Superiores de Formaci&oacute;n Docente y Universidades; y de las Pr&aacute;cticas Profesionalizantes de las carreras de Formaci&oacute;n T&eacute;cnica. <\/span><\/p>\n<p style=\"text-align: justify;\"><span style=\"font-size: 10pt; font-family: verdana, geneva;\">Generar un marco de reflexi&oacute;n&nbsp;en torno a las relaciones entre el hecho educativo y la presencia y actuaci&oacute;n del docente en los nuevos contextos frente a las nuevas demandas que se dirigen a la instituci&oacute;n educativa.<\/span><\/p>\n<p><span style=\"font-size: 10pt;\">&nbsp;&nbsp;<img decoding=\"async\" loading=\"lazy\" style=\"border: 0px none; display: block; margin-left: auto; margin-right: auto;\" title=\"\" src=\"https:\/\/superior-infd.mendoza.edu.ar\/sitio\/wp-content\/uploads\/2018\/08\/AFICHE_PARA_EL_CONGRESO.png\" border=\"0\" width=\"650\" height=\"918\"><\/span><\/p><\/p>\n","protected":false},"excerpt":{"rendered":"<p>I Jornadas de Pr\u00e1cticas Profesionales para la Formaci\u00f3n Docente y T\u00e9cnica Objetivos: Promover el encuentro e intercambio entre docentes y estudiantes de espacios curriculares de Pr&aacute;cticas y Residencia de Institutos Superiores de Formaci&oacute;n Docente y Universidades; y de las Pr&aacute;cticas Profesionalizantes de las carreras de Formaci&oacute;n T&eacute;cnica. Generar un marco de reflexi&oacute;n&nbsp;en torno a las &#8230; <a title=\"I Jornadas de Pr\u00e1cticas Profesionales para la Formaci\u00f3n Docente y T\u00e9cnica\" class=\"read-more\" href=\"https:\/\/superior-infd.mendoza.edu.ar\/sitio\/i-jornadas-de-practicas-profesionales-para-la-formacion-docente-y-tecnica\/\" aria-label=\"More on I Jornadas de Pr\u00e1cticas Profesionales para la Formaci\u00f3n Docente y T\u00e9cnica\">[+]<\/a><\/p>\n","protected":false},"author":1090,"featured_media":0,"comment_status":"open","ping_status":"open","sticky":false,"template":"","format":"standard","meta":[],"categories":[12,6],"tags":[],"acf":[],"_links":{"self":[{"href":"https:\/\/superior-infd.mendoza.edu.ar\/sitio\/wp-json\/wp\/v2\/posts\/11829"}],"collection":[{"href":"https:\/\/superior-infd.mendoza.edu.ar\/sitio\/wp-json\/wp\/v2\/posts"}],"about":[{"href":"https:\/\/superior-infd.mendoza.edu.ar\/sitio\/wp-json\/wp\/v2\/types\/post"}],"author":[{"embeddable":true,"href":"https:\/\/superior-infd.mendoza.edu.ar\/sitio\/wp-json\/wp\/v2\/users\/1090"}],"replies":[{"embeddable":true,"href":"https:\/\/superior-infd.mendoza.edu.ar\/sitio\/wp-json\/wp\/v2\/comments?post=11829"}],"version-history":[{"count":0,"href":"https:\/\/superior-infd.mendoza.edu.ar\/sitio\/wp-json\/wp\/v2\/posts\/11829\/revisions"}],"wp:attachment":[{"href":"https:\/\/superior-infd.mendoza.edu.ar\/sitio\/wp-json\/wp\/v2\/media?parent=11829"}],"wp:term":[{"taxonomy":"category","embeddable":true,"href":"https:\/\/superior-infd.mendoza.edu.ar\/sitio\/wp-json\/wp\/v2\/categories?post=11829"},{"taxonomy":"post_tag","embeddable":true,"href":"https:\/\/superior-infd.mendoza.edu.ar\/sitio\/wp-json\/wp\/v2\/tags?post=11829"}],"curies":[{"name":"wp","href":"https:\/\/api.w.org\/{rel}","templated":true}]}}