{"id":11148,"date":"2012-08-02T00:00:00","date_gmt":"2012-08-02T00:00:00","guid":{"rendered":"https:\/\/des-mza.infd.edu.ar\/sitio\/creacion-de-comunidades-de-aprendizaje-de-profesores-de-didactica-y-residencia-en-zona-sur\/"},"modified":"2012-08-02T00:00:00","modified_gmt":"2012-08-02T00:00:00","slug":"creacion-de-comunidades-de-aprendizaje-de-profesores-de-didactica-y-residencia-en-zona-sur","status":"publish","type":"post","link":"https:\/\/superior-infd.mendoza.edu.ar\/sitio\/creacion-de-comunidades-de-aprendizaje-de-profesores-de-didactica-y-residencia-en-zona-sur\/","title":{"rendered":"Creaci\u00f3n de comunidades de aprendizaje de profesores de did\u00e1ctica y residencia en Zona Sur"},"content":{"rendered":"<p class=\"sitio_noticia_volanta\" >\n<h3>Creaci\u00f3n de comunidades de aprendizaje de profesores de did\u00e1ctica y residencia en Zona Sur<\/h3>\n<p class=\"sitio_noticia_copete\" >Modelo 1 a 1 en la Formaci\u00f3n Docente  Talleres semipresenciales  destinados a docentes de unidades curriculares vinculadas con las did\u00e1cticas y los espacios de pr\u00e1ctica y residencia .<\/p>\n<hr class=\"sitio_noticia_contenido\" \/>\n<p >\n<p>.<br \/>\n<script src=\"http:\/\/form.jotformz.com\/jsform\/22145545532651\" type=\"text\/javascript\"><\/script><\/p><\/p>\n","protected":false},"excerpt":{"rendered":"<p>Creaci\u00f3n de comunidades de aprendizaje de profesores de did\u00e1ctica y residencia en Zona Sur Modelo 1 a 1 en la Formaci\u00f3n Docente Talleres semipresenciales destinados a docentes de unidades curriculares vinculadas con las did\u00e1cticas y los espacios de pr\u00e1ctica y residencia . .<\/p>\n","protected":false},"author":1090,"featured_media":0,"comment_status":"open","ping_status":"open","sticky":false,"template":"","format":"standard","meta":[],"categories":[6,17],"tags":[],"acf":[],"_links":{"self":[{"href":"https:\/\/superior-infd.mendoza.edu.ar\/sitio\/wp-json\/wp\/v2\/posts\/11148"}],"collection":[{"href":"https:\/\/superior-infd.mendoza.edu.ar\/sitio\/wp-json\/wp\/v2\/posts"}],"about":[{"href":"https:\/\/superior-infd.mendoza.edu.ar\/sitio\/wp-json\/wp\/v2\/types\/post"}],"author":[{"embeddable":true,"href":"https:\/\/superior-infd.mendoza.edu.ar\/sitio\/wp-json\/wp\/v2\/users\/1090"}],"replies":[{"embeddable":true,"href":"https:\/\/superior-infd.mendoza.edu.ar\/sitio\/wp-json\/wp\/v2\/comments?post=11148"}],"version-history":[{"count":0,"href":"https:\/\/superior-infd.mendoza.edu.ar\/sitio\/wp-json\/wp\/v2\/posts\/11148\/revisions"}],"wp:attachment":[{"href":"https:\/\/superior-infd.mendoza.edu.ar\/sitio\/wp-json\/wp\/v2\/media?parent=11148"}],"wp:term":[{"taxonomy":"category","embeddable":true,"href":"https:\/\/superior-infd.mendoza.edu.ar\/sitio\/wp-json\/wp\/v2\/categories?post=11148"},{"taxonomy":"post_tag","embeddable":true,"href":"https:\/\/superior-infd.mendoza.edu.ar\/sitio\/wp-json\/wp\/v2\/tags?post=11148"}],"curies":[{"name":"wp","href":"https:\/\/api.w.org\/{rel}","templated":true}]}}