{"id":11068,"date":"2012-06-04T00:00:00","date_gmt":"2012-06-04T00:00:00","guid":{"rendered":"https:\/\/des-mza.infd.edu.ar\/sitio\/el-i-e-f-no-9-016-%c2%93dr-jorge-e-coll%c2%94-informa-que-se-encuentra-abierta-la-inscripcion-para-los-espacios-abiertos-del-trayecto-socio-politico-historico-y-trayecto-pedagogico-didactico-prof\/"},"modified":"2012-06-04T00:00:00","modified_gmt":"2012-06-04T00:00:00","slug":"el-i-e-f-no-9-016-%c2%93dr-jorge-e-coll%c2%94-informa-que-se-encuentra-abierta-la-inscripcion-para-los-espacios-abiertos-del-trayecto-socio-politico-historico-y-trayecto-pedagogico-didactico-prof","status":"publish","type":"post","link":"https:\/\/superior-infd.mendoza.edu.ar\/sitio\/el-i-e-f-no-9-016-%c2%93dr-jorge-e-coll%c2%94-informa-que-se-encuentra-abierta-la-inscripcion-para-los-espacios-abiertos-del-trayecto-socio-politico-historico-y-trayecto-pedagogico-didactico-prof\/","title":{"rendered":"El I.E.F. N\u00ba 9-016 ?Dr. Jorge E. Coll? informa que se encuentra abierta la inscripci\u00f3n para los espacios abiertos del Trayecto Socio-Pol\u00edtico Hist\u00f3rico y Trayecto Pedag\u00f3gico-Did\u00e1ctico &#8211; Profesorado de Educaci\u00f3n F\u00edsica ? Sede Rivadavia (Segundo Semest"},"content":{"rendered":"<p class=\"sitio_noticia_volanta\" >\n<h3>El I.E.F. N\u00ba 9-016 ?Dr. Jorge E. Coll? informa que se encuentra abierta la inscripci\u00f3n para los espacios abiertos del Trayecto Socio-Pol\u00edtico Hist\u00f3rico y Trayecto Pedag\u00f3gico-Did\u00e1ctico &#8211; Profesorado de Educaci\u00f3n F\u00edsica ? Sede Rivadavia (Segundo Semest<\/h3>\n<p class=\"sitio_noticia_copete\" >\n<hr class=\"sitio_noticia_contenido\" \/>\n<p >\n<p>Instituto de  Eduaci&oacute;n F&iacute;sica N&deg; 9-016<br \/>Direcci&oacute;n del Instituto:=Ing. Huergo y  G&uuml;emes S\/N&deg; (Club Petroleros YPF) &#8211; Godoy Cruz<br \/>E-mail de  contacto:=iefmza@yahoo.com.ar<br \/>Tel&eacute;fono de contacto:=4229265\/6<br \/>El I.E.F. N&ordm; 9-016 &ldquo;Dr. Jorge E. Coll&rdquo;  informa que se encuentra  abierta la inscripci&oacute;n para los espacios abiertos del Trayecto  Socio-Pol&iacute;tico Hist&oacute;rico y Trayecto Pedag&oacute;gico-Did&aacute;ctico &#8211; Profesorado  de Educaci&oacute;n F&iacute;sica &ndash; Sede Rivadavia (Segundo Semestre) Los interesados  deber&aacute;n presentar Curriculum Vitae y Proyecto, del 01 al 08 de junio del  corriente a&ntilde;o, de 8:30 a 1230 hs.. en Sede Rivadavia: .Jos&eacute; Hern&aacute;ndez  227 &ndash; Rivadavia. <br \/> Atentamente.- <\/p>\n<p>Fecha de inicio y de finalizaci&oacute;n de la convocatoria:=del 01\/06  al 08\/06\/12<\/p><\/p>\n","protected":false},"excerpt":{"rendered":"<p>El I.E.F. N\u00ba 9-016 ?Dr. Jorge E. Coll? informa que se encuentra abierta la inscripci\u00f3n para los espacios abiertos del Trayecto Socio-Pol\u00edtico Hist\u00f3rico y Trayecto Pedag\u00f3gico-Did\u00e1ctico &#8211; Profesorado de Educaci\u00f3n F\u00edsica ? Sede Rivadavia (Segundo Semest Instituto de Eduaci&oacute;n F&iacute;sica N&deg; 9-016Direcci&oacute;n del Instituto:=Ing. Huergo y G&uuml;emes S\/N&deg; (Club Petroleros YPF) &#8211; Godoy CruzE-mail de &#8230; <a title=\"El I.E.F. N\u00ba 9-016 ?Dr. Jorge E. Coll? informa que se encuentra abierta la inscripci\u00f3n para los espacios abiertos del Trayecto Socio-Pol\u00edtico Hist\u00f3rico y Trayecto Pedag\u00f3gico-Did\u00e1ctico &#8211; Profesorado de Educaci\u00f3n F\u00edsica ? Sede Rivadavia (Segundo Semest\" class=\"read-more\" href=\"https:\/\/superior-infd.mendoza.edu.ar\/sitio\/el-i-e-f-no-9-016-%c2%93dr-jorge-e-coll%c2%94-informa-que-se-encuentra-abierta-la-inscripcion-para-los-espacios-abiertos-del-trayecto-socio-politico-historico-y-trayecto-pedagogico-didactico-prof\/\" aria-label=\"More on El I.E.F. N\u00ba 9-016 ?Dr. Jorge E. Coll? informa que se encuentra abierta la inscripci\u00f3n para los espacios abiertos del Trayecto Socio-Pol\u00edtico Hist\u00f3rico y Trayecto Pedag\u00f3gico-Did\u00e1ctico &#8211; Profesorado de Educaci\u00f3n F\u00edsica ? Sede Rivadavia (Segundo Semest\">[+]<\/a><\/p>\n","protected":false},"author":1090,"featured_media":0,"comment_status":"open","ping_status":"open","sticky":false,"template":"","format":"standard","meta":[],"categories":[14,6],"tags":[],"acf":[],"_links":{"self":[{"href":"https:\/\/superior-infd.mendoza.edu.ar\/sitio\/wp-json\/wp\/v2\/posts\/11068"}],"collection":[{"href":"https:\/\/superior-infd.mendoza.edu.ar\/sitio\/wp-json\/wp\/v2\/posts"}],"about":[{"href":"https:\/\/superior-infd.mendoza.edu.ar\/sitio\/wp-json\/wp\/v2\/types\/post"}],"author":[{"embeddable":true,"href":"https:\/\/superior-infd.mendoza.edu.ar\/sitio\/wp-json\/wp\/v2\/users\/1090"}],"replies":[{"embeddable":true,"href":"https:\/\/superior-infd.mendoza.edu.ar\/sitio\/wp-json\/wp\/v2\/comments?post=11068"}],"version-history":[{"count":0,"href":"https:\/\/superior-infd.mendoza.edu.ar\/sitio\/wp-json\/wp\/v2\/posts\/11068\/revisions"}],"wp:attachment":[{"href":"https:\/\/superior-infd.mendoza.edu.ar\/sitio\/wp-json\/wp\/v2\/media?parent=11068"}],"wp:term":[{"taxonomy":"category","embeddable":true,"href":"https:\/\/superior-infd.mendoza.edu.ar\/sitio\/wp-json\/wp\/v2\/categories?post=11068"},{"taxonomy":"post_tag","embeddable":true,"href":"https:\/\/superior-infd.mendoza.edu.ar\/sitio\/wp-json\/wp\/v2\/tags?post=11068"}],"curies":[{"name":"wp","href":"https:\/\/api.w.org\/{rel}","templated":true}]}}