{"id":11023,"date":"2012-05-11T00:00:00","date_gmt":"2012-05-11T00:00:00","guid":{"rendered":"https:\/\/des-mza.infd.edu.ar\/sitio\/tecnologias-de-la-informacion-y-la-comunicacion\/"},"modified":"2012-05-11T00:00:00","modified_gmt":"2012-05-11T00:00:00","slug":"tecnologias-de-la-informacion-y-la-comunicacion","status":"publish","type":"post","link":"https:\/\/superior-infd.mendoza.edu.ar\/sitio\/tecnologias-de-la-informacion-y-la-comunicacion\/","title":{"rendered":"Tecnolog\u00edas de la Informaci\u00f3n y la Comunicaci\u00f3n"},"content":{"rendered":"<p class=\"sitio_noticia_volanta\" >\n<h3>Tecnolog\u00edas de la Informaci\u00f3n y la Comunicaci\u00f3n<\/h3>\n<p class=\"sitio_noticia_copete\" >\n<hr class=\"sitio_noticia_contenido\" \/>\n<p >\n<p><img decoding=\"async\" src=\"https:\/\/superior-infd.mendoza.edu.ar\/sitio\/wp-content\/uploads\/2018\/08\/ticns.jpg\" border=\"0\"><\/p>\n<p>El d&iacute;a viernes 4 de mayo se realiz&oacute; en la <strong>Escuela Normal 9-006 \u00abProf. Francisco Humberto Tolosa\u00bb<\/strong> la Charla \u00ab<strong>TIC en la Educaci&oacute;n Superior<\/strong>\u00ab, a cargo de la profesora M&oacute;nica Ghilardi, en la que estuvieron presentes docentes de la instituci&oacute;n.<\/p>\n<p>Tambi&eacute;n se presentaron distintas ofertas de capacitaci&oacute;n docente en TIC (<a title=\"Capacitaci&oacute;n de Educ.ar\" href=\"http:\/\/portalcapacitacion.educ.ar\/5260\/noticias\/abrimos-las-inscripciones-de-los-cursos-virtuales-2\/\" target=\"_blank\">educ.ar<\/a>, <a title=\"Capacitaci&oacute;n del Infod\" href=\"http:\/\/red.infd.edu.ar\/formacion_destinatarios.php?tar=1\" target=\"_blank\">Infod<\/a>,&#8230;) y una propuesta de formaci&oacute;n interna, con 2 cursos para este cuatrimestre.<\/p>\n<p>La finalidad es ofrecer cursos sobre&nbsp; el uso adecuado&nbsp; de las TIC en la Escuela con la modalidad e-learning, acompa&ntilde;ado de encuentros presenciales y horas de consulta. Adem&aacute;s se trabajar&aacute; para aprovechar los recursos que posee la instituci&oacute;n (netbooks, plataforma virtual, sitios, aulas virtuales, laboratorio de inform&aacute;tica,&hellip;) para mejorar las clases,&nbsp; la gesti&oacute;n acad&eacute;mica, la comunicaci&oacute;n interna y externa.<\/p>\n<p>Los cursos a desarrollar durante este cuatrimestre son:<\/p>\n<ul>\n<li><a title=\"Curso 1\" href=\"http:\/\/ens9006.mza.infd.edu.ar\/sitio\/index.cgi?wid_item=36&amp;wid_seccion=7\" target=\"_blank\"><strong>&ldquo;Las netbooks en la Educaci&oacute;n Superior&rdquo;<\/strong><\/a>(descripci&oacute;n del curso y formulario de inscripci&oacute;n)<\/li>\n<\/ul>\n<ul>\n<li><a title=\"Curso 2\" href=\"http:\/\/ens9006.mza.infd.edu.ar\/sitio\/index.cgi?wid_item=37&amp;wid_seccion=7\" target=\"_blank\"><strong>&ldquo;Creaci&oacute;n de aulas virtuales&rdquo;<\/strong><\/a> (descripci&oacute;n del curso y formulario de inscripci&oacute;n)<\/li>\n<\/ul>\n<p>&nbsp;<\/p>\n<p>&nbsp;<\/p>\n<div id=\"__ss_12834888\" style=\"width: 425px;\"><strong style=\"display: block; margin: 12px 0 4px;\"><a title=\"Netbook sup 2012\" href=\"http:\/\/www.slideshare.net\/monicaghilardi\/netbook-sup-2012\" target=\"_blank\">Netbook sup 2012<\/a><\/strong> <iframe loading=\"lazy\" frameborder=\"0\" height=\"355\" marginheight=\"0\" marginwidth=\"0\" scrolling=\"no\" src=\"http:\/\/www.slideshare.net\/slideshow\/embed_code\/12834888\" width=\"425\"><\/iframe><\/p>\n<div style=\"padding: 5px 0 12px;\">View more <a href=\"http:\/\/www.slideshare.net\/thecroaker\/death-by-powerpoint\" target=\"_blank\">PowerPoint<\/a> from <a href=\"http:\/\/www.slideshare.net\/monicaghilardi\" target=\"_blank\">monicaghilardi<\/a><\/div>\n<\/div>\n<p>&nbsp;<\/p>\n<p>&nbsp;<\/p>\n<p><a href=\"http:\/\/ens9006.mza.infd.edu.ar\/sitio\/index.cgi?wid_item=35&amp;wid_seccion=7\" target=\"_blank\">Fuente<\/a><\/p><\/p>\n","protected":false},"excerpt":{"rendered":"<p>Tecnolog\u00edas de la Informaci\u00f3n y la Comunicaci\u00f3n El d&iacute;a viernes 4 de mayo se realiz&oacute; en la Escuela Normal 9-006 \u00abProf. Francisco Humberto Tolosa\u00bb la Charla \u00abTIC en la Educaci&oacute;n Superior\u00ab, a cargo de la profesora M&oacute;nica Ghilardi, en la que estuvieron presentes docentes de la instituci&oacute;n. Tambi&eacute;n se presentaron distintas ofertas de capacitaci&oacute;n docente &#8230; <a title=\"Tecnolog\u00edas de la Informaci\u00f3n y la Comunicaci\u00f3n\" class=\"read-more\" href=\"https:\/\/superior-infd.mendoza.edu.ar\/sitio\/tecnologias-de-la-informacion-y-la-comunicacion\/\" aria-label=\"More on Tecnolog\u00edas de la Informaci\u00f3n y la Comunicaci\u00f3n\">[+]<\/a><\/p>\n","protected":false},"author":1090,"featured_media":0,"comment_status":"open","ping_status":"open","sticky":false,"template":"","format":"standard","meta":[],"categories":[6,17],"tags":[],"acf":[],"_links":{"self":[{"href":"https:\/\/superior-infd.mendoza.edu.ar\/sitio\/wp-json\/wp\/v2\/posts\/11023"}],"collection":[{"href":"https:\/\/superior-infd.mendoza.edu.ar\/sitio\/wp-json\/wp\/v2\/posts"}],"about":[{"href":"https:\/\/superior-infd.mendoza.edu.ar\/sitio\/wp-json\/wp\/v2\/types\/post"}],"author":[{"embeddable":true,"href":"https:\/\/superior-infd.mendoza.edu.ar\/sitio\/wp-json\/wp\/v2\/users\/1090"}],"replies":[{"embeddable":true,"href":"https:\/\/superior-infd.mendoza.edu.ar\/sitio\/wp-json\/wp\/v2\/comments?post=11023"}],"version-history":[{"count":0,"href":"https:\/\/superior-infd.mendoza.edu.ar\/sitio\/wp-json\/wp\/v2\/posts\/11023\/revisions"}],"wp:attachment":[{"href":"https:\/\/superior-infd.mendoza.edu.ar\/sitio\/wp-json\/wp\/v2\/media?parent=11023"}],"wp:term":[{"taxonomy":"category","embeddable":true,"href":"https:\/\/superior-infd.mendoza.edu.ar\/sitio\/wp-json\/wp\/v2\/categories?post=11023"},{"taxonomy":"post_tag","embeddable":true,"href":"https:\/\/superior-infd.mendoza.edu.ar\/sitio\/wp-json\/wp\/v2\/tags?post=11023"}],"curies":[{"name":"wp","href":"https:\/\/api.w.org\/{rel}","templated":true}]}}