{"id":10887,"date":"2012-03-27T00:00:00","date_gmt":"2012-03-27T00:00:00","guid":{"rendered":"https:\/\/des-mza.infd.edu.ar\/sitio\/27-03-2012-la-escuela-normal-superior-9-001-general-san-martin-convoca-a-los-docentes-segun-orden-de-meritos-en-los-espacios\/"},"modified":"2012-03-27T00:00:00","modified_gmt":"2012-03-27T00:00:00","slug":"27-03-2012-la-escuela-normal-superior-9-001-general-san-martin-convoca-a-los-docentes-segun-orden-de-meritos-en-los-espacios","status":"publish","type":"post","link":"https:\/\/superior-infd.mendoza.edu.ar\/sitio\/27-03-2012-la-escuela-normal-superior-9-001-general-san-martin-convoca-a-los-docentes-segun-orden-de-meritos-en-los-espacios\/","title":{"rendered":"27\/03\/2012.  La Escuela Normal Superior 9-001 General San Mart\u00edn, convoca a los docentes seg\u00fan orden de m\u00e9ritos en los espacios"},"content":{"rendered":"<p class=\"sitio_noticia_volanta\" >\n<h3>27\/03\/2012.  La Escuela Normal Superior 9-001 General San Mart\u00edn, convoca a los docentes seg\u00fan orden de m\u00e9ritos en los espacios  <\/h3>\n<p class=\"sitio_noticia_copete\" >\n<hr class=\"sitio_noticia_contenido\" \/>\n<p >\n<p>La Escuela Normal Superior 9-001 General San Mart&iacute;n, Instituto de Formaci&oacute;n Superior <br \/>Docente y T&eacute;cnica: convoca a los docentes seg&uacute;n orden de m&eacute;ritos en los espacios <br \/>que se detallan a continuaci&oacute;n: <\/p>\n<p>Artes Visuales y su Did&aacute;ctica 04 horas S.C.V. del Profesorado de Educaci&oacute;n Inicial <\/p>\n<p>Seg&uacute;n el siguiente orden de m&eacute;ritos: Para el d&iacute;a mi&eacute;rcoles 28 de de marzo de 2012 a las 10:00 horas <\/p>\n<p>Ranzuglia Marta, Arenas Adriana, Justo Juan Bautista, Arrar&aacute;s Romina, <br \/>Guarise Gisella <\/p>\n<p>Juegos Y Producci&oacute;n De Objetos L&uacute;dicos 06 horas S.C.V. del Profesorado De Educaci&oacute;n Inicial Seg&uacute;n el siguiente orden de m&eacute;ritos: <br \/>Para el d&iacute;a mi&eacute;rcoles 28 de de marzo de 2012 a las 10:30 horas <\/p>\n<p>Guarise Silvia, Ranzuglia Marta, Cherubini Mar&iacute;a Bel&eacute;n, Mart&iacute;nez Alejandra, Mule <br \/>Cecilia, Vargas M&oacute;nica, Croxato Patricia, Canutto Mar&iacute;a Marta <\/p>\n<p>Pr&aacute;cticas Ling&uuml;&iacute;sticas Y Su Did&aacute;ctica 06 horas S.C.V. Profesorado De Educaci&oacute;n Inicial <\/p>\n<p>Seg&uacute;n el siguiente orden de m&eacute;ritos: Para el d&iacute;a mi&eacute;rcoles 28 de marzo de 2012 a las 11:00 horas <\/p>\n<p>Linde Patricia, Molinari Nora, Briones Challapa Loida <\/p>\n<p>UDI Jardines Maternales 04 Horas S.C.V. del Profesorado De Educaci&oacute;n Inicial <br \/>Seg&uacute;n el siguiente orden de m&eacute;ritos: Para el d&iacute;a mi&eacute;rcoles 28 de de marzo de 2012 a las 11:30 horas <\/p>\n<p>Gatto Mar&iacute;a Elena, Galetto Susana, Fermani Natalia, Andr&eacute;s Sandra, Busse Daniela, Bocci <br \/>Mar&iacute;a Eugenia, Estrada Paula, Ponce, Viviana. <br \/>M&uacute;sica y su Did&aacute;ctica 04 horas <br \/>S.C.V. del Profesorado De Educaci&oacute;n Inicial <br \/>Para el d&iacute;a mi&eacute;rcoles 28 de de <br \/>marzo de 2012 a las 12:00 horas <\/p>\n<p>Monla Alejandra <\/p>\n<p>Did&aacute;ctica De La <br \/>Matem&aacute;tica 07 Horas Del Profesorado De Educaci&oacute;n Primaria Suplente Por Art. 54 <\/p>\n<p>Para el d&iacute;a mi&eacute;rcoles 28 de de marzo de 2012 a las 12:30 horas <\/p>\n<p>C&oacute;nsoli Marina, Soria Soledad, Calderone Pedro, Jofr&eacute; Walter, Lara Lorena, Furlani Jael, Villegas Marcia <\/p>\n<p>Direcci&oacute;n del Instituto:=Chubut y Balcarce<br \/>E-mail de contacto:=secretaria9001@gmail.com<br \/>Tel&eacute;fono de contacto:=02634420888<\/p><\/p>\n","protected":false},"excerpt":{"rendered":"<p>27\/03\/2012. La Escuela Normal Superior 9-001 General San Mart\u00edn, convoca a los docentes seg\u00fan orden de m\u00e9ritos en los espacios La Escuela Normal Superior 9-001 General San Mart&iacute;n, Instituto de Formaci&oacute;n Superior Docente y T&eacute;cnica: convoca a los docentes seg&uacute;n orden de m&eacute;ritos en los espacios que se detallan a continuaci&oacute;n: Artes Visuales y su &#8230; <a title=\"27\/03\/2012.  La Escuela Normal Superior 9-001 General San Mart\u00edn, convoca a los docentes seg\u00fan orden de m\u00e9ritos en los espacios\" class=\"read-more\" href=\"https:\/\/superior-infd.mendoza.edu.ar\/sitio\/27-03-2012-la-escuela-normal-superior-9-001-general-san-martin-convoca-a-los-docentes-segun-orden-de-meritos-en-los-espacios\/\" aria-label=\"More on 27\/03\/2012.  La Escuela Normal Superior 9-001 General San Mart\u00edn, convoca a los docentes seg\u00fan orden de m\u00e9ritos en los espacios\">[+]<\/a><\/p>\n","protected":false},"author":1090,"featured_media":0,"comment_status":"open","ping_status":"open","sticky":false,"template":"","format":"standard","meta":[],"categories":[14,6],"tags":[],"acf":[],"_links":{"self":[{"href":"https:\/\/superior-infd.mendoza.edu.ar\/sitio\/wp-json\/wp\/v2\/posts\/10887"}],"collection":[{"href":"https:\/\/superior-infd.mendoza.edu.ar\/sitio\/wp-json\/wp\/v2\/posts"}],"about":[{"href":"https:\/\/superior-infd.mendoza.edu.ar\/sitio\/wp-json\/wp\/v2\/types\/post"}],"author":[{"embeddable":true,"href":"https:\/\/superior-infd.mendoza.edu.ar\/sitio\/wp-json\/wp\/v2\/users\/1090"}],"replies":[{"embeddable":true,"href":"https:\/\/superior-infd.mendoza.edu.ar\/sitio\/wp-json\/wp\/v2\/comments?post=10887"}],"version-history":[{"count":0,"href":"https:\/\/superior-infd.mendoza.edu.ar\/sitio\/wp-json\/wp\/v2\/posts\/10887\/revisions"}],"wp:attachment":[{"href":"https:\/\/superior-infd.mendoza.edu.ar\/sitio\/wp-json\/wp\/v2\/media?parent=10887"}],"wp:term":[{"taxonomy":"category","embeddable":true,"href":"https:\/\/superior-infd.mendoza.edu.ar\/sitio\/wp-json\/wp\/v2\/categories?post=10887"},{"taxonomy":"post_tag","embeddable":true,"href":"https:\/\/superior-infd.mendoza.edu.ar\/sitio\/wp-json\/wp\/v2\/tags?post=10887"}],"curies":[{"name":"wp","href":"https:\/\/api.w.org\/{rel}","templated":true}]}}