{"id":10886,"date":"2012-03-27T00:00:00","date_gmt":"2012-03-27T00:00:00","guid":{"rendered":"https:\/\/des-mza.infd.edu.ar\/sitio\/27-03-2012-ies-n-9-012-san-ra%c2%adfael-en-in%c2%adfor%c2%admati%c2%adca-informa-que-ya-se-encuentra-expuesta-en-la-institucion-las-listas-de-meritos-correspondientes-a-la-tabulacion-2012\/"},"modified":"2012-03-27T00:00:00","modified_gmt":"2012-03-27T00:00:00","slug":"27-03-2012-ies-n-9-012-san-ra%c2%adfael-en-in%c2%adfor%c2%admati%c2%adca-informa-que-ya-se-encuentra-expuesta-en-la-institucion-las-listas-de-meritos-correspondientes-a-la-tabulacion-2012","status":"publish","type":"post","link":"https:\/\/superior-infd.mendoza.edu.ar\/sitio\/27-03-2012-ies-n-9-012-san-ra%c2%adfael-en-in%c2%adfor%c2%admati%c2%adca-informa-que-ya-se-encuentra-expuesta-en-la-institucion-las-listas-de-meritos-correspondientes-a-la-tabulacion-2012\/","title":{"rendered":"27\/03\/2012. IES N\u00b0 9-012 San Ra\u00adfael en In\u00adfor\u00adm\u00e1ti\u00adca, informa que ya se encuentra expuesta en la Instituci\u00f3n las listas de m\u00e9ritos correspondientes a la tabulaci\u00f3n 2012."},"content":{"rendered":"<p class=\"sitio_noticia_volanta\" >\n<h3>27\/03\/2012. IES N\u00b0 9-012 San Ra\u00adfael en In\u00adfor\u00adm\u00e1ti\u00adca, informa que ya se encuentra expuesta en la Instituci\u00f3n las listas de m\u00e9ritos correspondientes a la tabulaci\u00f3n 2012.<\/h3>\n<p class=\"sitio_noticia_copete\" >\n<hr class=\"sitio_noticia_contenido\" \/>\n<p >\n<p>IES 9-012 San Ra&shy;fael en In&shy;for&shy;m&aacute;ti&shy;ca, Pau&shy;ne&shy;ro y Alm&shy;te. Brown, informa que ya se <br \/>encuentra expuesta desde el viernes 16 de marzo en nuestra Instituci&ograve;n las <br \/>listas de meritos correspondientes a la tabulacion 2012, de cargos y\/o hs. <br \/>catedras, tambien pueden consultarla en nuestra p&aacute;gina www.ies9012.edu.ar <br \/>Tel&eacute;fono de contacto:=02604430895<\/p><\/p>\n","protected":false},"excerpt":{"rendered":"<p>27\/03\/2012. IES N\u00b0 9-012 San Ra\u00adfael en In\u00adfor\u00adm\u00e1ti\u00adca, informa que ya se encuentra expuesta en la Instituci\u00f3n las listas de m\u00e9ritos correspondientes a la tabulaci\u00f3n 2012. IES 9-012 San Ra&shy;fael en In&shy;for&shy;m&aacute;ti&shy;ca, Pau&shy;ne&shy;ro y Alm&shy;te. Brown, informa que ya se encuentra expuesta desde el viernes 16 de marzo en nuestra Instituci&ograve;n las listas de meritos &#8230; <a title=\"27\/03\/2012. IES N\u00b0 9-012 San Ra\u00adfael en In\u00adfor\u00adm\u00e1ti\u00adca, informa que ya se encuentra expuesta en la Instituci\u00f3n las listas de m\u00e9ritos correspondientes a la tabulaci\u00f3n 2012.\" class=\"read-more\" href=\"https:\/\/superior-infd.mendoza.edu.ar\/sitio\/27-03-2012-ies-n-9-012-san-ra%c2%adfael-en-in%c2%adfor%c2%admati%c2%adca-informa-que-ya-se-encuentra-expuesta-en-la-institucion-las-listas-de-meritos-correspondientes-a-la-tabulacion-2012\/\" aria-label=\"More on 27\/03\/2012. IES N\u00b0 9-012 San Ra\u00adfael en In\u00adfor\u00adm\u00e1ti\u00adca, informa que ya se encuentra expuesta en la Instituci\u00f3n las listas de m\u00e9ritos correspondientes a la tabulaci\u00f3n 2012.\">[+]<\/a><\/p>\n","protected":false},"author":1090,"featured_media":0,"comment_status":"open","ping_status":"open","sticky":false,"template":"","format":"standard","meta":[],"categories":[14,6],"tags":[],"acf":[],"_links":{"self":[{"href":"https:\/\/superior-infd.mendoza.edu.ar\/sitio\/wp-json\/wp\/v2\/posts\/10886"}],"collection":[{"href":"https:\/\/superior-infd.mendoza.edu.ar\/sitio\/wp-json\/wp\/v2\/posts"}],"about":[{"href":"https:\/\/superior-infd.mendoza.edu.ar\/sitio\/wp-json\/wp\/v2\/types\/post"}],"author":[{"embeddable":true,"href":"https:\/\/superior-infd.mendoza.edu.ar\/sitio\/wp-json\/wp\/v2\/users\/1090"}],"replies":[{"embeddable":true,"href":"https:\/\/superior-infd.mendoza.edu.ar\/sitio\/wp-json\/wp\/v2\/comments?post=10886"}],"version-history":[{"count":0,"href":"https:\/\/superior-infd.mendoza.edu.ar\/sitio\/wp-json\/wp\/v2\/posts\/10886\/revisions"}],"wp:attachment":[{"href":"https:\/\/superior-infd.mendoza.edu.ar\/sitio\/wp-json\/wp\/v2\/media?parent=10886"}],"wp:term":[{"taxonomy":"category","embeddable":true,"href":"https:\/\/superior-infd.mendoza.edu.ar\/sitio\/wp-json\/wp\/v2\/categories?post=10886"},{"taxonomy":"post_tag","embeddable":true,"href":"https:\/\/superior-infd.mendoza.edu.ar\/sitio\/wp-json\/wp\/v2\/tags?post=10886"}],"curies":[{"name":"wp","href":"https:\/\/api.w.org\/{rel}","templated":true}]}}