{"id":10352,"date":"2011-05-19T00:00:00","date_gmt":"2011-05-19T00:00:00","guid":{"rendered":"https:\/\/des-mza.infd.edu.ar\/sitio\/diseno-e-implementacion-de-secuencias-didacticas-y-registro-de-practicas-formativas-con-tic-lengua-y-literatura\/"},"modified":"2011-05-19T00:00:00","modified_gmt":"2011-05-19T00:00:00","slug":"diseno-e-implementacion-de-secuencias-didacticas-y-registro-de-practicas-formativas-con-tic-lengua-y-literatura","status":"publish","type":"post","link":"https:\/\/superior-infd.mendoza.edu.ar\/sitio\/diseno-e-implementacion-de-secuencias-didacticas-y-registro-de-practicas-formativas-con-tic-lengua-y-literatura\/","title":{"rendered":"Dise\u00f1o e implementaci\u00f3n de Secuencias Did\u00e1cticas y Registro de pr\u00e1cticas formativas con TIC. Lengua y Literatura"},"content":{"rendered":"<p class=\"sitio_noticia_volanta\" >\n<h3>Dise\u00f1o e implementaci\u00f3n de Secuencias Did\u00e1cticas y Registro de pr\u00e1cticas formativas con TIC. Lengua y Literatura<\/h3>\n<p class=\"sitio_noticia_copete\" >\n<hr class=\"sitio_noticia_contenido\" \/>\n<p >\n<p class=\"Volantas\">&iquest;Ser&aacute;,  efectivamente, la &uacute;nica forma posible de abordar la ense&ntilde;anza  en esta  &eacute;poca de profundos cambios culturales? &iquest;O es posible imaginar  otras  alternativas que contemplen el uso de las nuevas tecnolog&iacute;as en  el aula?  &iquest;Puede Internet proveer recursos que despierten el inter&eacute;s de  los  alumnos por el conocimiento sin volver banales las propuestas  did&aacute;cticas  en las que se enmarca?<\/p>\n<p><span style=\"font-size: 10pt;\">Sabemos  que los nuevos  escenarios instalan al mismo tiempo preocupaciones y  desaf&iacute;os en los  docentes. Nos preguntamos por los efectos educativos y  el potencial  pedag&oacute;gico de los medios y recursos tecnol&oacute;gicos que pueden  ser usados  en los contextos escolares. Y tambi&eacute;n por las formas  adecuadas de  trabajar en el aula con los contenidos propios de nuestra  disciplina,  con ayuda de las Tic.<\/span><\/p>\n<p><span style=\"font-size: 10pt;\">Este  seminario constituye una invitaci&oacute;n a  participar en un proyecto de  trabajo dial&oacute;gico y cooperativo para  intentar dar respuesta a algunas de  esas preguntas y a construir una  secuencia did&aacute;ctica que incorpore,  como herramienta potente, el uso de  las Tic en el aula de la formaci&oacute;n  de profesores de Lengua y Literatura  que ir&aacute;n a trabajar a escuelas con  alumnos provistos de netbooks.<\/span><\/p>\n<p><strong>Metas<\/strong><\/p>\n<p>Nos proponemos que cada equipo inscripto en el Seminario:<\/p>\n<ul>\n<li>dise&ntilde;e   una secuencia did&aacute;ctica para trabajar      con sus estudiantes,  futuros  profesores de Lengua y literatura en la      escuela  secundaria, a lo  largo de aproximadamente cuatro clases, sobre el       tema que hemos  seleccionado,<\/li>\n<li>fundamente su dise&ntilde;o sobre la base de algunas pautas      que tenemos establecidas,<\/li>\n<li>documente la experiencia de desarrollo de la secuencia      did&aacute;ctica mediante video grabaci&oacute;n y\/o registro escrito.<\/li>\n<\/ul>\n<p><strong>Cantidad de encuentros y duraci&oacute;n<\/strong><\/p>\n<p>&nbsp;<\/p>\n<p>El Seminario se desarrollar&aacute; en&nbsp;<strong>ocho encuentros virtuales<\/strong>, a raz&oacute;n de uno por semana, a lo largo de dos meses.  El encuentro semanal plantear&aacute; una serie de tareas que demandar&aacute;n <strong>respuestas, discusiones, aportes y entregas en forma semanal<\/strong>.   Desde luego que el acceso a cada uno de estos encuentros, tal como   posibilita la virtualidad, podr&aacute; hacerse en el momento y horario que   cada uno disponga.<\/p>\n<p><strong>Destinatarios y conformaci&oacute;n de equipos<\/strong><\/p>\n<p>Podr&aacute;n   inscribirse en el Seminario profesores de Institutos de Nivel Superior   que formen Profesores de Lengua y Literatura para el Nivel Medio.<\/p>\n<p>Deber&aacute;n&nbsp;<strong>necesariamente inscribirse en equipos de tres docentes de la misma Instituci&oacute;n<\/strong>&nbsp;y   la conformaci&oacute;n de los equipos debe contemplar al menos un profesor  que  ense&ntilde;e alguna materia relacionada con la  Did&aacute;ctica de la lengua y  la  literatura. Ser&iacute;a deseable que al menos un profesor de los tres que   tenga dominio&nbsp;<strong>b&aacute;sico<\/strong>&nbsp;de Tic.<\/p>\n<p>Estos requisitos ser&aacute;n fundamentales para lograr la meta que nos proponemos alcanzar en el Seminario y por lo tanto&nbsp;<strong>no se admitir&aacute;n postulaciones que no cumplan lo requerido<\/strong>.<\/p>\n<p>&nbsp;<\/p>\n<p><strong>Responsables del Seminario<\/strong>:<\/p>\n<p>Mg. Marta Negrin y Dra. Valeria Sardi<\/p>\n<p><strong>Esperamos   a quienes, habiendo evaluado sus posibilidades  reales de  participaci&oacute;n  y compromiso, est&eacute;n dispuestos a navegar hacia  otros  puertos.<\/strong><\/p>\n<p><\/p>\n<p><strong>Inicio: 1 de junio<\/strong><\/p>\n<ul>\n<li> <strong>Inscripci&oacute;n <\/strong><a rel=\"nofollow\" href=\"http:\/\/red.infd.edu.ar\/formacion_form.php?id=18\" target=\"_blank\">http:\/\/red.infd.edu.ar\/formacion_form.php?id=18<\/a><\/li>\n<\/ul>\n<p>Descargar la informaci&oacute;n completa<\/p>\n<p><a rel=\"nofollow\" href=\"http:\/\/conectarigualdad.infd.edu.ar\/sitio\/upload\/Presentacion_del_seminario_Lengua_y_Literatura.pdf\" target=\"_blank\">http:\/\/conectarigualdad.infd.edu.ar\/sitio\/upload\/Presentacion_del_seminario_Lengua_y_Literatura.pdf<\/a><\/p>\n<div class=\"photo photo_none\">\n<div class=\"photo_img\"><img decoding=\"async\" class=\"img\" src=\"https:\/\/fbcdn-sphotos-a.akamaihd.net\/hphotos-ak-snc6\/229413_211170128917001_103708729663142_671288_229687_n.jpg\" border=\"0\"><\/div>\n<\/div><\/p>\n","protected":false},"excerpt":{"rendered":"<p>Dise\u00f1o e implementaci\u00f3n de Secuencias Did\u00e1cticas y Registro de pr\u00e1cticas formativas con TIC. Lengua y Literatura &iquest;Ser&aacute;, efectivamente, la &uacute;nica forma posible de abordar la ense&ntilde;anza en esta &eacute;poca de profundos cambios culturales? &iquest;O es posible imaginar otras alternativas que contemplen el uso de las nuevas tecnolog&iacute;as en el aula? &iquest;Puede Internet proveer recursos que &#8230; <a title=\"Dise\u00f1o e implementaci\u00f3n de Secuencias Did\u00e1cticas y Registro de pr\u00e1cticas formativas con TIC. Lengua y Literatura\" class=\"read-more\" href=\"https:\/\/superior-infd.mendoza.edu.ar\/sitio\/diseno-e-implementacion-de-secuencias-didacticas-y-registro-de-practicas-formativas-con-tic-lengua-y-literatura\/\" aria-label=\"More on Dise\u00f1o e implementaci\u00f3n de Secuencias Did\u00e1cticas y Registro de pr\u00e1cticas formativas con TIC. Lengua y Literatura\">[+]<\/a><\/p>\n","protected":false},"author":1090,"featured_media":0,"comment_status":"open","ping_status":"open","sticky":false,"template":"","format":"standard","meta":[],"categories":[9,6],"tags":[],"acf":[],"_links":{"self":[{"href":"https:\/\/superior-infd.mendoza.edu.ar\/sitio\/wp-json\/wp\/v2\/posts\/10352"}],"collection":[{"href":"https:\/\/superior-infd.mendoza.edu.ar\/sitio\/wp-json\/wp\/v2\/posts"}],"about":[{"href":"https:\/\/superior-infd.mendoza.edu.ar\/sitio\/wp-json\/wp\/v2\/types\/post"}],"author":[{"embeddable":true,"href":"https:\/\/superior-infd.mendoza.edu.ar\/sitio\/wp-json\/wp\/v2\/users\/1090"}],"replies":[{"embeddable":true,"href":"https:\/\/superior-infd.mendoza.edu.ar\/sitio\/wp-json\/wp\/v2\/comments?post=10352"}],"version-history":[{"count":0,"href":"https:\/\/superior-infd.mendoza.edu.ar\/sitio\/wp-json\/wp\/v2\/posts\/10352\/revisions"}],"wp:attachment":[{"href":"https:\/\/superior-infd.mendoza.edu.ar\/sitio\/wp-json\/wp\/v2\/media?parent=10352"}],"wp:term":[{"taxonomy":"category","embeddable":true,"href":"https:\/\/superior-infd.mendoza.edu.ar\/sitio\/wp-json\/wp\/v2\/categories?post=10352"},{"taxonomy":"post_tag","embeddable":true,"href":"https:\/\/superior-infd.mendoza.edu.ar\/sitio\/wp-json\/wp\/v2\/tags?post=10352"}],"curies":[{"name":"wp","href":"https:\/\/api.w.org\/{rel}","templated":true}]}}