{"id":10350,"date":"2011-05-19T00:00:00","date_gmt":"2011-05-19T00:00:00","guid":{"rendered":"https:\/\/des-mza.infd.edu.ar\/sitio\/celebracion-de-los-120-anos-de-las-hermanas-mercedarias-del-nino-jesus-en-mendoza\/"},"modified":"2011-05-19T00:00:00","modified_gmt":"2011-05-19T00:00:00","slug":"celebracion-de-los-120-anos-de-las-hermanas-mercedarias-del-nino-jesus-en-mendoza","status":"publish","type":"post","link":"https:\/\/superior-infd.mendoza.edu.ar\/sitio\/celebracion-de-los-120-anos-de-las-hermanas-mercedarias-del-nino-jesus-en-mendoza\/","title":{"rendered":"Celebraci\u00f3n de los 120 a\u00f1os de las Hermanas Mercedarias del Ni\u00f1o Jesus en Mendoza"},"content":{"rendered":"<p class=\"sitio_noticia_volanta\" >\n<h3>Celebraci\u00f3n de los 120 a\u00f1os de las Hermanas Mercedarias del Ni\u00f1o Jesus en Mendoza<\/h3>\n<p class=\"sitio_noticia_copete\" >\n<hr class=\"sitio_noticia_contenido\" \/>\n<p >\n<p><span style=\"font-size: 10pt; font-family: verdana,geneva;\">El dia 10 de mayo se realiz&oacute; en el Instituto San Pedro Nolasco el acto de cambio de abanderados y la Celebraci&oacute;n de los 120 a&ntilde;os de las Hermanas Mercedarias del Ni&ntilde;o Jesus en Mendoza. <\/span><\/p>\n<p><span style=\"font-size: 10pt; font-family: verdana,geneva;\">El acto cont&oacute; con la participaci&oacute;n de autoridades del gobierno y Rectores de Universidades e Institutos del medio. <\/span><\/p>\n<p><span style=\"font-size: 10pt; font-family: verdana,geneva;\">Se realiz&oacute; un vino de honor una vez finalizada la celebraci&oacute;n.Agradecemos la participaci&oacute;n de la comunidad religiosa y educativa del Instituto San Pedro Nolasco.<\/span><\/p>\n<p><span style=\"font-size: 10pt; font-family: verdana,geneva;\"> <\/span><br \/>\n<object style=\"display: block; margin-left: auto; margin-right: auto;\" width=\"400\" height=\"267\" data=\"https:\/\/picasaweb.google.com\/s\/c\/bin\/slideshow.swf\" type=\"application\/x-shockwave-flash\"><param name=\"data\" value=\"https:\/\/picasaweb.google.com\/s\/c\/bin\/slideshow.swf\"><param name=\"flashvars\" value=\"host=picasaweb.google.com&amp;hl=es&amp;feat=flashalbum&amp;RGB=0x000000&amp;feed=https%3A%2F%2Fpicasaweb.google.com%2Fdata%2Ffeed%2Fapi%2Fuser%2Fgomez.carolina%2Falbumid%2F5608565547242350417%3Falt%3Drss%26kind%3Dphoto%26authkey%3DGv1sRgCLOx09u9msTpJQ%26hl%3Des\"><param name=\"src\" value=\"https:\/\/picasaweb.google.com\/s\/c\/bin\/slideshow.swf\"><\/object>\n<\/p><\/p>\n","protected":false},"excerpt":{"rendered":"<p>Celebraci\u00f3n de los 120 a\u00f1os de las Hermanas Mercedarias del Ni\u00f1o Jesus en Mendoza El dia 10 de mayo se realiz&oacute; en el Instituto San Pedro Nolasco el acto de cambio de abanderados y la Celebraci&oacute;n de los 120 a&ntilde;os de las Hermanas Mercedarias del Ni&ntilde;o Jesus en Mendoza. El acto cont&oacute; con la participaci&oacute;n &#8230; <a title=\"Celebraci\u00f3n de los 120 a\u00f1os de las Hermanas Mercedarias del Ni\u00f1o Jesus en Mendoza\" class=\"read-more\" href=\"https:\/\/superior-infd.mendoza.edu.ar\/sitio\/celebracion-de-los-120-anos-de-las-hermanas-mercedarias-del-nino-jesus-en-mendoza\/\" aria-label=\"More on Celebraci\u00f3n de los 120 a\u00f1os de las Hermanas Mercedarias del Ni\u00f1o Jesus en Mendoza\">[+]<\/a><\/p>\n","protected":false},"author":1090,"featured_media":0,"comment_status":"open","ping_status":"open","sticky":false,"template":"","format":"standard","meta":[],"categories":[6,10],"tags":[],"acf":[],"_links":{"self":[{"href":"https:\/\/superior-infd.mendoza.edu.ar\/sitio\/wp-json\/wp\/v2\/posts\/10350"}],"collection":[{"href":"https:\/\/superior-infd.mendoza.edu.ar\/sitio\/wp-json\/wp\/v2\/posts"}],"about":[{"href":"https:\/\/superior-infd.mendoza.edu.ar\/sitio\/wp-json\/wp\/v2\/types\/post"}],"author":[{"embeddable":true,"href":"https:\/\/superior-infd.mendoza.edu.ar\/sitio\/wp-json\/wp\/v2\/users\/1090"}],"replies":[{"embeddable":true,"href":"https:\/\/superior-infd.mendoza.edu.ar\/sitio\/wp-json\/wp\/v2\/comments?post=10350"}],"version-history":[{"count":0,"href":"https:\/\/superior-infd.mendoza.edu.ar\/sitio\/wp-json\/wp\/v2\/posts\/10350\/revisions"}],"wp:attachment":[{"href":"https:\/\/superior-infd.mendoza.edu.ar\/sitio\/wp-json\/wp\/v2\/media?parent=10350"}],"wp:term":[{"taxonomy":"category","embeddable":true,"href":"https:\/\/superior-infd.mendoza.edu.ar\/sitio\/wp-json\/wp\/v2\/categories?post=10350"},{"taxonomy":"post_tag","embeddable":true,"href":"https:\/\/superior-infd.mendoza.edu.ar\/sitio\/wp-json\/wp\/v2\/tags?post=10350"}],"curies":[{"name":"wp","href":"https:\/\/api.w.org\/{rel}","templated":true}]}}